{"id":130478,"date":"2025-09-21T22:21:08","date_gmt":"2025-09-21T22:21:08","guid":{"rendered":"https:\/\/www.europesays.com\/es\/130478\/"},"modified":"2025-09-21T22:21:08","modified_gmt":"2025-09-21T22:21:08","slug":"montana-rusa-de-la-prima-de-bbva-para-accionistas-del-sabadell","status":"publish","type":"post","link":"https:\/\/www.europesays.com\/es\/130478\/","title":{"rendered":"Monta\u00f1a rusa de la prima de BBVA para accionistas del Sabadell"},"content":{"rendered":"<p>Todos los ojos est\u00e1n puestos en los \u00faltimos d\u00edas en los movimientos al alza o a la baja de <a href=\"https:\/\/www.elindependiente.com\/economia\/2025\/09\/17\/prima-opa-bbva-sabadell-acciones\/\" target=\"_blank\" rel=\"noreferrer noopener nofollow\">la prima<\/a> que recibir\u00edan los accionistas de <strong>Sabadell <\/strong>que acudan a la opa de <strong>BBVA<\/strong>. En las \u00faltimas semanas, el diferencial se hab\u00eda ido acercando poco a poco desde el terreno negativo hacia el valor de mercado. Pero tras el alza del banco catal\u00e1n en la sesi\u00f3n burs\u00e1til del viernes (3,339 euros por acci\u00f3n), el porcentaje qued\u00f3 en el -7,6%. <\/p>\n<p>El banco vasco ofrece a los accionistas de la entidad vallesana una acci\u00f3n de nueva emisi\u00f3n y 0,70 c\u00e9ntimos en efectivo por cada 5,5483 acciones de Banco Sabadell. A lo largo de la semana hab\u00eda llegado a marcar niveles pr\u00f3ximos al -5%, lo que implica m\u00ednimos en muchos meses. La subida del BBVA en el parqu\u00e9 fue de solo un 1,17%, hasta los 16,41 euros. <\/p>\n<p>La subida del Sabadell en bolsa coincidi\u00f3 con el desayuno informativo que ofrecieron en Madrid tanto el presidente <strong>Josep Oliu <\/strong>como el consejero delegado, <strong>C\u00e9sar Gonz\u00e1lez-Bueno<\/strong>. Los directivos defendieron que ning\u00fan accionista minoritario hab\u00eda acudido todav\u00eda a la opa. En el BBVA entienden que existe la posibilidad de que muchos de ellos no se decidan hasta que el plazo est\u00e9 a punto de agotarse. <\/p>\n<p>            <a class=\"articulo-relacionado__media\" href=\"https:\/\/www.elindependiente.com\/economia\/2025\/09\/10\/torres-bbva-opa-sabadell-accion-precio\/\" title=\"Torres agita el fantasma de la ca\u00edda del precio de Sabadell si fracasa la opa para atraer a sus accionistas\" rel=\"nofollow noopener\" target=\"_blank\"><\/p>\n<p>                <img loading=\"lazy\" decoding=\"async\" src=\"data:image\/svg+xml,%3Csvg%20xmlns=\" http:=\"\" width=\"390\" height=\"220\" alt=\"Torres agita el fantasma de la ca\u00edda del precio de Sabadell si fracasa la opa para atraer a sus accionistas\" data-lazy-src=\"https:\/\/www.europesays.com\/es\/wp-content\/uploads\/2025\/09\/europapress-5827648-presidente-bbva-carlos-torres-vila-ofrece-declaraciones-medios-comunicacion-scal.jpeg\"\/><\/p>\n<p>\t\t\t            <\/a><\/p>\n<p>Aunque los directivos de la entidad vasca aseguran que no tocar\u00e1n al alza el precio, el mercado descuenta una mejora de la oferta para lograr hacerse con m\u00e1s del 50% del capital social del Sabadell, una de las condiciones autoimpuestas para que prospere la operaci\u00f3n. Eso s\u00ed, la entidad que preside <strong>Carlos Torres <\/strong>tiene tiempo a\u00fan para anunciar esa eventual mejora. O incluso podr\u00eda pedir una pr\u00f3rroga que extienda a\u00fan m\u00e1s la operaci\u00f3n que trascendi\u00f3 en mayo de 2024. <\/p>\n<p>Por aquel entonces, la prima sobre el valor del Sabadell antes de que se filtrasen las conversaciones para la opa era de casi un 40%. A medida que pas\u00f3 el tiempo, la mejora en bolsa del banco catal\u00e1n han ido haciendo que ese margen se estrechase hasta terminar desde el pasado mes de enero en terreno negativo. La esperanza en la sede de La Vela es que a medida que pasen los d\u00edas, la curva vaya acerc\u00e1ndose al terreno neutro. <\/p>\n<p>En el Sabadell cargan contra la estrategia de BBVA, cuya opa tachan de hostil. \u00abEs l\u00edcito esperar al \u00faltimo momento para subir el precio en una opa hostil. Lo cuestionable es asegurar que no lo vas a hacer\u00bb, sostuvo este viernes Gonz\u00e1lez-Bueno en su intervenci\u00f3n en Madrid. \u00abLo que est\u00e1 es creando confusi\u00f3n. Una cosa es que te dejes abierta la opci\u00f3n y otra que te la cierres de forma radical\u00bb, remat\u00f3.<\/p>\n<p>            <a class=\"articulo-relacionado__media\" href=\"https:\/\/www.elindependiente.com\/economia\/2025\/09\/06\/bbva-plantilla-sabadell\/\" title=\"BBVA se guarda las cifras del ajuste de plantilla pero avisa de que no afectar\u00e1 solo al Sabadell\" rel=\"nofollow noopener\" target=\"_blank\"><\/p>\n<p>                <img loading=\"lazy\" decoding=\"async\" src=\"data:image\/svg+xml,%3Csvg%20xmlns=\" http:=\"\" width=\"390\" height=\"220\" alt=\"BBVA se guarda las cifras del ajuste de plantilla pero avisa de que no afectar\u00e1 solo al Sabadell\" data-lazy-src=\"https:\/\/www.europesays.com\/es\/wp-content\/uploads\/2025\/09\/europapress-6487189-presidente-bbva-carlos-torres-vila-rueda-prensa-auditorio-ciudad-bbva-30-390x220.jpeg\"\/><\/p>\n<p>\t\t\t            <\/a><\/p>\n<p>PUBLICIDAD<\/p>\n","protected":false},"excerpt":{"rendered":"Todos los ojos est\u00e1n puestos en los \u00faltimos d\u00edas en los movimientos al alza o a la baja&hellip;\n","protected":false},"author":2,"featured_media":130479,"comment_status":"","ping_status":"","sticky":false,"template":"","format":"standard","meta":{"footnotes":""},"categories":[80],"tags":[5219,3287,3285,82,95,94,25,24,23],"class_list":{"0":"post-130478","1":"post","2":"type-post","3":"status-publish","4":"format-standard","5":"has-post-thumbnail","7":"category-economia","8":"tag-banca","9":"tag-banco-sabadell","10":"tag-bbva","11":"tag-business","12":"tag-economia","13":"tag-economy","14":"tag-es","15":"tag-espana","16":"tag-spain"},"share_on_mastodon":{"url":"","error":""},"_links":{"self":[{"href":"https:\/\/www.europesays.com\/es\/wp-json\/wp\/v2\/posts\/130478","targetHints":{"allow":["GET"]}}],"collection":[{"href":"https:\/\/www.europesays.com\/es\/wp-json\/wp\/v2\/posts"}],"about":[{"href":"https:\/\/www.europesays.com\/es\/wp-json\/wp\/v2\/types\/post"}],"author":[{"embeddable":true,"href":"https:\/\/www.europesays.com\/es\/wp-json\/wp\/v2\/users\/2"}],"replies":[{"embeddable":true,"href":"https:\/\/www.europesays.com\/es\/wp-json\/wp\/v2\/comments?post=130478"}],"version-history":[{"count":0,"href":"https:\/\/www.europesays.com\/es\/wp-json\/wp\/v2\/posts\/130478\/revisions"}],"wp:featuredmedia":[{"embeddable":true,"href":"https:\/\/www.europesays.com\/es\/wp-json\/wp\/v2\/media\/130479"}],"wp:attachment":[{"href":"https:\/\/www.europesays.com\/es\/wp-json\/wp\/v2\/media?parent=130478"}],"wp:term":[{"taxonomy":"category","embeddable":true,"href":"https:\/\/www.europesays.com\/es\/wp-json\/wp\/v2\/categories?post=130478"},{"taxonomy":"post_tag","embeddable":true,"href":"https:\/\/www.europesays.com\/es\/wp-json\/wp\/v2\/tags?post=130478"}],"curies":[{"name":"wp","href":"https:\/\/api.w.org\/{rel}","templated":true}]}}