{"id":130490,"date":"2025-09-21T22:28:14","date_gmt":"2025-09-21T22:28:14","guid":{"rendered":"https:\/\/www.europesays.com\/es\/130490\/"},"modified":"2025-09-21T22:28:14","modified_gmt":"2025-09-21T22:28:14","slug":"algo-pasara-en-nueva-york-y-dardo-a-bryson","status":"publish","type":"post","link":"https:\/\/www.europesays.com\/es\/130490\/","title":{"rendered":"\u201cAlgo pasar\u00e1 en Nueva York\u201d y dardo a Bryson"},"content":{"rendered":"<p>\t\t\t\t\tEl norirland\u00e9s anticipa tensi\u00f3n en Bethpage y responde con iron\u00eda a DeChambeau, qui\u00e9n prometi\u00f3 provocarle durante la pr\u00f3xima Ryder Cup<br \/>\n<img fetchpriority=\"high\" decoding=\"async\" class=\"wp-image-318870 size-full\" src=\"https:\/\/www.europesays.com\/es\/wp-content\/uploads\/2025\/09\/LIV-DPWT-PGA-Tour-Ryder-Cup-23-j2-Foursomes-Marco-Simone-Rory-McIlroy-1.jpg\" alt=\"Rory McIlroy, Ryder Cup, Ryder Cup 2025, Bethpage, Bryson DeChambeau, Declaraciones Rory McIlroy, \" width=\"650\" height=\"433\"  \/>McIlroy asegur\u00f3 que la intensidad del ambiente en EE.UU. ser\u00e1 un factor determinante<\/p>\n<p style=\"text-align: justify;\"><strong>Rory McIlroy<\/strong> vuelve a poner la <strong>Ryder Cup<\/strong> en el centro de la atenci\u00f3n con unas declaraciones que elevan la expectaci\u00f3n de cara al duelo entre <strong>Europa<\/strong> y <strong>Estados Unidos<\/strong> en <strong>Bethpage<\/strong> (<strong>Nueva York<\/strong>). El norirland\u00e9s, ganador del <strong>Masters 2025<\/strong> y convertido ya en el sexto hombre de la historia en completar el <strong>Grand Slam<\/strong>, asegur\u00f3 que la intensidad del ambiente en EE.UU. ser\u00e1 un factor determinante.<\/p>\n<p style=\"text-align: justify;\">\u201cCreo que es inevitable que pase algo en Nueva York\u201d; sentenci\u00f3 McIlroy en una entrevista concedida a <strong>The Guardian<\/strong>, en referencia a la <strong>presi\u00f3n<\/strong>, la <strong>hostilidad<\/strong> y la <strong>pasi\u00f3n<\/strong> con la que la grada estadounidense empuja a su equipo. \u201cPuede que no me involucre directamente, pero inevitablemente ocurrir\u00e1 algo. Estaremos cinco o seis d\u00edas all\u00ed, con el p\u00fablico encima durante ocho horas seguidas\u2026 eso acaba afectando a alguien, o incluso a todos como grupo. Tendremos que estar muy unidos y protegernos mutuamente\u201d.<\/p>\n<p style=\"text-align: justify;\">El recuerdo de su enfrentamiento con el caddie <strong>Joe LaCava<\/strong> en <strong>Roma 2023<\/strong> con el que casi llega a las manos sigue vivo; y McIlroy no reh\u00faye la idea de que la Ryder Cup en Nueva York pueda desencadenar episodios similares de tensi\u00f3n.<\/p>\n<p style=\"text-align: justify;\">A este clima se suma <strong>Bryson DeChambeau<\/strong>; que recientemente asegur\u00f3 que piensa \u201csusurrarle al o\u00eddo\u201d a McIlroy durante los partidos en Bethpage. La respuesta del norirland\u00e9s no se hizo esperar y fue tan contundente como ir\u00f3nica. \u201cCreo que la \u00fanica manera que tiene de llamar la atenci\u00f3n es mencionando a otros. Eso es b\u00e1sicamente lo que pienso. Para que le hagan caso, hablar\u00e1 de m\u00ed, de Scottie [Scheffler] o de otros\u201d.<\/p>\n<p style=\"text-align: justify;\">Con estas declaraciones, McIlroy no solo alimenta la narrativa de una Ryder Cup que promete ser <strong>hist\u00f3rica<\/strong>; sino que reafirma su papel como l\u00edder indiscutible del equipo europeo. La cita de Bethpage, marcada ya por la rivalidad y el ruido del p\u00fablico local; se perfila como un nuevo cap\u00edtulo de m\u00e1xima intensidad en la historia del golf.<\/p>\n<p style=\"text-align: justify;\"><strong>Puede seguir a OpenGolf en <\/strong><a style=\"color: #008000;\" href=\"https:\/\/www.facebook.com\/opengolfes.es\/\" rel=\"nofollow noopener\" target=\"_blank\"><strong>Facebook<\/strong><\/a><strong>; <\/strong><a style=\"color: #008000;\" href=\"https:\/\/twitter.com\/opengolf_news\" rel=\"nofollow noopener\" target=\"_blank\"><strong>Twitter<\/strong><\/a><strong>; <\/strong><a style=\"color: #008000;\" href=\"https:\/\/www.linkedin.com\/in\/fernando-molina-b1455a14\/\" rel=\"nofollow noopener\" target=\"_blank\"><strong>LinkedIn<\/strong><\/a><strong> y suscribi\u00e9ndose a trav\u00e9s de este enlace a nuestra <\/strong><a style=\"color: #008000;\" href=\"https:\/\/opengolf.es\/newsletters.php\" rel=\"nofollow noopener\" target=\"_blank\"><strong>Newsletter Semanal<\/strong><\/a><\/p>\n<p>\t\t\t\t<script async src=\"https:\/\/platform.twitter.com\/widgets.js\" charset=\"utf-8\"><\/script><\/p>\n","protected":false},"excerpt":{"rendered":"El norirland\u00e9s anticipa tensi\u00f3n en Bethpage y responde con iron\u00eda a DeChambeau, qui\u00e9n prometi\u00f3 provocarle durante la pr\u00f3xima&hellip;\n","protected":false},"author":2,"featured_media":130491,"comment_status":"","ping_status":"","sticky":false,"template":"","format":"standard","meta":{"footnotes":""},"categories":[275],"tags":[27917,15916,33963,168,25,24,329,606,2624,24164,23,167],"class_list":{"0":"post-130490","1":"post","2":"type-post","3":"status-publish","4":"format-standard","5":"has-post-thumbnail","7":"category-golf","8":"tag-bethpage","9":"tag-bryson-dechambeau","10":"tag-declaraciones-rory-mcilroy","11":"tag-deportes","12":"tag-es","13":"tag-espana","14":"tag-golf","15":"tag-rory-mcilroy","16":"tag-ryder-cup","17":"tag-ryder-cup-2025","18":"tag-spain","19":"tag-sports"},"share_on_mastodon":{"url":"","error":""},"_links":{"self":[{"href":"https:\/\/www.europesays.com\/es\/wp-json\/wp\/v2\/posts\/130490","targetHints":{"allow":["GET"]}}],"collection":[{"href":"https:\/\/www.europesays.com\/es\/wp-json\/wp\/v2\/posts"}],"about":[{"href":"https:\/\/www.europesays.com\/es\/wp-json\/wp\/v2\/types\/post"}],"author":[{"embeddable":true,"href":"https:\/\/www.europesays.com\/es\/wp-json\/wp\/v2\/users\/2"}],"replies":[{"embeddable":true,"href":"https:\/\/www.europesays.com\/es\/wp-json\/wp\/v2\/comments?post=130490"}],"version-history":[{"count":0,"href":"https:\/\/www.europesays.com\/es\/wp-json\/wp\/v2\/posts\/130490\/revisions"}],"wp:featuredmedia":[{"embeddable":true,"href":"https:\/\/www.europesays.com\/es\/wp-json\/wp\/v2\/media\/130491"}],"wp:attachment":[{"href":"https:\/\/www.europesays.com\/es\/wp-json\/wp\/v2\/media?parent=130490"}],"wp:term":[{"taxonomy":"category","embeddable":true,"href":"https:\/\/www.europesays.com\/es\/wp-json\/wp\/v2\/categories?post=130490"},{"taxonomy":"post_tag","embeddable":true,"href":"https:\/\/www.europesays.com\/es\/wp-json\/wp\/v2\/tags?post=130490"}],"curies":[{"name":"wp","href":"https:\/\/api.w.org\/{rel}","templated":true}]}}