{"id":130492,"date":"2025-09-21T22:29:07","date_gmt":"2025-09-21T22:29:07","guid":{"rendered":"https:\/\/www.europesays.com\/es\/130492\/"},"modified":"2025-09-21T22:29:07","modified_gmt":"2025-09-21T22:29:07","slug":"el-tenis-canario-conquista-en-telde-dos-titulos-y-un-subcampeonato","status":"publish","type":"post","link":"https:\/\/www.europesays.com\/es\/130492\/","title":{"rendered":"El tenis canario conquista en Telde dos t\u00edtulos y un subcampeonato"},"content":{"rendered":"<p style=\"text-align:justify;\">\u00a0El Rafa Nadal Tour By Santander 2025 cerr\u00f3 el tel\u00f3n con el hito hist\u00f3rico que supone que dos tenistas canarios hayan subido a lo m\u00e1s alto del podio en la jornada definitiva.<\/p>\n<p style=\"text-align:justify;\">\u00a0<\/p>\n<p style=\"text-align:justify;\">El grancanario\u00a0<strong>Jos\u00e9 Luis Vega Ponce<\/strong>, en la categor\u00eda sub 14, y el tinerfe\u00f1o\u00a0<strong>Marc Toral<\/strong>, en la sub 16, se proclamaron campeones, mientras que la grancanaria<strong>\u00a0Marina Ruiz\u00a0<\/strong>conquist\u00f3 el subcampeonato en la categor\u00eda sub 12.<\/p>\n<p style=\"text-align:justify;\">\u00a0<\/p>\n<p style=\"text-align:justify;\"><strong>Vega\u00a0<\/strong><strong>Ponce<\/strong>\u00a0derrot\u00f3 en la final por un doble 7-5 a\u00a0<strong>Pau Lozano\u00a0<\/strong>en un partido equilibrado en el que sac\u00f3 a relucir su mejor tenis en los momentos m\u00e1s delicados de cada set:\u201cFue un partido muy duro en el que tuve que remontar en ambos sets\u00a0para acabar logrando\u00a0una\u00a0victoria\u00a0que me hace muy feliz\u201d,\u00a0explic\u00f3.<\/p>\n<p style=\"text-align:justify;\">\u00a0<\/p>\n<p style=\"text-align:justify;\">El jugador del\u00a0<strong>Tennis Academy El Cortijo<\/strong>, que ha logrado la clasificaci\u00f3n para el M\u00e1ster de noviembre, apunt\u00f3, a modo de claves, \u201cla concentraci\u00f3n\u00a0que he mostrado durante todo el torneo para hacerme\u00a0con el t\u00edtulo\u201d.<\/p>\n<p style=\"text-align:justify;\">\u00a0<\/p>\n<p style=\"text-align:justify;\">Por su parte, el tenista tinerfe\u00f1o\u00a0<strong>Marc Toral<\/strong>, de la Escuela Sergio Toral, se\u00a0impuso, al\u00a0n\u00famero 2,\u00a0<strong>\u00c1lvaro\u00a0<\/strong><strong>L<\/strong><strong>ago<\/strong>, en otra demostraci\u00f3n de solidez, coraje y talento (7-5 y 7-5): \u201cEstoy muy feliz por ganar\u00a0un torneo de tanta relevancia. He tenido que\u00a0darle la vuelta a los partidos en muchos momentos, pero sab\u00eda que\u00a0lo\u00a0pod\u00eda hacer\u00a0y, finalmente, lo he conseguido\u201d.<\/p>\n<p style=\"text-align:justify;\">\u00a0<\/p>\n<p style=\"text-align:justify;\">La jugadora del Tennis Academy El Cortijo,\u00a0<strong>Marina Ruiz<\/strong>, acarici\u00f3 el t\u00edtulo, durante muchas fases de la final, pero acab\u00f3 certificando un subcampeonato que le sirve para disputar, del 6 al 9 de noviembre en Manacor, el M\u00e1ster en la Academia Rafa Nadal: Estoy contenta y orgullosa de mi paso por el campeonato. He tenido muchas ocasiones para ganar, pero\u00a0me marcho\u00a0satisfecha con mi juego y pensando en lo pr\u00f3ximo: el M\u00e1ster en unos meses\u201d.<\/p>\n<p style=\"text-align:justify;\">\u00a0<\/p>\n<p style=\"text-align:justify;\">La joven grancanaria fue derrotada por\u00a0<strong>Paula Cuevas<\/strong>\u00a0en tres apasionantes mangas (5-7; 6-1 y 6-7) con 10 a 5 en el s\u00faper tie-break.<\/p>\n<p style=\"text-align:justify;\">\u00a0<\/p>\n<p style=\"text-align:justify;\">El resto de finales dej\u00f3 la victoria de\u00a0<strong>Sergi Hoyas<\/strong>\u00a0ante\u00a0<strong>Izan Jim\u00e9nez\u00a0<\/strong>en dos parciales (6-1 y 7-6), en sub 12, el triunfo de\u00a0<strong>Caterina L\u00f3pez<\/strong>\u00a0ante\u00a0<strong>Paula Jim\u00e9nez<\/strong>\u00a0(6-2; 5-7 y 6-1), en sub 14, y el de\u00a0<strong>Paula Navarro<\/strong>\u00a0ante\u00a0<strong>Luisa\u00a0<\/strong><strong>Mar\u00eda<\/strong><strong>\u00a0Oprescu<\/strong>\u00a0en sub 16 (4-6; 6-1 y 6-2).<\/p>\n<p style=\"text-align:justify;\">\u00a0<\/p>\n<p style=\"text-align:justify;\">Para la directora del Rafa Nadal Tour By Santander en Gran Canaria,\u00a0<strong>Carlota Molina<\/strong>, el torneo ha dejado inmejorables sensaciones: \u201cHa salido todo muy bien, organizativamente hablando y en lo puramente competitivo, y estamos orgullosos y emocionados con el trabajo y el esfuerzo de los canarios, en esta final y durante toda la competici\u00f3n\u201d<\/p>\n<p style=\"text-align:justify;\">\u00a0<\/p>\n<p style=\"text-align:justify;\">El director del circuito nacional del Rafa Nadal Tour,\u00a0<strong>JF Fern\u00e1ndez<\/strong>, expres\u00f3 su satisfacci\u00f3n \u201cpor una semana de mucho trabajo y de un gran nivel de tenis. Que haya dos campeones de la tierra habla muy bien del momento dulce que el tenis canario est\u00e1 atravesando\u201d.<\/p>\n<p style=\"text-align:justify;\">\u00a0<\/p>\n<p style=\"text-align:justify;\">Por su lado,\u00a0<strong>Leticia L\u00f3pez<\/strong>, gerente del Instituto Insular de Deportes del Cabildo de Gran Canaria, resalt\u00f3 \u201cel af\u00e1n de superaci\u00f3n y la gran respuesta que han ofrecido los j\u00f3venes tenistas durante toda la semana para sobreponerse al intenso calor. El torneo ha mostrado los valores del tenis en su m\u00e1xima expresi\u00f3n\u201d.<\/p>\n<p style=\"text-align:justify;\">\u00a0<\/p>\n<p style=\"text-align:justify;\">A la conclusi\u00f3n de las finales, se llev\u00f3 a cabo la ceremonia de entrega de premios con la presencia de las autoridades, jugadores, finalistas, representantes del deporte y patrocinadores.<\/p>\n<p style=\"text-align:justify;\">\u00a0<\/p>\n<p style=\"text-align:justify;\"><strong>El Rafa Nadal Tour By Santander\u00a0<\/strong>est\u00e1 patrocinado por el<strong>\u00a0Cabildo de Gran Canaria,\u00a0<\/strong><strong>a trav\u00e9s del Instituto Ins<\/strong><strong>ular de Deportes.<\/strong><\/p>\n","protected":false},"excerpt":{"rendered":"\u00a0El Rafa Nadal Tour By Santander 2025 cerr\u00f3 el tel\u00f3n con el hito hist\u00f3rico que supone que dos&hellip;\n","protected":false},"author":2,"featured_media":130493,"comment_status":"","ping_status":"","sticky":false,"template":"","format":"standard","meta":{"footnotes":""},"categories":[274],"tags":[1896,6219,26502,209,168,7051,1180,2958,25,2586,32619,24,41854,18496,41855,1897,1854,41851,32605,11741,12728,3641,6238,41852,10,1925,2330,41856,41853,492,23,167,29725,41850,1370,327,326,159,12,1529,21],"class_list":{"0":"post-130492","1":"post","2":"type-post","3":"status-publish","4":"format-standard","5":"has-post-thumbnail","7":"category-tenis","8":"tag-canarias","9":"tag-canary-islands","10":"tag-cartas-al-director","11":"tag-cultura","12":"tag-deportes","13":"tag-diario-digital","14":"tag-editorial","15":"tag-entrevistas","16":"tag-es","17":"tag-espaa","18":"tag-espagne","19":"tag-espana","20":"tag-fotodenuncia","21":"tag-fuerteventura","22":"tag-gomera","23":"tag-gran-canaria","24":"tag-hierro","25":"tag-informacin","26":"tag-informacion-general","27":"tag-islas-canarias","28":"tag-la-palma","29":"tag-lanzarote","30":"tag-las-palmas","31":"tag-majadero","32":"tag-noticias","33":"tag-opinion","34":"tag-prensa","35":"tag-prensa-espaola","36":"tag-pulsometro","37":"tag-sociedad","38":"tag-spain","39":"tag-sports","40":"tag-telde","41":"tag-teldeactualidad","42":"tag-tenerife","43":"tag-tenis","44":"tag-tennis","45":"tag-tiempo","46":"tag-titulares","47":"tag-ultima-hora","48":"tag-ultimas-noticias"},"share_on_mastodon":{"url":"","error":""},"_links":{"self":[{"href":"https:\/\/www.europesays.com\/es\/wp-json\/wp\/v2\/posts\/130492","targetHints":{"allow":["GET"]}}],"collection":[{"href":"https:\/\/www.europesays.com\/es\/wp-json\/wp\/v2\/posts"}],"about":[{"href":"https:\/\/www.europesays.com\/es\/wp-json\/wp\/v2\/types\/post"}],"author":[{"embeddable":true,"href":"https:\/\/www.europesays.com\/es\/wp-json\/wp\/v2\/users\/2"}],"replies":[{"embeddable":true,"href":"https:\/\/www.europesays.com\/es\/wp-json\/wp\/v2\/comments?post=130492"}],"version-history":[{"count":0,"href":"https:\/\/www.europesays.com\/es\/wp-json\/wp\/v2\/posts\/130492\/revisions"}],"wp:featuredmedia":[{"embeddable":true,"href":"https:\/\/www.europesays.com\/es\/wp-json\/wp\/v2\/media\/130493"}],"wp:attachment":[{"href":"https:\/\/www.europesays.com\/es\/wp-json\/wp\/v2\/media?parent=130492"}],"wp:term":[{"taxonomy":"category","embeddable":true,"href":"https:\/\/www.europesays.com\/es\/wp-json\/wp\/v2\/categories?post=130492"},{"taxonomy":"post_tag","embeddable":true,"href":"https:\/\/www.europesays.com\/es\/wp-json\/wp\/v2\/tags?post=130492"}],"curies":[{"name":"wp","href":"https:\/\/api.w.org\/{rel}","templated":true}]}}