{"id":130498,"date":"2025-09-21T22:33:11","date_gmt":"2025-09-21T22:33:11","guid":{"rendered":"https:\/\/www.europesays.com\/es\/130498\/"},"modified":"2025-09-21T22:33:11","modified_gmt":"2025-09-21T22:33:11","slug":"olmo-y-raphinha-asistentes-en-el-doblete-del-tiburon-ferran","status":"publish","type":"post","link":"https:\/\/www.europesays.com\/es\/130498\/","title":{"rendered":"Olmo y Raphinha, asistentes en el doblete del &#8216;tibur\u00f3n&#8217; Ferran"},"content":{"rendered":"<p data-gtm-element-container=\"modulo-texto-link\" class=\"paragraph\">El FC Barcelona abri\u00f3 el marcador contra el <strong>Getafe <\/strong>con una triangulaci\u00f3n espectacular entre <strong>Raphinha<\/strong>, <strong>Dani Olmo<\/strong> y <strong>Ferran Torres<\/strong> que acab\u00f3 con el tanto de este \u00faltimo para romper la igualada y perforar la meta de <strong>David Soria<\/strong>. Transcurr\u00eda el minuto 15 de partido cuando el brasile\u00f1o recibi\u00f3 un bal\u00f3n pegado a la cal en la banda derecha. De inmediato, al ver como llegaba entre l\u00edneas <strong>Dani Olmo <\/strong>le tir\u00f3 el pase al hueco y <strong>Olmo<\/strong>, para sorpresa de Abqar que el encimaba, tir\u00f3 un tac\u00f3n exquisito para un <strong>Ferran <\/strong>que llegaba a su espalda y que de primeras dispar\u00f3 fuerte con la derecha al palo largo de Soria para marcar el primero y hacer estallar de alegr\u00eda a los casi 6.000 aficionados que llenaban el <strong>Johan Cruyff<\/strong>.\u00a0<\/p>\n<p data-gtm-element-container=\"modulo-texto-link\" class=\"paragraph\">No contento con ello, <strong>Ferran <\/strong>puso el segundo en el 34&#8242; tras un excelente pase en forma de despeje defensivo de <strong>Eric Garcia <\/strong>que acab\u00f3 en las botas de <strong>Raphinha <\/strong>y ese se la dej\u00f3 con m\u00fasica a <strong>Ferran <\/strong>para encarar y rematar como un buen &#8216;killer&#8217;.<\/p>\n<p>    Lee tambi\u00e9n<\/p>\n<p data-gtm-element-container=\"modulo-texto-link\" class=\"paragraph\">Cuarto tanto de <strong>Ferran <\/strong>en lo que va de temporada y que lo confirma como uno de los nombres de en este inicio de Liga. Pero no s\u00f3lo eso, Ferran acumula una gran racha ya que de los \u00faltimos 13 partidos de LaLiga que ha jugado, acumula 9 goles y 5 asistencias.<\/p>\n<p data-gtm-element-container=\"modulo-texto-link\" class=\"paragraph\">En cuanto a <strong>Olmo<\/strong>, una asistencia que le vendr\u00e1 muy bien en un inicio de curso donde no est\u00e1 jugando lo esperado, pero cuenta con la confianza del entrenador y as\u00ed lo ha visibilizado <strong>Flick <\/strong>antes del encuentro asegurando que \u00ab<strong>Dani <\/strong>va a ser un jugador importante hoy\u00bb, dicho y hecho.<\/p>\n","protected":false},"excerpt":{"rendered":"El FC Barcelona abri\u00f3 el marcador contra el Getafe con una triangulaci\u00f3n espectacular entre Raphinha, Dani Olmo y&hellip;\n","protected":false},"author":2,"featured_media":130499,"comment_status":"","ping_status":"","sticky":false,"template":"","format":"standard","meta":{"footnotes":""},"categories":[268],"tags":[168,25,24,280,282,281,23,167],"class_list":{"0":"post-130498","1":"post","2":"type-post","3":"status-publish","4":"format-standard","5":"has-post-thumbnail","7":"category-futbol","8":"tag-deportes","9":"tag-es","10":"tag-espana","11":"tag-football","12":"tag-futbol","13":"tag-soccer","14":"tag-spain","15":"tag-sports"},"share_on_mastodon":{"url":"","error":""},"_links":{"self":[{"href":"https:\/\/www.europesays.com\/es\/wp-json\/wp\/v2\/posts\/130498","targetHints":{"allow":["GET"]}}],"collection":[{"href":"https:\/\/www.europesays.com\/es\/wp-json\/wp\/v2\/posts"}],"about":[{"href":"https:\/\/www.europesays.com\/es\/wp-json\/wp\/v2\/types\/post"}],"author":[{"embeddable":true,"href":"https:\/\/www.europesays.com\/es\/wp-json\/wp\/v2\/users\/2"}],"replies":[{"embeddable":true,"href":"https:\/\/www.europesays.com\/es\/wp-json\/wp\/v2\/comments?post=130498"}],"version-history":[{"count":0,"href":"https:\/\/www.europesays.com\/es\/wp-json\/wp\/v2\/posts\/130498\/revisions"}],"wp:featuredmedia":[{"embeddable":true,"href":"https:\/\/www.europesays.com\/es\/wp-json\/wp\/v2\/media\/130499"}],"wp:attachment":[{"href":"https:\/\/www.europesays.com\/es\/wp-json\/wp\/v2\/media?parent=130498"}],"wp:term":[{"taxonomy":"category","embeddable":true,"href":"https:\/\/www.europesays.com\/es\/wp-json\/wp\/v2\/categories?post=130498"},{"taxonomy":"post_tag","embeddable":true,"href":"https:\/\/www.europesays.com\/es\/wp-json\/wp\/v2\/tags?post=130498"}],"curies":[{"name":"wp","href":"https:\/\/api.w.org\/{rel}","templated":true}]}}