{"id":130502,"date":"2025-09-21T22:38:15","date_gmt":"2025-09-21T22:38:15","guid":{"rendered":"https:\/\/www.europesays.com\/es\/130502\/"},"modified":"2025-09-21T22:38:15","modified_gmt":"2025-09-21T22:38:15","slug":"adara-molinero-activa-el-protocolo-de-abandono-en-supervivientes-all-stars-2025","status":"publish","type":"post","link":"https:\/\/www.europesays.com\/es\/130502\/","title":{"rendered":"Adara Molinero activa el protocolo de abandono en &#8216;Supervivientes All Stars 2025&#8217;"},"content":{"rendered":"<p><img fetchpriority=\"high\" class=\"v-a-img\" src=\"https:\/\/www.europesays.com\/es\/wp-content\/uploads\/2025\/09\/adara-k4WG-U2302998680223h1F-1200x840@Las Provincias.jpg\" loading=\"eager\" decoding=\"async\" alt=\"Adara Molinero tras la expulsi\u00f3n de Elena Rodr\u00edguez, el pasado jueves.\"  width=\"1200\" height=\"840\"\/><\/p>\n<p>Adara Molinero tras la expulsi\u00f3n de Elena Rodr\u00edguez, el pasado jueves.          Mediaset        <\/p>\n<p>La concursante se desmorona tras una semana de conflictos con sus compa\u00f1eros y la expulsi\u00f3n de su madre, Elena Rodr\u00edguez<\/p>\n<p><a class=\"v-mdl-ath__fig-a\" href=\"https:\/\/www.lasprovincias.es\/autor\/tamara-villena-3279.html\" title=\"Tamara Villena\" rel=\"nofollow noopener\" target=\"_blank\"><br \/>\n<img decoding=\"async\" class=\"v-mdl-ath__img\" src=\"https:\/\/www.europesays.com\/es\/wp-content\/uploads\/2025\/09\/1757147648_165_autor-3279-foto-2.jpeg\" alt=\"Tamara Villena\"\/><br \/>\n<\/a><\/p>\n<p class=\"v-mdl-ath__p v-mdl-ath__p--6\">\nS\u00e1bado, 20 de septiembre 2025<\/p>\n<p>| Actualizado 21\/09\/2025 00:23h.<\/p>\n<p class=\"v-p\">No est\u00e1n siendo unos d\u00edas f\u00e1ciles para Adara Molinero en <a href=\"https:\/\/www.lasprovincias.es\/culturas\/tv\/enganchon-mimi-adara-supervivientes-all-star-anuncio-20250915020711-nt.html\" data-voc-vtm-id=\"in-text-traffic\" title=\"&#039;Supervivientes All Stars 2025&#039;\" rel=\"nofollow noopener\" target=\"_blank\">&#8216;Supervivientes All Stars 2025&#8217;<\/a>. La concursante ya avisaba en la gala del martes que se encontraba al l\u00edmite, tras una abrupta discusi\u00f3n con su compa\u00f1era Miri P\u00e9rez Cabrero que la llevaba a estallar en l\u00e1grimas en pleno directo. <\/p>\n<p class=\"v-p\">La semana no termin\u00f3 de remontar para ella, que protagoniz\u00f3 otra tensa bronca con sus compa\u00f1eros despu\u00e9s de que la &#8216;influencer&#8217; quemase la comida. Una mala racha que culmin\u00f3 este mismo jueves con la <a href=\"https:\/\/www.lasprovincias.es\/culturas\/tv\/supervivientes-all-stars-2025-vive-expulsiones-dolorosas-20250918010616-nt.html\" data-voc-vtm-id=\"in-text-traffic\" title=\"expulsi\u00f3n de su madre, Elena Rodr\u00edguez\" rel=\"nofollow noopener\" target=\"_blank\">expulsi\u00f3n de su madre, Elena Rodr\u00edguez<\/a>, tras un ajustad\u00edsimo duelo entre ambas. <\/p>\n<p class=\"v-p\">Una marcha que Adara no encajaba bien y la llevaba a romper en l\u00e1grimas de nuevo. \u00abEstoy triste, la verdad, porque la \u00faltima persona con la quer\u00eda estar aqu\u00ed, obviamente, es mi madre. Pero bueno, es un juego, ha tocado as\u00ed&#8230; Qu\u00e9 le vamos a hacer\u00bb, dec\u00eda Molinero antes de la expulsi\u00f3n. <\/p>\n<p><a href=\"http:\/\/www.lasprovincias.es\/culturas\/tv\/adara-abatida-ante-nueva-bronca-posible-expulsion-20250917003900-nt.html#vtm_modulosEngag=mod-rel:culturas:noticia:1:cmp:1-not\" class=\"v-a-link\" aria-label=\"Imagen\" rel=\"nofollow noopener\" target=\"_blank\"><\/p>\n<p><img decoding=\"async\" loading=\"lazy\" src=\"https:\/\/s2.ppllstatics.com\/lasprovincias\/www\/multimedia\/2025\/09\/17\/adara-superv-khaC--366x256@Las%20Provincias.jpg\" class=\"v-a-img\" width=\"258\" height=\"180\" alt=\"\" data-voc-vtm-id=\"in-text-traffic\"\/><\/p>\n<p><\/a><\/p>\n<p class=\"v-p\">Tan solo dos d\u00edas despu\u00e9s de la separaci\u00f3n de su madre, la concursante ha activado el protocolo para abandonar &#8216;Supervivientes All Stars 2025&#8217;, seg\u00fan ha anunciado Jes\u00fas V\u00e1zquez en pleno directo de &#8216;Bailando con las estrellas&#8217;. <\/p>\n<p class=\"v-p\">Por el momento, en la cadena no han dado m\u00e1s detalles ni informaci\u00f3n al respecto, pero ser\u00e1 en el programa debate de este domingo cuando conozcamos m\u00e1s sobre la decisi\u00f3n de la concursante. <\/p>\n<p>Comenta<\/p>\n<p>Reporta un error<\/p>\n","protected":false},"excerpt":{"rendered":"Adara Molinero tras la expulsi\u00f3n de Elena Rodr\u00edguez, el pasado jueves. Mediaset La concursante se desmorona tras una&hellip;\n","protected":false},"author":2,"featured_media":130503,"comment_status":"","ping_status":"","sticky":false,"template":"","format":"standard","meta":{"footnotes":""},"categories":[171],"tags":[45,9731,13264,24893,11286,146,147,25,24,24894,28545,23,11287,3947,214],"class_list":{"0":"post-130502","1":"post","2":"type-post","3":"status-publish","4":"format-standard","5":"has-post-thumbnail","7":"category-tv","8":"tag-45","9":"tag-abandono","10":"tag-activa","11":"tag-adara","12":"tag-all","13":"tag-entertainment","14":"tag-entretenimiento","15":"tag-es","16":"tag-espana","17":"tag-molinero","18":"tag-protocolo","19":"tag-spain","20":"tag-stars","21":"tag-supervivientes","22":"tag-tv"},"share_on_mastodon":{"url":"","error":""},"_links":{"self":[{"href":"https:\/\/www.europesays.com\/es\/wp-json\/wp\/v2\/posts\/130502","targetHints":{"allow":["GET"]}}],"collection":[{"href":"https:\/\/www.europesays.com\/es\/wp-json\/wp\/v2\/posts"}],"about":[{"href":"https:\/\/www.europesays.com\/es\/wp-json\/wp\/v2\/types\/post"}],"author":[{"embeddable":true,"href":"https:\/\/www.europesays.com\/es\/wp-json\/wp\/v2\/users\/2"}],"replies":[{"embeddable":true,"href":"https:\/\/www.europesays.com\/es\/wp-json\/wp\/v2\/comments?post=130502"}],"version-history":[{"count":0,"href":"https:\/\/www.europesays.com\/es\/wp-json\/wp\/v2\/posts\/130502\/revisions"}],"wp:featuredmedia":[{"embeddable":true,"href":"https:\/\/www.europesays.com\/es\/wp-json\/wp\/v2\/media\/130503"}],"wp:attachment":[{"href":"https:\/\/www.europesays.com\/es\/wp-json\/wp\/v2\/media?parent=130502"}],"wp:term":[{"taxonomy":"category","embeddable":true,"href":"https:\/\/www.europesays.com\/es\/wp-json\/wp\/v2\/categories?post=130502"},{"taxonomy":"post_tag","embeddable":true,"href":"https:\/\/www.europesays.com\/es\/wp-json\/wp\/v2\/tags?post=130502"}],"curies":[{"name":"wp","href":"https:\/\/api.w.org\/{rel}","templated":true}]}}