{"id":130506,"date":"2025-09-21T22:42:09","date_gmt":"2025-09-21T22:42:09","guid":{"rendered":"https:\/\/www.europesays.com\/es\/130506\/"},"modified":"2025-09-21T22:42:09","modified_gmt":"2025-09-21T22:42:09","slug":"la-falta-de-tiempo-en-consulta-dificulta-la-deteccion-temprana-del-alzheimer","status":"publish","type":"post","link":"https:\/\/www.europesays.com\/es\/130506\/","title":{"rendered":"La falta de tiempo en consulta dificulta la detecci\u00f3n temprana del Alzheimer"},"content":{"rendered":"<p><a class=\"v-mdl-ath__fig-a\" href=\"https:\/\/www.elcorreo.com\/autor\/terry-basterra-3294.html\" title=\"Terry Basterra\" rel=\"nofollow noopener\" target=\"_blank\"><br \/>\n<img decoding=\"async\" class=\"v-mdl-ath__img\" src=\"https:\/\/www.europesays.com\/es\/wp-content\/uploads\/2025\/07\/autor-3294-foto-1.jpeg\" alt=\"Terry Basterra\"\/><br \/>\n<\/a><\/p>\n<p class=\"v-mdl-ath__p v-mdl-ath__p--6\">\nLunes, 22 de septiembre 2025, 00:14<\/p>\n<p class=\"v-p\">La falta de tiempo en consulta y el reducido conocimiento espec\u00edfico sobre el alzh\u00e9imer son dos aspectos que dificultan la capacidad de los profesionales para realizar un diagn\u00f3stico temprano de esta enfermedad. As\u00ed se asegura en un estudio en el que han tomado parte 140 expertos, entre ellos una decena del Pa\u00eds Vasco, en el que se ha abordado los aspectos que suponen un freno a la hora de identificar los primeros s\u00edntomas de esta patolog\u00eda mental degenerativa.<\/p>\n<p class=\"v-p\">La falta de coordinaci\u00f3n entre los diferentes niveles asistenciales, la escasez de geriatras o la necesidad de formaci\u00f3n espec\u00edfica son otros de los aspectos que penalizan la realizaci\u00f3n de diagn\u00f3sticos tempranos. Un ejemplo de ello es que solo la mitad de los profesionales de Atenci\u00f3n Primaria conocen la existencia de un protocolo de derivaci\u00f3n de estos pacientes desde los ambulatorios a los neur\u00f3logos y geriatras, seg\u00fan se recogen los proyecto mapEA y Alma-Care impulsados por la farmac\u00e9utica Lilly y que se han dado a conocer con motivo del d\u00eda mundial del Alzheimer que se celebr\u00f3 ayer domingo.<\/p>\n<p class=\"v-p\">Seg\u00fan este trabajo, en Euskadi pacientes con sospecha de enfermedad de alzh\u00e9imer pueden tardar seis meses hasta que son derivados desde Atenci\u00f3n Primaria y tardan otros seis en acceder al primer especialista hospitalario con conocimientos m\u00e1s espec\u00edficos sobre esta enfermedad.En esta patolog\u00eda, que el domingo 21 celebr\u00f3 su d\u00eda internacional, obtener un diagn\u00f3stico temprano marca su evoluci\u00f3n. \u00abEs fundamental para ofrecer a los pacientes m\u00e1s a\u00f1os de vida aut\u00f3noma e independiente\u00bb, se\u00f1ala Jos\u00e9 A. Sacrist\u00e1n, director m\u00e9dico de la farmac\u00e9utica.<\/p>\n<p>\nAfectados\n<\/p>\n<p>En Euskadi sufren alzh\u00e9imer unas 35.000 personas y es la primera causa de demencia<\/p>\n<p class=\"v-p\">Entre las medidas para mejorar el diagn\u00f3stico de esta enfermedad, propone el trabajo de aumentar las capacidades de los profesionales de Atenci\u00f3n Primaria o fomentar los cribados mediante pruebas espec\u00edficas para detectar cuadros a\u00fan incipientes gracias a los biomarcadores en sangre. En Euskadi sufren alzh\u00e9imer unas 35.000 personas. Se trata de la primera causa de demencia y hay varios factores de riesgo asociados a esta enfermedad. A la edad, el principal, se suman otros como la herencia gen\u00e9tica, la existencia de traumatismos craneales previos o el sexo. Las mujeres parecen m\u00e1s propensas a padecer esta patolog\u00eda.<\/p>\n<p>La dieta mediterr\u00e1nea<\/p>\n<p class=\"v-p\">Se trata de una enfermedad que se presenta por fases. La primera tiene como s\u00edntomas la p\u00e9rdida de memoria y desorientaci\u00f3n. En la segunda aparece la falta de fluidez a la hora de hablar y la necesidad de ayuda para las actividades diarias. En la tercera, cuando la patolog\u00eda se encuentra en una fase avanzada, el afectado ya no puede valerse por s\u00ed mismo. Pese a ello existen algunos factores en los que se puede influir para tratar de prevenir su aparici\u00f3n. <\/p>\n<p class=\"v-p\">\u00abEst\u00e1 demostrado que los h\u00e1bitos de vida saludable reducen de manera muy importante el riesgo de padecer esta patolog\u00eda: casi uno de cada dos casos de alzh\u00e9imer es atribuible a factores evitables\u00bb, afirma Alfredo Rodr\u00edguez-Antig\u00fcedad, neur\u00f3logo del IMQ. Seg\u00fan detalla el especialista, la dieta mediterr\u00e1nea, rica en aceite de oliva, pescado, frutas y verduras reducen el riesgo de padecer esta demencia.<\/p>\n<p>Comenta<\/p>\n<p>Reporta un error<\/p>\n","protected":false},"excerpt":{"rendered":"Lunes, 22 de septiembre 2025, 00:14 La falta de tiempo en consulta y el reducido conocimiento espec\u00edfico sobre&hellip;\n","protected":false},"author":2,"featured_media":130507,"comment_status":"","ping_status":"","sticky":false,"template":"","format":"standard","meta":{"footnotes":""},"categories":[92],"tags":[3350,38857,6525,41857,25,24,1998,165,166,23,10888,159],"class_list":{"0":"post-130506","1":"post","2":"type-post","3":"status-publish","4":"format-standard","5":"has-post-thumbnail","7":"category-salud","8":"tag-alzheimer","9":"tag-consulta","10":"tag-deteccion","11":"tag-dificulta","12":"tag-es","13":"tag-espana","14":"tag-falta","15":"tag-health","16":"tag-salud","17":"tag-spain","18":"tag-temprana","19":"tag-tiempo"},"share_on_mastodon":{"url":"","error":""},"_links":{"self":[{"href":"https:\/\/www.europesays.com\/es\/wp-json\/wp\/v2\/posts\/130506","targetHints":{"allow":["GET"]}}],"collection":[{"href":"https:\/\/www.europesays.com\/es\/wp-json\/wp\/v2\/posts"}],"about":[{"href":"https:\/\/www.europesays.com\/es\/wp-json\/wp\/v2\/types\/post"}],"author":[{"embeddable":true,"href":"https:\/\/www.europesays.com\/es\/wp-json\/wp\/v2\/users\/2"}],"replies":[{"embeddable":true,"href":"https:\/\/www.europesays.com\/es\/wp-json\/wp\/v2\/comments?post=130506"}],"version-history":[{"count":0,"href":"https:\/\/www.europesays.com\/es\/wp-json\/wp\/v2\/posts\/130506\/revisions"}],"wp:featuredmedia":[{"embeddable":true,"href":"https:\/\/www.europesays.com\/es\/wp-json\/wp\/v2\/media\/130507"}],"wp:attachment":[{"href":"https:\/\/www.europesays.com\/es\/wp-json\/wp\/v2\/media?parent=130506"}],"wp:term":[{"taxonomy":"category","embeddable":true,"href":"https:\/\/www.europesays.com\/es\/wp-json\/wp\/v2\/categories?post=130506"},{"taxonomy":"post_tag","embeddable":true,"href":"https:\/\/www.europesays.com\/es\/wp-json\/wp\/v2\/tags?post=130506"}],"curies":[{"name":"wp","href":"https:\/\/api.w.org\/{rel}","templated":true}]}}