{"id":130514,"date":"2025-09-21T22:46:08","date_gmt":"2025-09-21T22:46:08","guid":{"rendered":"https:\/\/www.europesays.com\/es\/130514\/"},"modified":"2025-09-21T22:46:08","modified_gmt":"2025-09-21T22:46:08","slug":"argentina-acelera-las-negociaciones-con-eeuu-para-obtener-un-prestamo-destinado-a-pagar-los-vencimientos-de-la-deuda-y-fortalecer-las-reservas","status":"publish","type":"post","link":"https:\/\/www.europesays.com\/es\/130514\/","title":{"rendered":"Argentina acelera las negociaciones con EEUU para obtener un pr\u00e9stamo destinado a pagar los vencimientos de la deuda y fortalecer las reservas"},"content":{"rendered":"<p><img alt=\"Javier Milei y Donald trump\" class=\"global-image\" decoding=\"async\" fetchpriority=\"high\" height=\"453\" loading=\"eager\" src=\"https:\/\/www.europesays.com\/es\/wp-content\/uploads\/2025\/09\/N7U3KX45KBDTXLN4TLNVFN6RD4.jpg\" width=\"680\"\/>Javier Milei y Donald trump durante su \u00faltima reuni\u00f3n en Washington, (Estados Unidos)<\/p>\n<p class=\"paragraph\">(Enviado especial a New York, Estados Unidos) Equipos t\u00e9cnicos baj\u00f3 las \u00f3rdenes del ministro de Econom\u00eda, <b>Luis Caputo,<\/b> y el secretario del Tesoro,<b> Scott Bessent,<\/b> <b>negociaron durante las \u00faltimas 10 horas<\/b> para cerrar un <b>acuerdo bilateral<\/b> que permita contar al gobierno con un<b> amplio pr\u00e9stamo <\/b>destinados a<b> pagar vencimientos de la deuda<\/b> y <b>fortalecer las reservas del Banco Central, <\/b>como adelant\u00f3 en exclusiva ayer Infobae. <\/p>\n<p class=\"paragraph\">La intenci\u00f3n del Gobierno <b>era anunciar este acuerdo antes de la llegada de Milei a New York <\/b>para cumplir <b>una exhaustiva agenda<\/b> que incluye bilaterales con<b> Donald Trump<\/b> y <b>Benjam\u00edn Netanyahu,<\/b> y su participaci\u00f3n en la <b>Asamblea de la ONU.<\/b><\/p>\n<p class=\"paragraph\">El mandatario despega esta noche desde Buenos Aires junto a <b>Karina Milei<\/b> -secretaria General de la Presidencia- y<b> Luis Caputo, <\/b>ministro de Econom\u00eda. En Manhattan lo aguarda el canciller <b>Gerardo Werthein. <\/b><\/p>\n<p class=\"paragraph\">Pese a la presi\u00f3n del Gobierno, los t\u00e9cnicos que responden a Caputo <b>no pudieron disipar las dudas <\/b>del subsecretario del Tesoro, <b>Michael Kaplan,<\/b> que conoce la historia econ\u00f3mica y pol\u00edtica de la Argentina. <\/p>\n<p class=\"paragraph\">Kaplan <b>ya vio pasar<\/b> las presidencias de <b>Mauricio Macri y Alberto Fern\u00e1ndez,<\/b> y sus avatares econ\u00f3micos y financieros. <\/p>\n<p class=\"paragraph\">En este contexto, <b>las negociaciones continuaran ma\u00f1ana<\/b> y el Palacio de Hacienda<b> aprieta el paso<\/b> para llegar al anuncio antes de la foto que compartir\u00e1n Milei y Trump, <b>el pr\u00f3ximo martes<\/b> en la ONU.<\/p>\n<p class=\"paragraph\"><b>Un aspecto crucial del acuerdo <\/b>que se negocia es <b>la eliminaci\u00f3n del sistema de bandas,<\/b> a pedido de los t\u00e9cnicos de la Secretaria del Tesoro. De esta manera, <b>Argentina ingresar\u00eda en un modelo de libre flotaci\u00f3n del d\u00f3lar. <\/b><\/p>\n<p class=\"paragraph\">Es decir: el Banco Central <b>ya no intervendr\u00eda<\/b> y <b>el d\u00f3lar cotizar\u00eda acorde a la oferta y la demanda del mercado. <\/b><\/p>\n<p class=\"paragraph\">El voluminoso pedido de Argentina <b>es para exhibir poder de fuego y desalentar sumas abruptas del tipo de cambio <\/b>que finalmente impactan en la inflaci\u00f3n mensual, a pocas semanas de los comicios de medio t\u00e9rmino. <\/p>\n<p class=\"paragraph\">El Tesoro entiende esta l\u00f3gica pol\u00edtica,<b> y no rechaz\u00f3 la propuesta de m\u00e1xima que lleg\u00f3 desde Buenos Aires.<\/b> Por eso la negociaci\u00f3n <b>continu\u00f3 durante todo el fin de semana.<\/b><\/p>\n<p class=\"paragraph\">Pero la prioridad para Milei son<b> 4.000 millones de d\u00f3lares para cancelar una deuda que vence en enero y otros 4.500 millones de d\u00f3lares para resolver la deuda que vence en julio. <\/b><\/p>\n<p class=\"paragraph\">El presidente considera que si Trump gira ese adelanto al Banco Central, <b>la crisis empezar\u00eda resolverse con el correr de los d\u00edas. <\/b><\/p>\n<p><img alt=\"Donald Trump y Javier Milei\" class=\"global-image\" decoding=\"async\" fetchpriority=\"low\" height=\"533\" loading=\"lazy\" src=\"https:\/\/www.europesays.com\/es\/wp-content\/uploads\/2025\/09\/1758494768_567_73NJPZSHHZFFPFM3GNM74J3EZM.JPG\" width=\"800\"\/>Donald Trump y Javier Milei durante un encuentro en Florida, (Estados Unidos)<\/p>\n<p class=\"paragraph\"><b>El salvataje financiero <\/b>de Estados Unidos a la Argentina <b>exhibe la sinton\u00eda ideol\u00f3gica y la relaci\u00f3n personal de Javier Milei con Donald Trump,<\/b> que considera al Presidente como <b>su aliado estrat\u00e9gico <\/b>m\u00e1s importante en Am\u00e9rica Latina.<\/p>\n<p class=\"paragraph\">El <b>Fondo de Estabilizaci\u00f3n Cambiaria,<\/b> que administra Bessent desde la Secretaria del Tesoro, fue puesto<b> a disposici\u00f3n <\/b>del Gobierno frente a <b>la crisis en los mercados<\/b> y al <b>drenaje constante<\/b> de reservas.<\/p>\n<p class=\"paragraph\">El Fondo de Estabilizaci\u00f3n Cambiaria fue clave para evitar que <b>M\u00e9xico colapsara <\/b>en \u00e9pocas de <b>Bill Clinton, <\/b>cuando el Capitolio con mayor\u00eda republicana neg\u00f3 una ayuda extraordinaria a <b>Ernesto Zedillo <\/b>para aplacar el denominado \u201cEfecto Tequila\u201d.<\/p>\n<p><img alt=\"Scott Bessent y Luis Caputo\" class=\"global-image\" decoding=\"async\" fetchpriority=\"low\" height=\"552\" loading=\"lazy\" src=\"https:\/\/www.europesays.com\/es\/wp-content\/uploads\/2025\/09\/62KHRDNU35GUJIPT24N6TO3ZBQ.jpg\" width=\"982\"\/>Scott Bessent y Luis Caputo durante su \u00faltimo encuentro en el Ministerio de Econom\u00eda, (Buenos Aires, Argentina)<\/p>\n<p class=\"paragraph\">Los asesores t\u00e9cnicos que responden a las \u00f3rdenes de Bessent tienen <b>la siguiente descripci\u00f3n sobre la deuda <\/b>que enfrenta la Argentina entre el <b>\u00faltimo trimestre de 2025 <\/b>y el <b>primer semestre de 2026:<\/b> <\/p>\n<ul data-icon=\"\u2b24\" class=\"list\">\n<li data-icon=\"\u2b24\"><b>Ante organismos multilaterales,<\/b>\u00a0capital e intereses por\u00a0<b>USD 2.295 millones de octubre a diciembre 2025<\/b>,\u00a0<b>y USD 7.521 millones en 2026.<\/b>\u00a0De los vencimientos de 2026,\u00a0<b>casi la mitad son con el FMI<\/b>, unos USD 3.413 millones.<\/li>\n<li data-icon=\"\u2b24\"><b>Vencimientos de bonos y letras que suman 10.718 millones<\/b>. De esa cifra,\u00a0<b>USD 7.677 millones\u00a0<\/b>son vencimientos de capital.<\/li>\n<li data-icon=\"\u2b24\">BOPREAL: hay vencimientos por\u00a0<b>USD 1.000 millones en noviembre de este a\u00f1o\u00a0<\/b>y por\u00a0<b>USD 2.000 millones en el primer semestre de 2026.<\/b><\/li>\n<\/ul>\n<p class=\"paragraph\">El total da aproximado <b>24.000 millones de d\u00f3lares<\/b>.<\/p>\n<p><img alt=\"Javier Milei y Mauricio Macri\" class=\"global-image\" decoding=\"async\" fetchpriority=\"low\" height=\"728\" loading=\"lazy\" src=\"https:\/\/www.europesays.com\/es\/wp-content\/uploads\/2025\/09\/WIDHCXBHHVAGNP4HQKWDHRZLIY.jpg\" width=\"1294\"\/>Javier Milei y Mauricio Macri en la C\u00e1mara de Diputados, (Capital Federal, Argentina)<\/p>\n<p class=\"paragraph\">La administraci\u00f3n republicana <b>asumi\u00f3 <\/b>los resultados pol\u00edticos de las \u00faltimas elecciones en la provincia de Buenos Aires, y <b>rechaza la posibilidad <\/b>del regreso del kirchnerismo a la Casa Rosada. <\/p>\n<p class=\"paragraph\">En la Casa Blanca <b>recuerdan la operaci\u00f3n financiera y pol\u00edtica <\/b>ejecutada para<b> blindar a Mauricio Macri <\/b>ante el avance del peronismo causado por sus errores econ\u00f3micos.<\/p>\n<p class=\"paragraph\">Durante la gesti\u00f3n Macri, Trump <b>apuntal\u00f3 <\/b>un rescate por 53.000 millones de d\u00f3lares que <b>se desembolsar\u00edan <\/b>a trav\u00e9s de un programa Standby del FMI.<b> Pero la jugada geopol\u00edtica fracaso<\/b>: Alberto Fern\u00e1ndez gan\u00f3 las elecciones presidenciales. <\/p>\n<p class=\"paragraph\">Ahora, <b>Trump se apoya en el Fondo de Estabilizaci\u00f3n Cambiaria<\/b>, que destinar\u00e1 millones de d\u00f3lares a la Argentina para enfrentar los vencimientos de la deuda. Esas partidas se girar\u00e1n al Banco Central, <b>y tendr\u00e1n un formato t\u00e9cnico de swap. <\/b><\/p>\n<p class=\"paragraph\">A cambio de los d\u00f3lares girados por <b>el Fondo de Estabilizaci\u00f3n Cambiaria-, <\/b>Argentina <b>depositara pesos <\/b>en la cuenta de la Secretar\u00eda del Tesoro en New York. Con este mecanismo, el gobierno evitar la aprobaci\u00f3n del Congreso, que es controlado por la oposici\u00f3n. <\/p>\n<p class=\"paragraph\">La Casa Blanca mueve para<b> evitar <\/b>que se repita la experiencia de Macri, y en este sentido aguarda que Milei <b>fortalezca su gobierno con ciertos cambios <\/b>y que dise\u00f1e una hoja de ruta para<b> futuros acuerdos con la oposici\u00f3n. <\/b><\/p>\n<p class=\"paragraph\">El presidente <b>ya sabe <\/b>que la posibilidad de un rescate financiero de Estados Unidos<b> confronta<\/b> con los constantes gestos de solidaridad de China, que <b>a\u00fan tiene su propio swap de libre disponibilidad<\/b> en el Banco Central. <\/p>\n<p class=\"paragraph\">La administraci\u00f3n Trump <b>monitorea la ofensiva de Xi Jinping en Argentina,<\/b> que <b>seduce<\/b> con su iniciativa de la Ruta y de la Seda y pretende utilizar al pa\u00eds como una <b>plataforma de control<\/b> del espacio exterior,<b> el acceso a la Ant\u00e1rtida<\/b> y el paso del Atl\u00e1ntico al Pac\u00edfico. <\/p>\n<p class=\"paragraph\">Milei se encuentra con Trump <b>este martes <\/b>durante la <b>Asamblea General de las Naciones Unidas.<\/b> Una <b>muestra m\u00e1s <\/b>del apoyo del l\u00edder republicano al presidente. <\/p>\n","protected":false},"excerpt":{"rendered":"Javier Milei y Donald trump durante su \u00faltima reuni\u00f3n en Washington, (Estados Unidos) (Enviado especial a New York,&hellip;\n","protected":false},"author":2,"featured_media":130515,"comment_status":"","ping_status":"","sticky":false,"template":"","format":"standard","meta":{"footnotes":""},"categories":[42],"tags":[17,18,13,14,5638,11,61,62,63,64,19,20,9,3119,10,15,16,41860,12,21,22,65,66,67],"class_list":{"0":"post-130514","1":"post","2":"type-post","3":"status-publish","4":"format-standard","5":"has-post-thumbnail","7":"category-internacional","8":"tag-breaking-news","9":"tag-breakingnews","10":"tag-featured-news","11":"tag-featurednews","12":"tag-government-politics","13":"tag-headlines","14":"tag-internacional","15":"tag-international","16":"tag-international-news","17":"tag-internationalnews","18":"tag-latest-news","19":"tag-latestnews","20":"tag-news","21":"tag-north-america","22":"tag-noticias","23":"tag-noticias-destacadas","24":"tag-noticiasdestacadas","25":"tag-palm-beach","26":"tag-titulares","27":"tag-ultimas-noticias","28":"tag-ultimasnoticias","29":"tag-world","30":"tag-world-news","31":"tag-worldnews"},"share_on_mastodon":{"url":"","error":""},"_links":{"self":[{"href":"https:\/\/www.europesays.com\/es\/wp-json\/wp\/v2\/posts\/130514","targetHints":{"allow":["GET"]}}],"collection":[{"href":"https:\/\/www.europesays.com\/es\/wp-json\/wp\/v2\/posts"}],"about":[{"href":"https:\/\/www.europesays.com\/es\/wp-json\/wp\/v2\/types\/post"}],"author":[{"embeddable":true,"href":"https:\/\/www.europesays.com\/es\/wp-json\/wp\/v2\/users\/2"}],"replies":[{"embeddable":true,"href":"https:\/\/www.europesays.com\/es\/wp-json\/wp\/v2\/comments?post=130514"}],"version-history":[{"count":0,"href":"https:\/\/www.europesays.com\/es\/wp-json\/wp\/v2\/posts\/130514\/revisions"}],"wp:featuredmedia":[{"embeddable":true,"href":"https:\/\/www.europesays.com\/es\/wp-json\/wp\/v2\/media\/130515"}],"wp:attachment":[{"href":"https:\/\/www.europesays.com\/es\/wp-json\/wp\/v2\/media?parent=130514"}],"wp:term":[{"taxonomy":"category","embeddable":true,"href":"https:\/\/www.europesays.com\/es\/wp-json\/wp\/v2\/categories?post=130514"},{"taxonomy":"post_tag","embeddable":true,"href":"https:\/\/www.europesays.com\/es\/wp-json\/wp\/v2\/tags?post=130514"}],"curies":[{"name":"wp","href":"https:\/\/api.w.org\/{rel}","templated":true}]}}