{"id":130516,"date":"2025-09-21T22:47:06","date_gmt":"2025-09-21T22:47:06","guid":{"rendered":"https:\/\/www.europesays.com\/es\/130516\/"},"modified":"2025-09-21T22:47:06","modified_gmt":"2025-09-21T22:47:06","slug":"por-que-ayuso-no-condena-la-masacre-en-gaza-las-conexiones-de-la-presidenta-con-empresarios-proisraelies-en-madrid","status":"publish","type":"post","link":"https:\/\/www.europesays.com\/es\/130516\/","title":{"rendered":"\u00bfPor qu\u00e9 Ayuso no condena la masacre en Gaza? Las conexiones de la presidenta con empresarios proisrael\u00edes en Madrid"},"content":{"rendered":"<p class=\"article-text\">\n        \u00bfPor qu\u00e9 Isabel D\u00edaz Ayuso es una de las voces m\u00e1s significativas en su partido que se niegan a criticar m\u00ednimamente a Netanyahu o la masacre de Gaza, <a href=\"https:\/\/www.eldiario.es\/politica\/feijoo-acusa-sanchez-trilero-palestina-presidente-recuerda-onu-habla-genocidio_1_12608844.html\" data-mrf-recirculation=\"links-noticia\" class=\"link\" rel=\"nofollow noopener\" target=\"_blank\">cuando el propio Feij\u00f3o lo hizo en el Congreso este mi\u00e9rcoles<\/a> y el 82% de espa\u00f1oles dicen estar horrorizados? \u00bfPor qu\u00e9 mantiene la tesis de que la culpa de la matanza es solo de Ham\u00e1s, contra lo que dicen cada vez m\u00e1s pa\u00edses y <a href=\"https:\/\/www.eldiario.es\/internacional\/dice-implicaciones-importante-informe-genocidio-gaza-encargado-onu_1_12607535.html\" data-mrf-recirculation=\"links-noticia\" class=\"link\" rel=\"nofollow noopener\" target=\"_blank\">organismos como la ONU<\/a>?\n    <\/p>\n<p class=\"article-text\">\n        La presidenta de la Comunidad de Madrid \u2013as\u00ed como el alcalde de la ciudad, Jos\u00e9 Luis Mart\u00ednez-Almeida\u2013 ha tenido siempre una inclinaci\u00f3n pol\u00edtica por el Israel de Netanyahu en forma de reconocimientos p\u00fablicos y decisiones pol\u00edticas favorables a un grupo concreto de empresarios jud\u00edos y personas poderosas de Madrid: los impulsores y patronos de la Fundaci\u00f3n Hispano Jud\u00eda (FHJ).\n    <\/p>\n","protected":false},"excerpt":{"rendered":"\u00bfPor qu\u00e9 Isabel D\u00edaz Ayuso es una de las voces m\u00e1s significativas en su partido que se niegan&hellip;\n","protected":false},"author":2,"featured_media":130517,"comment_status":"","ping_status":"","sticky":false,"template":"","format":"standard","meta":{"footnotes":""},"categories":[8],"tags":[6984,17,18,793,25143,17505,25,24,13,14,694,11,19,20,205,19994,9,689,10,15,16,14107,41861,23,12,21,22],"class_list":{"0":"post-130516","1":"post","2":"type-post","3":"status-publish","4":"format-standard","5":"has-post-thumbnail","7":"category-espana","8":"tag-ayuso","9":"tag-breaking-news","10":"tag-breakingnews","11":"tag-condena","12":"tag-conexiones","13":"tag-empresarios","14":"tag-es","15":"tag-espana","16":"tag-featured-news","17":"tag-featurednews","18":"tag-gaza","19":"tag-headlines","20":"tag-latest-news","21":"tag-latestnews","22":"tag-madrid","23":"tag-masacre","24":"tag-news","25":"tag-no","26":"tag-noticias","27":"tag-noticias-destacadas","28":"tag-noticiasdestacadas","29":"tag-presidenta","30":"tag-proisraelies","31":"tag-spain","32":"tag-titulares","33":"tag-ultimas-noticias","34":"tag-ultimasnoticias"},"share_on_mastodon":{"url":"","error":""},"_links":{"self":[{"href":"https:\/\/www.europesays.com\/es\/wp-json\/wp\/v2\/posts\/130516","targetHints":{"allow":["GET"]}}],"collection":[{"href":"https:\/\/www.europesays.com\/es\/wp-json\/wp\/v2\/posts"}],"about":[{"href":"https:\/\/www.europesays.com\/es\/wp-json\/wp\/v2\/types\/post"}],"author":[{"embeddable":true,"href":"https:\/\/www.europesays.com\/es\/wp-json\/wp\/v2\/users\/2"}],"replies":[{"embeddable":true,"href":"https:\/\/www.europesays.com\/es\/wp-json\/wp\/v2\/comments?post=130516"}],"version-history":[{"count":0,"href":"https:\/\/www.europesays.com\/es\/wp-json\/wp\/v2\/posts\/130516\/revisions"}],"wp:featuredmedia":[{"embeddable":true,"href":"https:\/\/www.europesays.com\/es\/wp-json\/wp\/v2\/media\/130517"}],"wp:attachment":[{"href":"https:\/\/www.europesays.com\/es\/wp-json\/wp\/v2\/media?parent=130516"}],"wp:term":[{"taxonomy":"category","embeddable":true,"href":"https:\/\/www.europesays.com\/es\/wp-json\/wp\/v2\/categories?post=130516"},{"taxonomy":"post_tag","embeddable":true,"href":"https:\/\/www.europesays.com\/es\/wp-json\/wp\/v2\/tags?post=130516"}],"curies":[{"name":"wp","href":"https:\/\/api.w.org\/{rel}","templated":true}]}}