{"id":130518,"date":"2025-09-21T22:48:18","date_gmt":"2025-09-21T22:48:18","guid":{"rendered":"https:\/\/www.europesays.com\/es\/130518\/"},"modified":"2025-09-21T22:48:18","modified_gmt":"2025-09-21T22:48:18","slug":"la-moncloa-agenda-del-gobierno-gobierno-agenda","status":"publish","type":"post","link":"https:\/\/www.europesays.com\/es\/130518\/","title":{"rendered":"La Moncloa. Agenda del Gobierno [Gobierno\/Agenda]"},"content":{"rendered":"<p>\t\t\t\t\t\t\t\t&#13;<br \/>\n\t\t\t\t\t\t\t\t\t&#13;<\/p>\n<ul class=\"eventList personList\">&#13;<br \/>\n        &#13;<\/p>\n<li>&#13;\n<p>                    <img decoding=\"async\" title=\"22\/11\/2023. Pedro S\u00e1nchez. El presidente del Gobierno, Pedro S\u00e1nchez P\u00e9rez-Castej\u00f3n\" class=\"eventImage\" src=\"https:\/\/www.europesays.com\/es\/wp-content\/uploads\/2025\/09\/presidente_pedro_sanchez.png\" alt=\"22\/11\/2023. Pedro S\u00e1nchez. El presidente del Gobierno, Pedro S\u00e1nchez P\u00e9rez-Castej\u00f3n\"\/><br \/>\n                &#13;<\/p>\n<p>                    Pedro S\u00e1nchez                    <\/p>\n<p class=\"eventDescription cargo\">Presidente del Gobierno<\/p>\n<p>                &#13;<br \/>\n                &#13;<\/p>\n<ul class=\"eventList\">&#13;<br \/>\n                    &#13;<\/p>\n<li>&#13;<br \/>\n                            &#13;<\/p>\n<p class=\"eventPersonTitle\">&#13;<br \/>\nContin\u00faa viaje en EE.UU. para asistir al 80\u00ba per\u00edodo de sesiones de la Asamblea General de Naciones Unidas.<\/p>\n<p>Asisten la vicepresidenta tercera y ministra para la Transici\u00f3n Ecol\u00f3gica y el Reto Demogr\u00e1fico y el ministro de Asuntos Exteriores, Uni\u00f3n Europea y Cooperaci\u00f3n. <\/p>\n<p>                            &#13;\n                        <\/li>\n<p>&#13;<br \/>\n                    &#13;<\/p>\n<li>&#13;\n<p>15:00 h.<\/p>\n<p>&#13;<\/p>\n<p class=\"eventPersonTitle\">Mantiene un encuentro con inversores en la Oficina Econ\u00f3mica y Comercial de Espa\u00f1a en Nueva York.<\/p>\n<p class=\"eventLocation\">09:00 hora local. <\/p>\n<p>                            &#13;\n                        <\/li>\n<p>&#13;<br \/>\n                    &#13;<\/p>\n<li>&#13;\n<p>16:15 h.<\/p>\n<p>&#13;<\/p>\n<p class=\"eventPersonTitle\">Mantiene un encuentro con el CEO de BlackRock, Larry Fink, en Nueva York.<\/p>\n<p class=\"eventLocation\">10:15 hora local.<\/p>\n<p>                            &#13;\n                        <\/li>\n<p>&#13;<br \/>\n                    &#13;<\/p>\n<li>&#13;\n<p>18:00 h.<\/p>\n<p>&#13;<\/p>\n<p class=\"eventPersonTitle\">Pronuncia un discurso en la Universidad de Columbia, con motivo del Foro de L\u00edderes Mundiales, en Nueva York.<\/p>\n<p class=\"eventLocation\">12:00 hora local.<\/p>\n<p>Cobertura gr\u00e1fica en r\u00e9gimen de pool \/ Se\u00f1al en directo.<\/p>\n<p>                            &#13;\n                        <\/li>\n<p>&#13;<br \/>\n                    &#13;<\/p>\n<li>&#13;\n<p>21:00 h.<\/p>\n<p>&#13;<\/p>\n<p class=\"eventPersonTitle\">Interviene en la Conferencia Internacional de alto nivel para la soluci\u00f3n pac\u00edfica de la cuesti\u00f3n de Palestina y la implementaci\u00f3n de la soluci\u00f3n biestatal, en la sala de la Asamblea General de Naciones Unidas, en Nueva York.<\/p>\n<p class=\"eventLocation\">15:00 hora local.<\/p>\n<p>Cobertura abierta \/ Se\u00f1al en directo. <\/p>\n<p>Asiste el ministro de Asuntos Exteriores, Uni\u00f3n Europea y Cooperaci\u00f3n.<\/p>\n<p>                            &#13;\n                        <\/li>\n<p>&#13;<br \/>\n                    &#13;<\/p>\n<li>&#13;\n<p>22:30 h.<\/p>\n<p>&#13;<\/p>\n<p class=\"eventPersonTitle\">Participa en la reuni\u00f3n con motivo del 30\u00ba aniversario de la Conferencia de Beijing sobre la Mujer, en el sal\u00f3n del Consejo de la Administraci\u00f3n Fiduciaria de la sede de Naciones Unidas, en Nueva York.<\/p>\n<p class=\"eventLocation\">16:30 hora local.<\/p>\n<p>Cobertura abierta \/ Se\u00f1al en directo.<\/p>\n<p>                            &#13;\n                        <\/li>\n<p>&#13;<br \/>\n                    &#13;<\/p>\n<li>&#13;\n<p>23:20 h.<\/p>\n<p>&#13;<\/p>\n<p class=\"eventPersonTitle\">Mantiene un encuentro con el secretario general de Naciones Unidas, Ant\u00f3nio Guterres, en la sede de Naciones Unidas, en Nueva York.<\/p>\n<p>Asisten la vicepresidenta tercera y ministra para la Transici\u00f3n Ecol\u00f3gica y el Reto Demogr\u00e1fico y el ministro de Asuntos Exteriores, Uni\u00f3n Europea y Cooperaci\u00f3n. <\/p>\n<p>17:20 hora local. <\/p>\n<p>Cobertura gr\u00e1fica en r\u00e9gimen de pool.<\/p>\n<p>                            &#13;\n                        <\/li>\n<p>&#13;<br \/>\n                    &#13;<\/p>\n<li>&#13;<br \/>\n                            &#13;<\/p>\n<p class=\"eventPersonTitle\">Posteriormente (00:45 h.), mantiene un encuentro con el presidente de la Fundaci\u00f3n Gates, Bill Gates, en Nueva York.<\/p>\n<p class=\"eventLocation\">18:45 hora local.<\/p>\n<p>                            &#13;\n                        <\/li>\n<p>&#13;<br \/>\n                    &#13;<\/p>\n<li>&#13;<br \/>\n                            &#13;<\/p>\n<p class=\"eventPersonTitle\">A continuaci\u00f3n (01:15 h.), asiste al acto de entrega del Global Goalkeepers Award, organizado por la Fundaci\u00f3n Gates, en el Lincoln Center, en Nueva York.<\/p>\n<p class=\"eventLocation\">19:15 hora local.<\/p>\n<p>Cobertura abierta \/ Se\u00f1al en directo.<\/p>\n<p>                            &#13;\n                        <\/li>\n<p>&#13;<br \/>\n                    &#13;\n                        <\/ul>\n<p>&#13;<br \/>\n                    &#13;\n            <\/li>\n<p>&#13;<br \/>\n\t    &#13;<\/p>\n<li>&#13;\n<p>                    <img decoding=\"async\" title=\"La vicepresidenta tercera y ministra para la Transici\u00f3n Ecol\u00f3gica y el Reto Demogr\u00e1fico, Sara Aagesen Mu\u00f1oz.\" class=\"eventImage\" src=\"https:\/\/www.europesays.com\/es\/wp-content\/uploads\/2025\/09\/ministra-sara-aagesen.png\" alt=\"La vicepresidenta tercera y ministra para la Transici\u00f3n Ecol\u00f3gica y el Reto Demogr\u00e1fico, Sara Aagesen Mu\u00f1oz.\"\/><br \/>\n                &#13;<\/p>\n<p>                    Sara Aagesen                    <\/p>\n<p class=\"eventDescription cargo\">Vicepresidenta tercera y ministra para la Transici\u00f3n Ecol\u00f3gica y el Reto Demogr\u00e1fico<\/p>\n<p>                &#13;<br \/>\n                &#13;<\/p>\n<ul class=\"eventList\">&#13;<br \/>\n                    &#13;<\/p>\n<li>&#13;\n<p>14:00 h.<\/p>\n<p>&#13;<\/p>\n<p class=\"eventPersonTitle\"> Participa en acto de adhesi\u00f3n de Espa\u00f1a a la \u00b4Coalici\u00f3n Pioneros por los Oc\u00e9anos\u2019, en la sede de Naciones Unidas, en Nueva York.<\/p>\n<p>                            &#13;\n                        <\/li>\n<p>&#13;<br \/>\n                    &#13;<\/p>\n<li>&#13;\n<p>18:45 h.<\/p>\n<p>&#13;<\/p>\n<p class=\"eventPersonTitle\">Se re\u00fane con la secretaria general de la Organizaci\u00f3n Meteorol\u00f3gica Mundial, Celeste Saulo, en la sede de Naciones Unidas, en Nueva York.&#13;\n<\/p>\n<p>                            &#13;\n                        <\/li>\n<p>&#13;<br \/>\n                    &#13;<\/p>\n<li>&#13;\n<p>19:00 h.<\/p>\n<p>&#13;<\/p>\n<p class=\"eventPersonTitle\">Se re\u00fane con la secretaria ejecutiva del Convenio sobre la Diversidad Biol\u00f3gica, Astrid Schomaker, en la sede de Naciones Unidas, en Nueva York.<\/p>\n<p>                            &#13;\n                        <\/li>\n<p>&#13;<br \/>\n                    &#13;<\/p>\n<li>&#13;\n<p>20:00 h.<\/p>\n<p>&#13;<\/p>\n<p class=\"eventPersonTitle\">Participa en el acto de adhesi\u00f3n de Espa\u00f1a a la &#8216;Carta de Incendios Forestales de Kananaskis&#8217;, en la sede de Naciones Unidas, en Nueva York.&#13;\n<\/p>\n<p>                            &#13;\n                        <\/li>\n<p>&#13;<br \/>\n                    &#13;<\/p>\n<li>&#13;\n<p>23:45 h.<\/p>\n<p>&#13;<\/p>\n<p class=\"eventPersonTitle\">Asiste a la recepci\u00f3n con S.M. el Rey Felipe VI, en la sede de la Embajada de Espa\u00f1a ante Naciones Unidas, en Nueva York.&#13;\n<\/p>\n<p>                            &#13;\n                        <\/li>\n<p>&#13;<br \/>\n                    &#13;\n                        <\/ul>\n<p>&#13;<br \/>\n                    &#13;\n            <\/li>\n<p>&#13;<br \/>\n\t    &#13;<\/p>\n<li>&#13;\n<p>                    <img decoding=\"async\" title=\"26\/08\/2025. Jos\u00e9 Manuel Albares Bueno. El ministro de Asuntos Exteriores, Uni\u00f3n Europea y Cooperaci\u00f3n, Jos\u00e9 Manuel Albares Bueno.\" class=\"eventImage\" src=\"https:\/\/www.europesays.com\/es\/wp-content\/uploads\/2025\/09\/ministro_jose_manuel_albares.jpg\" alt=\"26\/08\/2025. Jos\u00e9 Manuel Albares Bueno. El ministro de Asuntos Exteriores, Uni\u00f3n Europea y Cooperaci\u00f3n, Jos\u00e9 Manuel Albares Bueno.\"\/><br \/>\n                &#13;<\/p>\n<p>                    Jos\u00e9 Manuel Albares                    <\/p>\n<p class=\"eventDescription cargo\">Ministro de Asuntos Exteriores, Uni\u00f3n Europea y Cooperaci\u00f3n<\/p>\n<p>                &#13;<br \/>\n                &#13;<\/p>\n<ul class=\"eventList\">&#13;<br \/>\n                    &#13;<\/p>\n<li>&#13;\n<p>15:00 h.<\/p>\n<p>&#13;<\/p>\n<p class=\"eventPersonTitle\">Asiste a la celebraci\u00f3n del 80\u00ba Aniversario de Naciones Unidas, en la sede de Naciones Unidas, en Nueva York.<\/p>\n<p>                            &#13;\n                        <\/li>\n<p>&#13;<br \/>\n                    &#13;<\/p>\n<li>&#13;\n<p>16:00 h.<\/p>\n<p>&#13;<\/p>\n<p class=\"eventPersonTitle\">Asiste a la Conferencia de la Mujer de Beijing +30, en la sede de Naciones Unidas, en Nueva York.<\/p>\n<p>                            &#13;\n                        <\/li>\n<p>&#13;<br \/>\n                    &#13;<\/p>\n<li>&#13;\n<p>16:30 h.<\/p>\n<p>&#13;<\/p>\n<p class=\"eventPersonTitle\"> Interviene en la reuni\u00f3n ministerial sobre Diplomacia del Agua, en la sede de Naciones Unidas, en Nueva York.<\/p>\n<p>                            &#13;\n                        <\/li>\n<p>&#13;<br \/>\n                    &#13;<\/p>\n<li>&#13;\n<p>18:30 h.<\/p>\n<p>&#13;<\/p>\n<p class=\"eventPersonTitle\">Participa en la reuni\u00f3n Informal de ministros de Asuntos Exteriores de la UE, en la Delegaci\u00f3n de la Uni\u00f3n Europea, en Nueva York.<\/p>\n<p>A su llegada atiende a los medios de comunicaci\u00f3n. <\/p>\n<p>12:30 hora local.<\/p>\n<p>                            &#13;\n                        <\/li>\n<p>&#13;<br \/>\n                    &#13;<\/p>\n<li>&#13;\n<p>22:30 h.<\/p>\n<p>&#13;<\/p>\n<p class=\"eventPersonTitle\">Es entrevistado en el programa &#8216;La noche en 24 horas&#8217;, del Canal 24 Horas, de TVE.<\/p>\n<p>                            &#13;\n                        <\/li>\n<p>&#13;<br \/>\n                    &#13;\n                        <\/ul>\n<p>&#13;<br \/>\n                    &#13;\n            <\/li>\n<p>&#13;<br \/>\n\t    &#13;<\/p>\n<li>&#13;\n<p>                    <img decoding=\"async\" title=\"22\/11\/2023. F\u00e9lix Bola\u00f1os. El ministro de la Presidencia, Justicia y Relaciones con las Cortes, F\u00e9lix Bola\u00f1os.\" class=\"eventImage\" src=\"https:\/\/www.europesays.com\/es\/wp-content\/uploads\/2025\/09\/ministro_felix_bolanos.jpg\" alt=\"22\/11\/2023. F\u00e9lix Bola\u00f1os. El ministro de la Presidencia, Justicia y Relaciones con las Cortes, F\u00e9lix Bola\u00f1os.\"\/><br \/>\n                &#13;<\/p>\n<p>                    F\u00e9lix Bola\u00f1os                    <\/p>\n<p class=\"eventDescription cargo\">Ministro de la Presidencia, Justicia y Relaciones con las Cortes<\/p>\n<p>                &#13;<br \/>\n                &#13;<\/p>\n<ul class=\"eventList\">&#13;<br \/>\n                    &#13;<\/p>\n<li>&#13;\n<p>13:00 h.<\/p>\n<p>&#13;<\/p>\n<p class=\"eventPersonTitle\">Mantiene una reuni\u00f3n con el embajador del Reino Unido en Espa\u00f1a, Alex Ellis, en el Complejo de la Moncloa.<\/p>\n<p>                            &#13;\n                        <\/li>\n<p>&#13;<br \/>\n                    &#13;\n                        <\/ul>\n<p>&#13;<br \/>\n                    &#13;\n            <\/li>\n<p>&#13;<br \/>\n\t    &#13;<\/p>\n<li>&#13;\n<p>                    <img decoding=\"async\" title=\"22\/11\/2023. Margarita Robles Fern\u00e1ndez. La ministra de Defensa, Margarita Robles Fern\u00e1ndez.\" class=\"eventImage\" src=\"https:\/\/www.europesays.com\/es\/wp-content\/uploads\/2025\/09\/ministra_margarita_robles.jpg\" alt=\"22\/11\/2023. Margarita Robles Fern\u00e1ndez. La ministra de Defensa, Margarita Robles Fern\u00e1ndez.\"\/><br \/>\n                &#13;<\/p>\n<p>                    Margarita Robles                     <\/p>\n<p class=\"eventDescription cargo\">Ministra de Defensa<\/p>\n<p>                &#13;<br \/>\n                &#13;<\/p>\n<ul class=\"eventList\">&#13;<br \/>\n                    &#13;<\/p>\n<li>&#13;\n<p>10:30 h.<\/p>\n<p>&#13;<\/p>\n<p class=\"eventPersonTitle\">Visita la escuela infantil del Hospital Central de la Defensa &#8216;G\u00f3mez Ulla&#8217;, en Madrid.<\/p>\n<p>                            &#13;\n                        <\/li>\n<p>&#13;<br \/>\n                    &#13;<\/p>\n<li>&#13;\n<p>13:00 h.<\/p>\n<p>&#13;<\/p>\n<p class=\"eventPersonTitle\">Recibe al general de divisi\u00f3n Fernando Carrillo Cremades, en la sede del Ministerio.<\/p>\n<p>                            &#13;\n                        <\/li>\n<p>&#13;<br \/>\n                    &#13;\n                        <\/ul>\n<p>&#13;<br \/>\n                    &#13;\n            <\/li>\n<p>&#13;<br \/>\n\t    &#13;<\/p>\n<li>&#13;\n<p>                    <img decoding=\"async\" title=\"22\/11\/2023. Fernando Grande-Marlaska G\u00f3mez. El ministro del Interior, Fernando Grande-Marlaska G\u00f3mez.\" class=\"eventImage\" src=\"https:\/\/www.europesays.com\/es\/wp-content\/uploads\/2025\/09\/ministro_fernando_marlaska.jpg\" alt=\"22\/11\/2023. Fernando Grande-Marlaska G\u00f3mez. El ministro del Interior, Fernando Grande-Marlaska G\u00f3mez.\"\/><br \/>\n                &#13;<\/p>\n<p>                    Fernando Grande-Marlaska                    <\/p>\n<p class=\"eventDescription cargo\">Ministro del Interior<\/p>\n<p>                &#13;<br \/>\n                &#13;<\/p>\n<ul class=\"eventList\">&#13;<br \/>\n                    &#13;<\/p>\n<li>&#13;\n<p>11:00 h.<\/p>\n<p>&#13;<\/p>\n<p class=\"eventPersonTitle\">Inaugura el nuevo acuartelamiento de la Guardia Civil en Zaragoza.<\/p>\n<p class=\"eventLocation\">C\/ Belle \u00c9poque, s\/n.<\/p>\n<p>Tras el acto, atiende a los medios de comunicaci\u00f3n. <\/p>\n<p>Asiste la ministra de Educaci\u00f3n, Formaci\u00f3n Profesional y Deportes y portavoz del Gobierno.<\/p>\n<p>                            &#13;\n                        <\/li>\n<p>&#13;<br \/>\n                    &#13;\n                        <\/ul>\n<p>&#13;<br \/>\n                    &#13;\n            <\/li>\n<p>&#13;<br \/>\n\t    &#13;<\/p>\n<li>&#13;\n<p>                    <img decoding=\"async\" title=\"22\/11\/2023. \u00d3scar Puente. El ministro de Transportes y Movilidad Sostenible, \u00d3scar Puente.\" class=\"eventImage\" src=\"https:\/\/www.europesays.com\/es\/wp-content\/uploads\/2025\/09\/ministro_oscar_puente.jpg\" alt=\"22\/11\/2023. \u00d3scar Puente. El ministro de Transportes y Movilidad Sostenible, \u00d3scar Puente.\"\/><br \/>\n                &#13;<\/p>\n<p>                    \u00d3scar Puente                     <\/p>\n<p class=\"eventDescription cargo\">Ministro de Transportes y Movilidad Sostenible <\/p>\n<p>                &#13;<br \/>\n                &#13;<\/p>\n<ul class=\"eventList\">&#13;<br \/>\n                    &#13;<\/p>\n<li>&#13;<br \/>\n                            &#13;<br \/>\n                            &#13;\n                        <\/li>\n<p>&#13;<br \/>\n                    &#13;<\/p>\n<li>&#13;\n<p>18:00 h.<\/p>\n<p>&#13;<\/p>\n<p class=\"eventPersonTitle\">Visita la factor\u00eda de Airbus en Mirabel (Canad\u00e1) y participa en la mesa redonda de alto nivel con el comisario de Transporte Sostenible y Turismo, Apostolos Tzitzikostas, y los representantes de los pa\u00edses socios de Airbus, Espa\u00f1a, Reino Unido, Alemania y Francia, junto al CEO de Airbus Canad\u00e1, Beno\u00eet Schultz.<\/p>\n<p>                            &#13;\n                        <\/li>\n<p>&#13;<br \/>\n                    &#13;<\/p>\n<li>&#13;\n<p>23:45 h.<\/p>\n<p>&#13;<\/p>\n<p class=\"eventPersonTitle\">Participa en la celebraci\u00f3n el 20\u00ba Aniversario de la Representaci\u00f3n Permanente de la UE en la Organizaci\u00f3n de Aviaci\u00f3n Civil Internacional (OACI), en Montreal (Canad\u00e1).<\/p>\n<p>                            &#13;\n                        <\/li>\n<p>&#13;<br \/>\n                    &#13;\n                        <\/ul>\n<p>&#13;<br \/>\n                    &#13;\n            <\/li>\n<p>&#13;<br \/>\n\t    &#13;<\/p>\n<li>&#13;\n<p>                    <img decoding=\"async\" title=\"22\/11\/2023. Jordi Hereu Boher. El ministro de Industria y Turismo, Jordi Hereu Boher.\" class=\"eventImage\" src=\"https:\/\/www.europesays.com\/es\/wp-content\/uploads\/2025\/09\/ministro_jordi_hereu.jpg\" alt=\"22\/11\/2023. Jordi Hereu Boher. El ministro de Industria y Turismo, Jordi Hereu Boher.\"\/><br \/>\n                &#13;<\/p>\n<p>                    Jordi Hereu                    <\/p>\n<p class=\"eventDescription cargo\">Ministro de Industria y Turismo<\/p>\n<p>                &#13;<br \/>\n                &#13;<\/p>\n<ul class=\"eventList\">&#13;<br \/>\n                    &#13;<\/p>\n<li>&#13;\n<p>10:00 h.<\/p>\n<p>&#13;<\/p>\n<p class=\"eventPersonTitle\">Participa en la reuni\u00f3n interministerial de Turismo, en la sede del Ministerio.<\/p>\n<p>                            &#13;\n                        <\/li>\n<p>&#13;<br \/>\n                    &#13;<\/p>\n<li>&#13;\n<p>19:30 h.<\/p>\n<p>&#13;<\/p>\n<p class=\"eventPersonTitle\">Interviene en la IV edici\u00f3n de los &#8216;Premios VIAJAR&#8217;, organizados por la revista Viajar, en el Hotel Mandarin Oriental Ritz, en Madrid.<\/p>\n<p>                            &#13;\n                        <\/li>\n<p>&#13;<br \/>\n                    &#13;\n                        <\/ul>\n<p>&#13;<br \/>\n                    &#13;\n            <\/li>\n<p>&#13;<br \/>\n\t    &#13;<\/p>\n<li>&#13;\n<p>                    <img decoding=\"async\" title=\"22\/11\/2023. Luis Planas. El ministro de Agricultura, Pesca y Alimentaci\u00f3n, Luis Planas.\" class=\"eventImage\" src=\"https:\/\/www.europesays.com\/es\/wp-content\/uploads\/2025\/09\/ministro_luis_planas.jpg\" alt=\"22\/11\/2023. Luis Planas. El ministro de Agricultura, Pesca y Alimentaci\u00f3n, Luis Planas.\"\/><br \/>\n                &#13;<\/p>\n<p>                    Luis Planas                    <\/p>\n<p class=\"eventDescription cargo\">Ministro de Agricultura, Pesca y Alimentaci\u00f3n<\/p>\n<p>                &#13;<br \/>\n                &#13;<\/p>\n<ul class=\"eventList\">&#13;<br \/>\n                    &#13;<\/p>\n<li>&#13;\n<p>10:00 h.<\/p>\n<p>&#13;<\/p>\n<p class=\"eventPersonTitle\">Participa en el Consejo de Ministros de Agricultura y Pesca de la Uni\u00f3n Europea, en Bruselas.<\/p>\n<p>A su llegada (09:30 h.), atiende a los medios de comunicaci\u00f3n.<\/p>\n<p>                            &#13;\n                        <\/li>\n<p>&#13;<br \/>\n                    &#13;<\/p>\n<li>&#13;\n<p>17:00 h.<\/p>\n<p>&#13;<\/p>\n<p class=\"eventPersonTitle\">Asiste al acto de entrega de la Gran Cruz de la Orden Civil del M\u00e9rito Agrario, Pesquero y Alimentario, Secci\u00f3n M\u00e9rito Pesquero, a Iv\u00e1n G\u00e1bor, en Bruselas.<\/p>\n<p>                            &#13;\n                        <\/li>\n<p>&#13;<br \/>\n                    &#13;<\/p>\n<li>&#13;\n<p>17:30 h.<\/p>\n<p>&#13;<\/p>\n<p class=\"eventPersonTitle\">Mantiene un encuentro bilateral con el ministro de Agricultura de la Rep\u00fablica de Polonia, Stefan Krajewski, en Bruselas.<\/p>\n<p>                            &#13;\n                        <\/li>\n<p>&#13;<br \/>\n                    &#13;\n                        <\/ul>\n<p>&#13;<br \/>\n                    &#13;\n            <\/li>\n<p>&#13;<br \/>\n\t    &#13;<\/p>\n<li>&#13;\n<p>                    <img decoding=\"async\" title=\"22\/11\/2023. Isabel Rodr\u00edguez Garc\u00eda. La ministra de Vivienda y Agenda Urbana, Isabel Rodr\u00edguez Garc\u00eda.\" class=\"eventImage\" src=\"https:\/\/www.europesays.com\/es\/wp-content\/uploads\/2025\/09\/ministra_isabel_rodriguez.jpg\" alt=\"22\/11\/2023. Isabel Rodr\u00edguez Garc\u00eda. La ministra de Vivienda y Agenda Urbana, Isabel Rodr\u00edguez Garc\u00eda.\"\/><br \/>\n                &#13;<\/p>\n<p>                    Isabel Rodr\u00edguez                    <\/p>\n<p class=\"eventDescription cargo\">Ministra de Vivienda y Agenda Urbana <\/p>\n<p>                &#13;<br \/>\n                &#13;<\/p>\n<ul class=\"eventList\">&#13;<br \/>\n                    &#13;<\/p>\n<li>&#13;\n<p>09:00 h.<\/p>\n<p>&#13;<\/p>\n<p class=\"eventPersonTitle\">Es entrevistada en el programa &#8216;Las Ma\u00f1anas&#8217;, de RNE.<\/p>\n<p>                            &#13;\n                        <\/li>\n<p>&#13;<br \/>\n                    &#13;\n                        <\/ul>\n<p>&#13;<br \/>\n                    &#13;\n            <\/li>\n<p>&#13;<br \/>\n\t    &#13;<\/p>\n<li>&#13;\n<p>                    <img decoding=\"async\" title=\"22\/11\/2023. M\u00f3nica Garc\u00eda G\u00f3mez. La ministra de Sanidad, M\u00f3nica Garc\u00eda G\u00f3mez.\" class=\"eventImage\" src=\"https:\/\/www.europesays.com\/es\/wp-content\/uploads\/2025\/09\/ministra_monica_garcia.jpg\" alt=\"22\/11\/2023. M\u00f3nica Garc\u00eda G\u00f3mez. La ministra de Sanidad, M\u00f3nica Garc\u00eda G\u00f3mez.\"\/><br \/>\n                &#13;<\/p>\n<p>                    M\u00f3nica Garc\u00eda                    <\/p>\n<p class=\"eventDescription cargo\">Ministra de Sanidad<\/p>\n<p>                &#13;<br \/>\n                &#13;<\/p>\n<ul class=\"eventList\">&#13;<br \/>\n                    &#13;<\/p>\n<li>&#13;\n<p>10:00 h.<\/p>\n<p>&#13;<\/p>\n<p class=\"eventPersonTitle\">Interviene en el desayuno informativo organizado por Europa Press, en el Hotel Hyatt Regency Hesperia, en Madrid.<\/p>\n<p>Asiste la vicepresidenta segunda y ministra de Trabajo y Econom\u00eda Social.<\/p>\n<p>                            &#13;\n                        <\/li>\n<p>&#13;<br \/>\n                    &#13;\n                        <\/ul>\n<p>&#13;<br \/>\n                    &#13;\n            <\/li>\n<p>&#13;<br \/>\n\t    &#13;<\/p>\n<li>&#13;\n<p>                    <img decoding=\"async\" title=\"22\/11\/2023. Elma Saiz. La ministra de Inclusi\u00f3n, Seguridad Social y Migraciones, Elma Saiz.\" class=\"eventImage\" src=\"https:\/\/www.europesays.com\/es\/wp-content\/uploads\/2025\/09\/ministra_elma_saiz.jpg\" alt=\"22\/11\/2023. Elma Saiz. La ministra de Inclusi\u00f3n, Seguridad Social y Migraciones, Elma Saiz.\"\/><br \/>\n                &#13;<\/p>\n<p>                    Elma Saiz                    <\/p>\n<p class=\"eventDescription cargo\">Ministra de Inclusi\u00f3n, Seguridad Social y Migraciones <\/p>\n<p>                &#13;<br \/>\n                &#13;<\/p>\n<ul class=\"eventList\">&#13;<br \/>\n                    &#13;<\/p>\n<li>&#13;\n<p>09:00 h.<\/p>\n<p>&#13;<\/p>\n<p class=\"eventPersonTitle\">Se re\u00fane con el director del Observatorio Espa\u00f1ol del Racismo y la Xenofobia (OBERAXE), Tom\u00e1s Fern\u00e1ndez Villazala, en la sede del Ministerio.<\/p>\n<p>                            &#13;\n                        <\/li>\n<p>&#13;<br \/>\n                    &#13;<\/p>\n<li>&#13;\n<p>12:15 h.<\/p>\n<p>&#13;<\/p>\n<p class=\"eventPersonTitle\">Se re\u00fane, junto al director del Observatorio Espa\u00f1ol del Racismo y la Xenofobia (OBERAXE), Tom\u00e1s Fern\u00e1ndez Villazala, con representantes de las principales plataformas digitales: X, Meta, Instagram y TikTok, en la sede del Ministerio.<\/p>\n<p>Cobertura gr\u00e1fica. <\/p>\n<p>Tras la reuni\u00f3n (12:30 h.), atiende a los medios de comunicaci\u00f3n.<\/p>\n<p>                            &#13;\n                        <\/li>\n<p>&#13;<br \/>\n                    &#13;<\/p>\n<li>&#13;\n<p>12:30 h.<\/p>\n<p>&#13;<\/p>\n<p class=\"eventPersonTitle\">Se re\u00fane con representantes del Consejo General de Graduados Sociales, en la sede del Ministerio.<\/p>\n<p>                            &#13;\n                        <\/li>\n<p>&#13;<br \/>\n                    &#13;\n                        <\/ul>\n<p>&#13;<br \/>\n                    &#13;\n            <\/li>\n<p>&#13;<br \/>\n\t    &#13;\n            <\/ul>\n<p>\t\t\t\t\t\t\t\t\t &#13;<br \/>\n\t\t\t\t\t\t\t\t\t&#13;<\/p>\n<p id=\"ctl00_CookieInfo_pCookieText\">Este sitio web utiliza cookies propias y de terceros para mantener la sesi\u00f3n, ofrecerle una mejor experiencia de usuario y obtener datos estad\u00edsticos de navegaci\u00f3n de los usuarios. Para m\u00e1s informaci\u00f3n vea la <a title=\"Pol\u00edtica de cookies\" target=\"_self\" href=\"https:\/\/www.lamoncloa.gob.es\/Paginas\/politica-de-cookies.aspx\" rel=\"nofollow noopener\">Pol\u00edtica de cookies<\/a><\/p>\n<p>    Aceptar<br \/>\n    Rechazar<\/p>\n","protected":false},"excerpt":{"rendered":"&#13; &#13; &#13; &#13; &#13; &#13; Pedro S\u00e1nchez Presidente del Gobierno &#13; &#13; &#13; &#13; &#13; &#13; &#13;&hellip;\n","protected":false},"author":2,"featured_media":46302,"comment_status":"","ping_status":"","sticky":false,"template":"","format":"standard","meta":{"footnotes":""},"categories":[5],"tags":[17,18,25,24,13,14,11,19,20,9,10,15,16,23,12,21,22],"class_list":{"0":"post-130518","1":"post","2":"type-post","3":"status-publish","4":"format-standard","5":"has-post-thumbnail","7":"category-titulares","8":"tag-breaking-news","9":"tag-breakingnews","10":"tag-es","11":"tag-espana","12":"tag-featured-news","13":"tag-featurednews","14":"tag-headlines","15":"tag-latest-news","16":"tag-latestnews","17":"tag-news","18":"tag-noticias","19":"tag-noticias-destacadas","20":"tag-noticiasdestacadas","21":"tag-spain","22":"tag-titulares","23":"tag-ultimas-noticias","24":"tag-ultimasnoticias"},"share_on_mastodon":{"url":"","error":""},"_links":{"self":[{"href":"https:\/\/www.europesays.com\/es\/wp-json\/wp\/v2\/posts\/130518","targetHints":{"allow":["GET"]}}],"collection":[{"href":"https:\/\/www.europesays.com\/es\/wp-json\/wp\/v2\/posts"}],"about":[{"href":"https:\/\/www.europesays.com\/es\/wp-json\/wp\/v2\/types\/post"}],"author":[{"embeddable":true,"href":"https:\/\/www.europesays.com\/es\/wp-json\/wp\/v2\/users\/2"}],"replies":[{"embeddable":true,"href":"https:\/\/www.europesays.com\/es\/wp-json\/wp\/v2\/comments?post=130518"}],"version-history":[{"count":0,"href":"https:\/\/www.europesays.com\/es\/wp-json\/wp\/v2\/posts\/130518\/revisions"}],"wp:featuredmedia":[{"embeddable":true,"href":"https:\/\/www.europesays.com\/es\/wp-json\/wp\/v2\/media\/46302"}],"wp:attachment":[{"href":"https:\/\/www.europesays.com\/es\/wp-json\/wp\/v2\/media?parent=130518"}],"wp:term":[{"taxonomy":"category","embeddable":true,"href":"https:\/\/www.europesays.com\/es\/wp-json\/wp\/v2\/categories?post=130518"},{"taxonomy":"post_tag","embeddable":true,"href":"https:\/\/www.europesays.com\/es\/wp-json\/wp\/v2\/tags?post=130518"}],"curies":[{"name":"wp","href":"https:\/\/api.w.org\/{rel}","templated":true}]}}