{"id":130519,"date":"2025-09-21T22:49:20","date_gmt":"2025-09-21T22:49:20","guid":{"rendered":"https:\/\/www.europesays.com\/es\/130519\/"},"modified":"2025-09-21T22:49:20","modified_gmt":"2025-09-21T22:49:20","slug":"jovenes-maulinas-participan-en-el-torneo-surcentroamericano-de-balonmano-en-paraguay","status":"publish","type":"post","link":"https:\/\/www.europesays.com\/es\/130519\/","title":{"rendered":"J\u00f3venes maulinas participan en el Torneo Surcentroamericano de balonmano en Paraguay"},"content":{"rendered":"<p class=\"p1\">El balonmano maulino dice presente en el Torneo Surcentroamericano de Balonmano 2025, que se desarrolla en Asunci\u00f3n, Paraguay, con la presencia de jugadoras del Club Deportivo Colegio Montessori.<\/p>\n<p class=\"p1\">Entre las representantes destaca la talquina Sof\u00eda Tepper Gajardo, de 13 a\u00f1os, quien tras un a\u00f1o de concentraciones peri\u00f3dicas en Santiago actualmente disputa la fase grupal del certamen U13, que comenz\u00f3 el martes 16 de septiembre y que re\u00fane a potencias como Brasil, Paraguay, Argentina y Uruguay.<\/p>\n<p class=\"p1\">En la categor\u00eda U15, la selecci\u00f3n chilena cuenta con dos nombres de la regi\u00f3n: Antonia Concha Rojas, tambi\u00e9n talquina, y Vanesa Gajardo Campos, oriunda de Curic\u00f3. <\/p>\n<p class=\"p1\">Ambas fueron campeonas nacionales escolares U14 y medallistas de bronce en el Sudamericano Escolar 2024 de Bucaramanga, Colombia. Ahora se preparan para debutar el lunes 22 de septiembre en el Grupo A, donde enfrentar\u00e1n a Argentina y Uruguay, en busca de un cupo para el Primer Mundial U16 de la disciplina que se disputar\u00e1 en 2026.<\/p>\n<p class=\"p1\"><strong>PROCESO<\/strong><br \/>A este proceso que dirigen Pablo Vicencio y Esteban Ar\u00e9valo, se suman adem\u00e1s cuatro jugadoras preseleccionadas del Maule: Florencia Casanova Az\u00f3car, Mar\u00eda Francisca Barraza Esp\u00edndola, Magdalena C\u00e1ceres Mu\u00f1oz y Florencia Mar\u00edn Cornejo.<\/p>\n<p class=\"p1\">Con estos nombres, el Maule sigue consolid\u00e1ndose como una cantera de talentos que buscan dejar huella en la escena internacional del balonmano.<\/p>\n<p><img loading=\"lazy\" decoding=\"async\" class=\"alignnone size-full wp-image-49065\" src=\"https:\/\/www.europesays.com\/es\/wp-content\/uploads\/2025\/09\/63596a4a-c43c-4e31-8724-c3a966e68bef.jpeg\" alt=\"\" width=\"640\" height=\"480\"\/><\/p>\n","protected":false},"excerpt":{"rendered":"El balonmano maulino dice presente en el Torneo Surcentroamericano de Balonmano 2025, que se desarrolla en Asunci\u00f3n, Paraguay,&hellip;\n","protected":false},"author":2,"featured_media":130520,"comment_status":"","ping_status":"","sticky":false,"template":"","format":"standard","meta":{"footnotes":""},"categories":[278],"tags":[376,168,25,24,375,23,167],"class_list":{"0":"post-130519","1":"post","2":"type-post","3":"status-publish","4":"format-standard","5":"has-post-thumbnail","7":"category-balonmano","8":"tag-balonmano","9":"tag-deportes","10":"tag-es","11":"tag-espana","12":"tag-handball","13":"tag-spain","14":"tag-sports"},"share_on_mastodon":{"url":"","error":""},"_links":{"self":[{"href":"https:\/\/www.europesays.com\/es\/wp-json\/wp\/v2\/posts\/130519","targetHints":{"allow":["GET"]}}],"collection":[{"href":"https:\/\/www.europesays.com\/es\/wp-json\/wp\/v2\/posts"}],"about":[{"href":"https:\/\/www.europesays.com\/es\/wp-json\/wp\/v2\/types\/post"}],"author":[{"embeddable":true,"href":"https:\/\/www.europesays.com\/es\/wp-json\/wp\/v2\/users\/2"}],"replies":[{"embeddable":true,"href":"https:\/\/www.europesays.com\/es\/wp-json\/wp\/v2\/comments?post=130519"}],"version-history":[{"count":0,"href":"https:\/\/www.europesays.com\/es\/wp-json\/wp\/v2\/posts\/130519\/revisions"}],"wp:featuredmedia":[{"embeddable":true,"href":"https:\/\/www.europesays.com\/es\/wp-json\/wp\/v2\/media\/130520"}],"wp:attachment":[{"href":"https:\/\/www.europesays.com\/es\/wp-json\/wp\/v2\/media?parent=130519"}],"wp:term":[{"taxonomy":"category","embeddable":true,"href":"https:\/\/www.europesays.com\/es\/wp-json\/wp\/v2\/categories?post=130519"},{"taxonomy":"post_tag","embeddable":true,"href":"https:\/\/www.europesays.com\/es\/wp-json\/wp\/v2\/tags?post=130519"}],"curies":[{"name":"wp","href":"https:\/\/api.w.org\/{rel}","templated":true}]}}