{"id":130521,"date":"2025-09-21T22:50:10","date_gmt":"2025-09-21T22:50:10","guid":{"rendered":"https:\/\/www.europesays.com\/es\/130521\/"},"modified":"2025-09-21T22:50:10","modified_gmt":"2025-09-21T22:50:10","slug":"morante-de-la-puebla-sonata-inconclusa-de-una-tarde-memorable-en-salamanca-el-mundo","status":"publish","type":"post","link":"https:\/\/www.europesays.com\/es\/130521\/","title":{"rendered":"Morante de la Puebla: sonata inconclusa de una tarde memorable en Salamanca &#8211; El Mundo"},"content":{"rendered":"<ol>\n<li><a href=\"https:\/\/news.google.com\/rss\/articles\/CBMigwFBVV95cUxPMUxzb29rN0Q3bXZvY1docDNwYlBrQi1yeHU1eHd6SVdJN082QjlNSlVxUlYxaEQ2VkdYZnpLc3FuLXVGYzc0OGIwRnIxS0NRQjdjdi03Y3pqUDBDUVdtdFFqSTNTR3BWcUYtWS11UjEwZ0V3aHh1M3FCcDZmOVBGYkduZ9IBgwFBVV95cUxQUF9PcVhUU3dWYlFDTVdlNVY5MTF0N3BMY2xldlFKT1JUdXRtcklwRGdiYlA2Y1RrVGFxVlEtWFQ0QWlWNG10SjJBWWJsbTZYQWNULVhiekI4cjN4R3NfMjFmNUlXaG1lV0RWWG9qTVZicVplVXF0S1N0c3NQcVZVX3VPRQ?oc=5\" target=\"_blank\" rel=\"nofollow noopener\">Morante de la Puebla: sonata inconclusa de una tarde memorable en Salamanca<\/a>&nbsp;&nbsp;El Mundo<\/li>\n<li><a href=\"https:\/\/news.google.com\/rss\/articles\/CBMisAFBVV95cUxOY25IVlZZRndYa1IyVDhQODI2cTc0MnNnTF9pSEZkamo4ZmZaTklzcjNDMndVaVRZa3ZXVEhweWZQNFZYZlEtbGtMWDNBSWF3UDBWTTVUMU8zMjJyWU9TY2xUVVhfSkhuamc4X1JISkhzYnpTQXBzSG5XV1ZkU3F1WjhTVHdKMm5yNm1KSnFrUmVqbXNaRkI2Y2RPWlljSy0wclZqd2tzTzRNOVJWUHdMOA?oc=5\" target=\"_blank\" rel=\"nofollow noopener\">Morante y su recital con el capote en La Glorieta: \u00abAqu\u00ed ha sido y aqu\u00ed se quedar\u00e1 para siempre<\/a>&nbsp;&nbsp;La Gaceta de Salamanca<\/li>\n<li><a href=\"https:\/\/news.google.com\/rss\/articles\/CBMilgFBVV95cUxNb1dQXzdNWlpBOXF4WTY3dUJFdTJaNFd6QkJuN0xQaFM1MldqSDNPc0daNnpqOGpUSVA4MlJLbFB1MHk3NTFoR2pxTm9DZVBqZE5MaHNlQXJYVm83dWtvUUx2VDRwa0dXRnRBam16elhjNFhHV0J5R2RSeXM0elFzd1NpWHlUbXpQQTB5VmRNRkpvYUhVOVE?oc=5\" target=\"_blank\" rel=\"nofollow noopener\">As\u00ed ha vivido la afici\u00f3n salmantina el adi\u00f3s a la feria desde los tendidos: im\u00e1genes del ambiente en la corrida concurso<\/a>&nbsp;&nbsp;Salamanca24horas<\/li>\n<li><a href=\"https:\/\/news.google.com\/rss\/articles\/CBMi7wFBVV95cUxONE4wOFVWM0FvM3NwNDJNejdFT2dXRUZjYUxiN2VtdE1BNXVxQldvaDVSa3NYbWFKSHFlY3dfQldsMGxreXpTbnJfUEt5SWRpNzBhbFprb1JRYjMwaEJYbm1wYl9uTE84VEVpcDVlZ25VSUtmN0dyYjZEbFV1NjFqTDdhM2V1VGN1ZEI1Tkstd3I4N1pVQ010NXQ2WkVnUkZxWXRkREg3UHc1QnhVR295MGtKOXdpU25FQkhvV1lpNGxmUGw4NWtnb3F3RkYtNU1lY01HUFFKYlFrZlNIWktGUjdMTWowSHBkYU1hbUI4b9IB9AFBVV95cUxPZXRYTkQ2YnRISWxOTHgzaTVUcTRFLVAxYlAtNkRLRV80emkxSUpOUVJfX182S0FKMGZzWjBLeUNsMGxmY25YUFFYNmo3ZjFVWEZ4SC1nNzdkVDV4OHFvWXV4RVBkZlM4NUFIN0FRajVTSWxnTV9HbnhaOXRaNkRKWXRsblZxRVY0WDdvWk9rTWpnX2N0STJTVURPQUNqb3ZqM0NGV1dkQk5XUGRUcjZGTEdsWWIxT29SSkllbHFreEZmSHRhWXYybEk1c3FpZlFkaTRoYkc3RU8wMnVYM205cXIxZDVoTUVSOXBiLXFRMTNXVTE2?oc=5\" target=\"_blank\" rel=\"nofollow noopener\">El \u2018Galleo del Bu\u2019 de Morante y el toreo en redondo de Borja Jim\u00e9nez cierran la feria de Salamanca<\/a>&nbsp;&nbsp;El Espa\u00f1ol<\/li>\n<li><a href=\"https:\/\/news.google.com\/rss\/articles\/CBMie0FVX3lxTE1pd0hNYUoxcHpNWmJwbFlLQTg5TmljLU9raEY3bmp5a3hOcGhBeGxBREJsSmRwX0M1Wm9UQkg3aTNqa3NDelczSzdxc2ZzZEtyNUkwX1dQTG10SE5lM2JSVVFBSV9zTzAwVTFuaXZqQWhXbWw1amxSZ3U0MA?oc=5\" target=\"_blank\" rel=\"nofollow noopener\">Morante lo borda en Salamanca<\/a>&nbsp;&nbsp;mundotoro.com<\/li>\n<\/ol>\n","protected":false},"excerpt":{"rendered":"Morante de la Puebla: sonata inconclusa de una tarde memorable en Salamanca&nbsp;&nbsp;El Mundo Morante y su recital con&hellip;\n","protected":false},"author":2,"featured_media":130522,"comment_status":"","ping_status":"","sticky":false,"template":"","format":"standard","meta":{"footnotes":""},"categories":[277],"tags":[373,819,168,25,24,23,167,374,444],"class_list":{"0":"post-130521","1":"post","2":"type-post","3":"status-publish","4":"format-standard","5":"has-post-thumbnail","7":"category-toreo","8":"tag-bullfighting","9":"tag-cultura-toros","10":"tag-deportes","11":"tag-es","12":"tag-espana","13":"tag-spain","14":"tag-sports","15":"tag-toreo","16":"tag-toros"},"share_on_mastodon":{"url":"","error":""},"_links":{"self":[{"href":"https:\/\/www.europesays.com\/es\/wp-json\/wp\/v2\/posts\/130521","targetHints":{"allow":["GET"]}}],"collection":[{"href":"https:\/\/www.europesays.com\/es\/wp-json\/wp\/v2\/posts"}],"about":[{"href":"https:\/\/www.europesays.com\/es\/wp-json\/wp\/v2\/types\/post"}],"author":[{"embeddable":true,"href":"https:\/\/www.europesays.com\/es\/wp-json\/wp\/v2\/users\/2"}],"replies":[{"embeddable":true,"href":"https:\/\/www.europesays.com\/es\/wp-json\/wp\/v2\/comments?post=130521"}],"version-history":[{"count":0,"href":"https:\/\/www.europesays.com\/es\/wp-json\/wp\/v2\/posts\/130521\/revisions"}],"wp:featuredmedia":[{"embeddable":true,"href":"https:\/\/www.europesays.com\/es\/wp-json\/wp\/v2\/media\/130522"}],"wp:attachment":[{"href":"https:\/\/www.europesays.com\/es\/wp-json\/wp\/v2\/media?parent=130521"}],"wp:term":[{"taxonomy":"category","embeddable":true,"href":"https:\/\/www.europesays.com\/es\/wp-json\/wp\/v2\/categories?post=130521"},{"taxonomy":"post_tag","embeddable":true,"href":"https:\/\/www.europesays.com\/es\/wp-json\/wp\/v2\/tags?post=130521"}],"curies":[{"name":"wp","href":"https:\/\/api.w.org\/{rel}","templated":true}]}}