{"id":130523,"date":"2025-09-21T22:52:12","date_gmt":"2025-09-21T22:52:12","guid":{"rendered":"https:\/\/www.europesays.com\/es\/130523\/"},"modified":"2025-09-21T22:52:12","modified_gmt":"2025-09-21T22:52:12","slug":"cantabria-rinde-homenaje-a-celia-barquin-en-el-campo-de-golf-que-lleva-su-nombre-en-mogro","status":"publish","type":"post","link":"https:\/\/www.europesays.com\/es\/130523\/","title":{"rendered":"Cantabria rinde homenaje a Celia Barqu\u00edn en el campo de golf que lleva su nombre en Mogro"},"content":{"rendered":"<p>Con la disputa de una competici\u00f3n, el descubrimiento de una placa y la inauguraci\u00f3n de la nueva imagen de la instalaci\u00f3n<\/p>\n<p>   SANTANDER, 20 Sep. (EUROPA PRESS) &#8211; <\/p>\n<p>   El Gobierno de Cantabria ha rendido homenaje este s\u00e1bado a la golfista c\u00e1ntabra asesinada en Estados Unidos en 2018 a los 22 a\u00f1os, Celia Barqu\u00edn, en el campo de golf que lleva su nombre en Mogro con la disputa de una competici\u00f3n, el descubrimiento de una placa y la inauguraci\u00f3n de la nueva imagen de la instalaci\u00f3n.<\/p>\n<p>   As\u00ed, en el inicio del primer &#8216;Gran Premio Celia Barqu\u00edn&#8217;, que se celebra hoy con la participaci\u00f3n de 56 parejas, el consejero de Deporte, Luis Mart\u00ednez Abad, y los padres de la deportista, Marcos Barqu\u00edn y Miriam Arozamena, han descubierto una placa en homenaje a la joven en el tee de salida del hoyo 14, donde hizo su primer birdie con 14 a\u00f1os.<\/p>\n<p>   Adem\u00e1s, han inaugurado la renovada imagen del campo -dependiente de la empresa p\u00fablica Cantur- cuya carteler\u00eda y paneles de informaci\u00f3n recogen el nuevo logo de la instalaci\u00f3n. Se incluye un recuerdo especial en la casa club, donde se han instalado diferentes placas con reflexiones que la deportista anotaba en sus diarios.<\/p>\n<p>   Con este homenaje el Gobierno regional \u00absalda la deuda pendiente que Cantabria ten\u00eda con Celia y con su familia, y se hace justicia a su figura\u00bb, ha se\u00f1alado el consejero siete a\u00f1os despu\u00e9s de su fallecimiento, tras ser asesinada cuando se dirig\u00eda a entrenar al campo de Coldwater Links en Ames (Iowa).<\/p>\n<p>   Mart\u00ednez Abab ha asegurado que, tanto la placa y las reflexiones de la golfista como la competici\u00f3n deportiva que tiene lugar este s\u00e1bado y que \u00abnace con vocaci\u00f3n de continuidad\u00bb, servir\u00e1n para recordar a Barqu\u00edn, \u00abpara que nadie la olvide y para que los jugadores j\u00f3venes descubran a una deportista que pudo haber llegado a\u00fan m\u00e1s lejos de lo que hizo\u00bb.<\/p>\n<p>   Por su parte, la madre, Miriam Arozamena, ha agradecido al Ejecutivo este reconocimiento y ha alentado a los presentes a \u00abdisfrutar de este d\u00eda\u00bb y de este homenaje.<\/p>\n<p>   Celia Barqu\u00edn Arozamena (Cantabria, 1996 &#8211; Iowa, 2018) contaba con una larga lista de t\u00edtulos, entre ellos el Campeonato Europeo Femenino de Golf Amateur. Inaugur\u00f3 su palmar\u00e9s con tan solo nueve a\u00f1os, cuando qued\u00f3 subcampeona en el Campeonato de Espa\u00f1a Benjam\u00edn de 2006.<\/p>\n<p>   Tambi\u00e9n fue campeona de Espa\u00f1a Infantil y contaba con tres Grand Prix de Chiberta, la \u00fanica jugadora en la historia en lograrlo, adem\u00e1s de alcanzar la plata y bronce en los europeos por equipos.<\/p>\n<p>   En 2014 dio el salto a Estados Unidos, donde sigui\u00f3 form\u00e1ndose en el golf, adem\u00e1s de estudiar Ingenier\u00eda Civil.<\/p>\n<p>   Celia compagin\u00f3 su trayectoria tanto con su equipo, el Iowa State Cyclones, como con la selecci\u00f3n espa\u00f1ola.<\/p>\n<p>   En 2018 fue elegida como mejor atleta de su Universidad y entre los muchos reconocimientos y homenajes, cuenta con la Medalla de Oro de la Real Orden del M\u00e9rito Deportivo a t\u00edtulo p\u00f3stumo otorgada por el Consejo Superior de Deportes (CSD).<\/p>\n<p>   En el acto tambi\u00e9n han estado presentes el alcalde de Miengo, Marino Garc\u00eda; el concejal de Deportes, Javier Calder\u00f3n; adem\u00e1s de familiares y amigos de la golfista homenajeada y la senadora, Elena Castillo, ha informado el Gobierno.<\/p>\n","protected":false},"excerpt":{"rendered":"Con la disputa de una competici\u00f3n, el descubrimiento de una placa y la inauguraci\u00f3n de la nueva imagen&hellip;\n","protected":false},"author":2,"featured_media":130524,"comment_status":"","ping_status":"","sticky":false,"template":"","format":"standard","meta":{"footnotes":""},"categories":[275],"tags":[168,25,24,329,23,167],"class_list":{"0":"post-130523","1":"post","2":"type-post","3":"status-publish","4":"format-standard","5":"has-post-thumbnail","7":"category-golf","8":"tag-deportes","9":"tag-es","10":"tag-espana","11":"tag-golf","12":"tag-spain","13":"tag-sports"},"share_on_mastodon":{"url":"","error":""},"_links":{"self":[{"href":"https:\/\/www.europesays.com\/es\/wp-json\/wp\/v2\/posts\/130523","targetHints":{"allow":["GET"]}}],"collection":[{"href":"https:\/\/www.europesays.com\/es\/wp-json\/wp\/v2\/posts"}],"about":[{"href":"https:\/\/www.europesays.com\/es\/wp-json\/wp\/v2\/types\/post"}],"author":[{"embeddable":true,"href":"https:\/\/www.europesays.com\/es\/wp-json\/wp\/v2\/users\/2"}],"replies":[{"embeddable":true,"href":"https:\/\/www.europesays.com\/es\/wp-json\/wp\/v2\/comments?post=130523"}],"version-history":[{"count":0,"href":"https:\/\/www.europesays.com\/es\/wp-json\/wp\/v2\/posts\/130523\/revisions"}],"wp:featuredmedia":[{"embeddable":true,"href":"https:\/\/www.europesays.com\/es\/wp-json\/wp\/v2\/media\/130524"}],"wp:attachment":[{"href":"https:\/\/www.europesays.com\/es\/wp-json\/wp\/v2\/media?parent=130523"}],"wp:term":[{"taxonomy":"category","embeddable":true,"href":"https:\/\/www.europesays.com\/es\/wp-json\/wp\/v2\/categories?post=130523"},{"taxonomy":"post_tag","embeddable":true,"href":"https:\/\/www.europesays.com\/es\/wp-json\/wp\/v2\/tags?post=130523"}],"curies":[{"name":"wp","href":"https:\/\/api.w.org\/{rel}","templated":true}]}}