{"id":130525,"date":"2025-09-21T22:53:07","date_gmt":"2025-09-21T22:53:07","guid":{"rendered":"https:\/\/www.europesays.com\/es\/130525\/"},"modified":"2025-09-21T22:53:07","modified_gmt":"2025-09-21T22:53:07","slug":"cuanto-dinero-gana-el-campeon-de-la-laver-cup-2025","status":"publish","type":"post","link":"https:\/\/www.europesays.com\/es\/130525\/","title":{"rendered":"Cu\u00e1nto dinero gana el campe\u00f3n de la Laver Cup 2025"},"content":{"rendered":"<p>21\/09\/2025<br \/>\n<br \/><strong><br \/>\nActualizado a las 20:56h.<br \/>\n<\/strong><\/p>\n<p class=\"voc-p\" style=\"\">La octava edici\u00f3n de la <strong>Laver Cup<\/strong>, torneo en el que participan los <strong>mejores tenistas del mundo<\/strong>, se lleva a cabo en San Francisco, California, del 19 al 21 de septiembre, lo que supone la primera vez que esta competici\u00f3n entre Europa y el resto del mundo, llega a Estados Unidos.<\/p>\n<p class=\"voc-p\" style=\"\">Cabe destacar que <strong>la sede es alterna<\/strong>, aunque <strong>siempre se desarrolla en pista dura<\/strong>. El Chase Center, hogar de los campeones de la NBA Golden State Warriors y de las Golden State Valkyries de la WNBA, se transformar\u00e1 en un escenario de clase mundial para recibir a los mejores jugadores del tenis mundial, con Carlos Alcaraz como principal atracci\u00f3n.<\/p>\n<p class=\"voc-p\" style=\"\">En sus anteriores ediciones Europa domina con claridad el triunfo, con cinco entorchados, mientras que el resto del mundo logr\u00f3 dos, en los a\u00f1os 2022 y 2023. Aunque tenga intenci\u00f3n de convertirse en algo m\u00e1s, hasta la fecha la Laver Cup es una exhibici\u00f3n atractiva como muchas de las que se celebran a lo largo del a\u00f1o.<\/p>\n<p>\nCarlos Alcaraz lidera a Europa en la Laver Cup\n<\/p>\n<p class=\"voc-p\" style=\"\"><strong>Carlos Alcaraz<\/strong>, tras su impresionante triunfo en el US Open, donde conquist\u00f3 el sexto Grand Slam de su carrera deportiva, liderar\u00e1 al equipo de Europa, en el que tambi\u00e9n jugar\u00e1n tenistas como el alem\u00e1n <strong>Alexander Zverev<\/strong>, el dan\u00e9s <strong>Holger Rune<\/strong>, el noruego <strong>Casper Ruud<\/strong>, el checo <strong>Jakub Mensik<\/strong> y el italiano <strong>Flavio Cobolli<\/strong>. El franc\u00e9s <strong>Yannick Noah<\/strong> ser\u00e1 el capit\u00e1n, sustituyendo al sueco <strong>Bjorn Borg<\/strong>, que hab\u00eda estado en todas las ediciones al frente del Viejo Continente.<\/p>\n<p class=\"voc-p\" style=\"\">Los integrantes del &#8216;Team World&#8217;, mermados por la baja de Ben Shelton, tratar\u00e1n de aprovechar su condici\u00f3n de locales con el liderazgo del estadounidense <strong>Taylor Fritz<\/strong>, n\u00famero cinco del mundo, y del australiano <strong>Alex de Mi\u00f1aur<\/strong>, ocho. A su lado, los tambi\u00e9n locales <strong>Alex Michelsen<\/strong> y <strong>Reilly Opelka<\/strong>, el argentino <strong>Francisco Cer\u00fandolo<\/strong> y la joven promesa brasile\u00f1a <strong>Joao Fonseca<\/strong>. La novedad tambi\u00e9n estar\u00e1 en el capit\u00e1n, el norteamericano <strong>Andre Agassi<\/strong>, campe\u00f3n de ocho &#8216;grandes&#8217; y que releva a su compatriota <strong>John McEnroe<\/strong>.<\/p>\n<p class=\"voc-p\" style=\"\">Para ganar el trofeo de la Laver Cup, <strong>uno de los equipos tiene que llegar a 13 puntos<\/strong>, de los 24 que se ponen en juego. Cada d\u00eda se disputan <strong>tres partidos de individuales<\/strong> y uno de dobles, pero no cuentan lo mismo. Los partidos del viernes valen un punto, mientras que los del s\u00e1bado suman dos por cada victoria. La jornada decisiva es la del domingo, con tres puntos por partido.<\/p>\n<p>\nCu\u00e1nto dinero gana el campe\u00f3n de la Laver Cup 2025\n<\/p>\n<p class=\"voc-p\" style=\"\">A nivel econ\u00f3mico, cada jugador se lleva <strong>una compensaci\u00f3n por jugar, acorde a su ranking<\/strong>, adem\u00e1s de un premio de 250.000 euros por ganar el torneo. Seg\u00fan <strong>Sportskeeda<\/strong>, el torneo que est\u00e1 impulsado por el extenista Roger Federer, reparte un total de 2.250.000 d\u00f3lares en premios para el ganador. El equipo perdedor no se embolsa nada m\u00e1s all\u00e1 del importe por participar: 125.000 d\u00f3lares cada uno. <\/p>\n<p>Reportar un error<\/p>\n","protected":false},"excerpt":{"rendered":"21\/09\/2025 Actualizado a las 20:56h. La octava edici\u00f3n de la Laver Cup, torneo en el que participan los&hellip;\n","protected":false},"author":2,"featured_media":130526,"comment_status":"","ping_status":"","sticky":false,"template":"","format":"standard","meta":{"footnotes":""},"categories":[274],"tags":[45,5773,5393,168,534,25,24,4355,25573,23,167,327,326],"class_list":{"0":"post-130525","1":"post","2":"type-post","3":"status-publish","4":"format-standard","5":"has-post-thumbnail","7":"category-tenis","8":"tag-45","9":"tag-campeon","10":"tag-cup","11":"tag-deportes","12":"tag-dinero","13":"tag-es","14":"tag-espana","15":"tag-gana","16":"tag-laver","17":"tag-spain","18":"tag-sports","19":"tag-tenis","20":"tag-tennis"},"share_on_mastodon":{"url":"","error":""},"_links":{"self":[{"href":"https:\/\/www.europesays.com\/es\/wp-json\/wp\/v2\/posts\/130525","targetHints":{"allow":["GET"]}}],"collection":[{"href":"https:\/\/www.europesays.com\/es\/wp-json\/wp\/v2\/posts"}],"about":[{"href":"https:\/\/www.europesays.com\/es\/wp-json\/wp\/v2\/types\/post"}],"author":[{"embeddable":true,"href":"https:\/\/www.europesays.com\/es\/wp-json\/wp\/v2\/users\/2"}],"replies":[{"embeddable":true,"href":"https:\/\/www.europesays.com\/es\/wp-json\/wp\/v2\/comments?post=130525"}],"version-history":[{"count":0,"href":"https:\/\/www.europesays.com\/es\/wp-json\/wp\/v2\/posts\/130525\/revisions"}],"wp:featuredmedia":[{"embeddable":true,"href":"https:\/\/www.europesays.com\/es\/wp-json\/wp\/v2\/media\/130526"}],"wp:attachment":[{"href":"https:\/\/www.europesays.com\/es\/wp-json\/wp\/v2\/media?parent=130525"}],"wp:term":[{"taxonomy":"category","embeddable":true,"href":"https:\/\/www.europesays.com\/es\/wp-json\/wp\/v2\/categories?post=130525"},{"taxonomy":"post_tag","embeddable":true,"href":"https:\/\/www.europesays.com\/es\/wp-json\/wp\/v2\/tags?post=130525"}],"curies":[{"name":"wp","href":"https:\/\/api.w.org\/{rel}","templated":true}]}}