{"id":130527,"date":"2025-09-21T22:54:12","date_gmt":"2025-09-21T22:54:12","guid":{"rendered":"https:\/\/www.europesays.com\/es\/130527\/"},"modified":"2025-09-21T22:54:12","modified_gmt":"2025-09-21T22:54:12","slug":"paul-double-corona-kohutka-y-se-adjudica-la-general-del-t","status":"publish","type":"post","link":"https:\/\/www.europesays.com\/es\/130527\/","title":{"rendered":"Paul Double corona Koh\u00fatka y se adjudica la general del T&#8230;"},"content":{"rendered":"<p>                    El corredor brit\u00e1nico de Jayco &#8211; AlUla reclam\u00f3 la victoria con autoridad en la \u00faltima etapa de la ronda eslovaca tras atacar a 2 kil\u00f3metros de la l\u00ednea de meta e imponi\u00e9ndose en solitario en la ascensi\u00f3n final a Koh\u00fatka.<\/p>\n<p class=\"c-news-list__author\">Ciclismoafondo.es. Foto: Massimo Fulgenzi\/SprintCyclingAgency<\/p>\n<p class=\"c-mainarticle__date\">\n<p>                    21 de septiembre de 2025 (15:58 CET)<\/p>\n<p>                                                                                                                                        <img fetchpriority=\"high\" decoding=\"async\" src=\"https:\/\/www.europesays.com\/es\/wp-content\/uploads\/2025\/09\/sprintcyclingagency-9091549-1-originali.jpeg\" alt=\"Paul Double corona Koh\u00fatka y se adjudica la general del Tour de Eslovaquia \" title=\"Paul Double corona Koh\u00fatka y se adjudica la general del Tour de Eslovaquia \" class=\"c-mainarticle__img\" loading=\"eager\" width=\"790\" height=\"454\"\/><\/p>\n<p>                    Paul Double corona Koh\u00fatka y se adjudica la general del Tour de Eslovaquia <\/p>\n<p>Paul Doble (Jayco &#8211; AlUla) asalta el liderato y la victoria absoluta del Tour de Eslovaquia.<strong> El corredor brit\u00e1nico se impuso en solitario y se alz\u00f3 con el mayor triunfo de su carrera como profesional tras atacar a 2 kil\u00f3metros de la l\u00ednea de meta y soltar a Bart Lemmen (Visma &#8211; Lease a Bike)<\/strong>. El gran perjudicado de la jornada definitoria fue Paul Magnier (Soudal Quick &#8211; Step), que cedi\u00f3 en la subida a Vrsatec y perdi\u00f3 todas las opciones de subirse al primer caj\u00f3n del p\u00f3dium. A\u00fan as\u00ed, el belga se marcha de la cita con cuatro conquistas.<\/p>\n<blockquote class=\"twitter-tweet\" data-media-max-width=\"560\"><p>&#13;<\/p>\n<p dir=\"ltr\" lang=\"en\">\ud83c\uddf8\ud83c\uddf0 <a href=\"https:\/\/twitter.com\/hashtag\/OkoloSlovenska?src=hash&amp;ref_src=twsrc%5Etfw\" rel=\"nofollow noopener\" target=\"_blank\">#OkoloSlovenska<\/a><\/p>\n<p>A dream day in Slovakia \ud83e\udd29<\/p>\n<p>\ud83d\udcf8 <a href=\"https:\/\/twitter.com\/SprintCycling?ref_src=twsrc%5Etfw\" rel=\"nofollow noopener\" target=\"_blank\">@SprintCycling<\/a> <a href=\"https:\/\/t.co\/0ckxDrhhHF\" rel=\"nofollow\">pic.twitter.com\/0ckxDrhhHF<\/a><\/p>\n<p>&#13;<br \/>\n\u2014 GreenEDGE Cycling (@GreenEDGEteam) <a href=\"https:\/\/twitter.com\/GreenEDGEteam\/status\/1969762192644772294?ref_src=twsrc%5Etfw\" rel=\"nofollow noopener\" target=\"_blank\">September 21, 2025<\/a>\n<\/p><\/blockquote>\n<p>La quinta y \u00faltima etapa del Tour de Eslovaquia desarrollada sobre <strong>un recorrido exigente y quebrado de 124 kil\u00f3metros entre Nov\u00e1 Dubnica y la cima de Koh\u00fatka rompi\u00f3 todo lo establecido hasta el d\u00eda de hoy en la prueba. <\/strong>Cuatro puertos puntuables y un final exigente en subida\u00a0de 5,5 kil\u00f3metros al 6,5% de pendiente media, fueron los jueces de la ronda eslovaca y los que sentenciaron todas las aspiraciones del mayor dominador de la cita, Paul Magnier.\u00a0<\/p>\n<p>El d\u00eda comenz\u00f3 con concatenaci\u00f3n de ataques que no ces\u00f3 hasta que se conform\u00f3<strong> una fuga numerosa de 15 integrantes. Lukas Kubis (Unibet Tietema Rockets), segundo clasificado de la clasificaci\u00f3n general en ese momento, se aventur\u00f3 en la escapada para ir a por la victoria absoluta<\/strong>, sin embargo, el pelot\u00f3n con Visma &#8211; Lease a Bike y Jayco &#8211; AlUla al frente, neutralizaron su intento a 69 kil\u00f3metros de la l\u00ednea de meta, quedando desestimada su aspiraci\u00f3n.\u00a0<\/p>\n<p>Tras perder la figura de Paul Magnier en el grupo de favoritos, los aspirantes se conciencieron y centraron su atenci\u00f3n en la subida final a Koh\u00fatka. Y la sorpresa azot\u00f3 al pelot\u00f3n. Salt\u00f3 a escena Paul Doble. <strong>El corredor brit\u00e1nico de Jayco &#8211; AlUla lanz\u00f3 su ofensiva a 2 kil\u00f3metros de la l\u00ednea de meta, descolgando a sus principales perseguidores, y alcanz\u00f3 la l\u00ednea de meta con m\u00e1s de 30 segundos de ventaja.<\/strong> Levant\u00f3 los brazos de la victoria y conquist\u00f3 la clasificaci\u00f3n general, logrando el mayor triunfo de su carrera como profesional.\u00a0Bart Lemmen y Thomas Gloag, ambos integrantes de Visma &#8211; Lease a Bike, cruzaron la l\u00ednea de meta en segunda y tercera posici\u00f3n, respectivamente, a m\u00e1s de 30 segundos, pero ascenciendo hasta el p\u00f3dium absoluto.<\/p>\n<p>Clasificaciones\u00a0 \u00a0<\/p>\n<p>\u00ab&gt;<\/p>\n<p>Results powered by <a href=\"https:\/\/firstcycling.com\/race.php?r=380&amp;y=2025\" title=\"FirstCycling.com\" rel=\"nofollow noopener\" target=\"_blank\">FirstCycling.com<\/a><\/p>\n<p><script async src=\"https:\/\/platform.twitter.com\/widgets.js\" charset=\"utf-8\"><\/script><\/p>\n","protected":false},"excerpt":{"rendered":"El corredor brit\u00e1nico de Jayco &#8211; AlUla reclam\u00f3 la victoria con autoridad en la \u00faltima etapa de la&hellip;\n","protected":false},"author":2,"featured_media":130528,"comment_status":"","ping_status":"","sticky":false,"template":"","format":"standard","meta":{"footnotes":""},"categories":[273],"tags":[313,312,168,25,24,23,167],"class_list":{"0":"post-130527","1":"post","2":"type-post","3":"status-publish","4":"format-standard","5":"has-post-thumbnail","7":"category-ciclismo","8":"tag-ciclismo","9":"tag-cycling","10":"tag-deportes","11":"tag-es","12":"tag-espana","13":"tag-spain","14":"tag-sports"},"share_on_mastodon":{"url":"","error":""},"_links":{"self":[{"href":"https:\/\/www.europesays.com\/es\/wp-json\/wp\/v2\/posts\/130527","targetHints":{"allow":["GET"]}}],"collection":[{"href":"https:\/\/www.europesays.com\/es\/wp-json\/wp\/v2\/posts"}],"about":[{"href":"https:\/\/www.europesays.com\/es\/wp-json\/wp\/v2\/types\/post"}],"author":[{"embeddable":true,"href":"https:\/\/www.europesays.com\/es\/wp-json\/wp\/v2\/users\/2"}],"replies":[{"embeddable":true,"href":"https:\/\/www.europesays.com\/es\/wp-json\/wp\/v2\/comments?post=130527"}],"version-history":[{"count":0,"href":"https:\/\/www.europesays.com\/es\/wp-json\/wp\/v2\/posts\/130527\/revisions"}],"wp:featuredmedia":[{"embeddable":true,"href":"https:\/\/www.europesays.com\/es\/wp-json\/wp\/v2\/media\/130528"}],"wp:attachment":[{"href":"https:\/\/www.europesays.com\/es\/wp-json\/wp\/v2\/media?parent=130527"}],"wp:term":[{"taxonomy":"category","embeddable":true,"href":"https:\/\/www.europesays.com\/es\/wp-json\/wp\/v2\/categories?post=130527"},{"taxonomy":"post_tag","embeddable":true,"href":"https:\/\/www.europesays.com\/es\/wp-json\/wp\/v2\/tags?post=130527"}],"curies":[{"name":"wp","href":"https:\/\/api.w.org\/{rel}","templated":true}]}}