{"id":130531,"date":"2025-09-21T22:57:09","date_gmt":"2025-09-21T22:57:09","guid":{"rendered":"https:\/\/www.europesays.com\/es\/130531\/"},"modified":"2025-09-21T22:57:09","modified_gmt":"2025-09-21T22:57:09","slug":"flick-castiga-a-rashford-fuera-del-once-por-retrasarse","status":"publish","type":"post","link":"https:\/\/www.europesays.com\/es\/130531\/","title":{"rendered":"Flick castiga a Rashford: fuera del once por retrasarse"},"content":{"rendered":"<p class=\"\">Marcus Rashford ha sido el nombre del Bar\u00e7a esta semana por su exhibici\u00f3n en Champions. Pero <b>ni eso le ha librado del castigo de Hansi Flick<\/b>. El t\u00e9cnico del Bar\u00e7a tiene la norma inamovible de que aquel futbolista que <b>llegue tarde en d\u00eda de partido, no ser\u00e1 titular<\/b> ni aunque el plan inicial fuera que estuviese en el once. <b>Seg\u00fan Mundo Deportivo, el h\u00e9roe de Newcastle<\/b> lleg\u00f3 tarde al encuentro matinal y eso ha supuesto que arranque <a href=\"https:\/\/as.com\/futbol\/primera\/barcelona-getafe-en-directo-laliga-ea-sports-hoy-en-vivo-n-3\/\" target=\"_self\" rel=\"nofollow noopener\" title=\"https:\/\/as.com\/futbol\/primera\/barcelona-getafe-en-directo-laliga-ea-sports-hoy-en-vivo-n-3\/\">el encuentro ante el Getafe en el banquillo.<\/a><\/p>\n<p class=\"\">No es la primera vez que ocurre. Para Hansi Flick, se trata de una norma fija y esta vez ha vuelto a ser coherente, a pesar del buen estado de forma del atacante. <b>I\u00f1aki Pe\u00f1a, Raphinha o Kound\u00e9 en m\u00e1s de una ocasi\u00f3n<\/b> se ha quedado en el banquillo por esta misma raz\u00f3n.<\/p>\n<p class=\"\">Flick, por tanto, se ha decidido por <b>Ferran, Lewandowski y Raphinha en ataque<\/b>, a pesar de que se esperaba a Rashford tras su fant\u00e1stico doblete en Champions. Es la ley de Flick. <\/p>\n<p>Noticias relacionadas<\/p>\n<p class=\"\"><b>\u00a1Tus opiniones importan!<\/b> <\/p>\n<p class=\"\">Comenta en los art\u00edculos y suscr\u00edbete gratis a nuestra <a href=\"https:\/\/asfan.as.com\/newsletters\/\" target=\"_blank\" rel=\"nofollow noopener\" title=\"https:\/\/asfan.as.com\/newsletters\/\">newsletter<\/a> y a las alertas informativas en la <a href=\"https:\/\/as.com\/aplicacion-de-as-n\/\" target=\"_blank\" rel=\"nofollow noopener\" title=\"https:\/\/as.com\/aplicacion-de-as-n\/\">App<\/a> o el canal de <a href=\"https:\/\/www.whatsapp.com\/channel\/0029VaAasdA7j6g745nz9M10\" target=\"_blank\" rel=\"nofollow noopener\" title=\"https:\/\/www.whatsapp.com\/channel\/0029VaAasdA7j6g745nz9M10\">WhatsApp<\/a>. \u00bfBuscas licenciar contenido? Haz clic <a href=\"https:\/\/profesional.elpais.com\/soluciones-sindicacion?utm_medium=interno&amp;utm_source=crosslinking&amp;utm_campaign=sindicacion_as_pie_articulos\" target=\"_blank\" rel=\"nofollow noopener\" title=\"https:\/\/profesional.elpais.com\/soluciones-sindicacion?utm_medium=interno&amp;utm_source=crosslinking&amp;utm_campaign=sindicacion_as_pie_articulos\">aqu\u00ed<\/a><\/p>\n","protected":false},"excerpt":{"rendered":"Marcus Rashford ha sido el nombre del Bar\u00e7a esta semana por su exhibici\u00f3n en Champions. Pero ni eso&hellip;\n","protected":false},"author":2,"featured_media":130532,"comment_status":"","ping_status":"","sticky":false,"template":"","format":"standard","meta":{"footnotes":""},"categories":[268],"tags":[168,25,24,280,282,281,23,167],"class_list":{"0":"post-130531","1":"post","2":"type-post","3":"status-publish","4":"format-standard","5":"has-post-thumbnail","7":"category-futbol","8":"tag-deportes","9":"tag-es","10":"tag-espana","11":"tag-football","12":"tag-futbol","13":"tag-soccer","14":"tag-spain","15":"tag-sports"},"share_on_mastodon":{"url":"","error":""},"_links":{"self":[{"href":"https:\/\/www.europesays.com\/es\/wp-json\/wp\/v2\/posts\/130531","targetHints":{"allow":["GET"]}}],"collection":[{"href":"https:\/\/www.europesays.com\/es\/wp-json\/wp\/v2\/posts"}],"about":[{"href":"https:\/\/www.europesays.com\/es\/wp-json\/wp\/v2\/types\/post"}],"author":[{"embeddable":true,"href":"https:\/\/www.europesays.com\/es\/wp-json\/wp\/v2\/users\/2"}],"replies":[{"embeddable":true,"href":"https:\/\/www.europesays.com\/es\/wp-json\/wp\/v2\/comments?post=130531"}],"version-history":[{"count":0,"href":"https:\/\/www.europesays.com\/es\/wp-json\/wp\/v2\/posts\/130531\/revisions"}],"wp:featuredmedia":[{"embeddable":true,"href":"https:\/\/www.europesays.com\/es\/wp-json\/wp\/v2\/media\/130532"}],"wp:attachment":[{"href":"https:\/\/www.europesays.com\/es\/wp-json\/wp\/v2\/media?parent=130531"}],"wp:term":[{"taxonomy":"category","embeddable":true,"href":"https:\/\/www.europesays.com\/es\/wp-json\/wp\/v2\/categories?post=130531"},{"taxonomy":"post_tag","embeddable":true,"href":"https:\/\/www.europesays.com\/es\/wp-json\/wp\/v2\/tags?post=130531"}],"curies":[{"name":"wp","href":"https:\/\/api.w.org\/{rel}","templated":true}]}}