{"id":130551,"date":"2025-09-21T23:11:08","date_gmt":"2025-09-21T23:11:08","guid":{"rendered":"https:\/\/www.europesays.com\/es\/130551\/"},"modified":"2025-09-21T23:11:08","modified_gmt":"2025-09-21T23:11:08","slug":"alerta-en-el-barca-por-la-lesion-de-fermin","status":"publish","type":"post","link":"https:\/\/www.europesays.com\/es\/130551\/","title":{"rendered":"Alerta en el Bar\u00e7a por la lesi\u00f3n de Ferm\u00edn"},"content":{"rendered":"<p class=\"\">Pese al 3-0, la noche no termin\u00f3 bien para el Bar\u00e7a. <b>Ferm\u00edn not\u00f3 una molestia en el abductor de su pierna izquierda<\/b> en la \u00faltima jugada del partido, par\u00f3 y termin\u00f3 en el suelo. <b>Hansi Flick no quiso precipitarse<\/b> y asegur\u00f3 que el andaluz pasar\u00e1 pruebas este lunes para saber cu\u00e1l es el alcance real de la lesi\u00f3n. De momento, parece <b>complicado que juegue los partidos de la pr\u00f3xima semana<\/b> (Oviedo y Real Sociedad). <\/p>\n<p class=\"\">Mala noticia para Ferm\u00edn, que estaba en un gran momento de forma. y ahora podr\u00eda tener que parar. De fondo, el partidazo de Champions contra el PSG el pr\u00f3ximo 1 de octubre.<\/p>\n<p><img decoding=\"async\" src=\"https:\/\/www.europesays.com\/es\/wp-content\/uploads\/2025\/09\/RJ5NTC3HOBJ2PH7HNV5AK2W2XQ.jpg\" alt=\"Alerta en el Bar\u00e7a por la lesi\u00f3n de Ferm\u00edn \" height=\"1892\" width=\"2639\"   loading=\"lazy\"\/>Lewandowski llega a consolar a Ferm\u00edn, tendido en el suelo lesionado.Albert Gea<\/p>\n<p class=\"\">Ferm\u00edn <b>ingres\u00f3 al terreno de juego a falta de media hora para el final<\/b> como recambio de <b>Ferran Torres<\/b>, quien marc\u00f3 dos de los tres goles del conjunto azulgrana en la victoria sobre el Getafe. El canterano ven\u00eda firmando un gran cominezo de temporada; el pasado fin de semana, contra el Valencia, fue titular y una de las grandes figuras del conjunto catal\u00e1n, con un aporte de <b>dos goles<\/b> y <b>dos asistencias<\/b>.<\/p>\n<p>Noticias relacionadas<\/p>\n<p class=\"\">La baja de Ferm\u00edn se suma a una lista de nombres importantes que no est\u00e1n disponibles para Hansi Flick; desde el palco del Johan Cruyff vieron el partido <b>Lamine Yamal, Alejandro Balde, Gavi y ter Stegen<\/b>, todos lesionados. El equipo apunta a recuperar a Lamine de cara a la pr\u00f3xima jornada de Champions, cuando recibir\u00e1n la visita del <b>PSG <\/b>de <b>Luis Enrique<\/b>.<\/p>\n<p class=\"\"><b>\u00a1Tus opiniones importan!<\/b> Comenta en los art\u00edculos y suscr\u00edbete gratis a nuestra <a href=\"https:\/\/asfan.as.com\/newsletters\/\" target=\"_blank\" rel=\"nofollow noopener\" title=\"https:\/\/asfan.as.com\/newsletters\/\">newsletter<\/a> y a las alertas informativas en la <a href=\"https:\/\/as.com\/aplicacion-de-as-n\/\" target=\"_blank\" rel=\"nofollow noopener\" title=\"https:\/\/as.com\/aplicacion-de-as-n\/\">App<\/a> o el canal de <a href=\"https:\/\/www.whatsapp.com\/channel\/0029VaAasdA7j6g745nz9M10\" target=\"_blank\" rel=\"nofollow noopener\" title=\"https:\/\/www.whatsapp.com\/channel\/0029VaAasdA7j6g745nz9M10\">WhatsApp<\/a>. \u00bfBuscas licenciar contenido? Haz clic <a href=\"https:\/\/profesional.elpais.com\/soluciones-sindicacion?utm_medium=interno&amp;utm_source=crosslinking&amp;utm_campaign=sindicacion_as_pie_articulos\" target=\"_blank\" rel=\"nofollow noopener\" title=\"https:\/\/profesional.elpais.com\/soluciones-sindicacion?utm_medium=interno&amp;utm_source=crosslinking&amp;utm_campaign=sindicacion_as_pie_articulos\">aqu\u00ed<\/a><\/p>\n","protected":false},"excerpt":{"rendered":"Pese al 3-0, la noche no termin\u00f3 bien para el Bar\u00e7a. Ferm\u00edn not\u00f3 una molestia en el abductor&hellip;\n","protected":false},"author":2,"featured_media":130552,"comment_status":"","ping_status":"","sticky":false,"template":"","format":"standard","meta":{"footnotes":""},"categories":[5],"tags":[17,18,25,24,13,14,11,19,20,9,10,15,16,23,12,21,22],"class_list":{"0":"post-130551","1":"post","2":"type-post","3":"status-publish","4":"format-standard","5":"has-post-thumbnail","7":"category-titulares","8":"tag-breaking-news","9":"tag-breakingnews","10":"tag-es","11":"tag-espana","12":"tag-featured-news","13":"tag-featurednews","14":"tag-headlines","15":"tag-latest-news","16":"tag-latestnews","17":"tag-news","18":"tag-noticias","19":"tag-noticias-destacadas","20":"tag-noticiasdestacadas","21":"tag-spain","22":"tag-titulares","23":"tag-ultimas-noticias","24":"tag-ultimasnoticias"},"share_on_mastodon":{"url":"","error":""},"_links":{"self":[{"href":"https:\/\/www.europesays.com\/es\/wp-json\/wp\/v2\/posts\/130551","targetHints":{"allow":["GET"]}}],"collection":[{"href":"https:\/\/www.europesays.com\/es\/wp-json\/wp\/v2\/posts"}],"about":[{"href":"https:\/\/www.europesays.com\/es\/wp-json\/wp\/v2\/types\/post"}],"author":[{"embeddable":true,"href":"https:\/\/www.europesays.com\/es\/wp-json\/wp\/v2\/users\/2"}],"replies":[{"embeddable":true,"href":"https:\/\/www.europesays.com\/es\/wp-json\/wp\/v2\/comments?post=130551"}],"version-history":[{"count":0,"href":"https:\/\/www.europesays.com\/es\/wp-json\/wp\/v2\/posts\/130551\/revisions"}],"wp:featuredmedia":[{"embeddable":true,"href":"https:\/\/www.europesays.com\/es\/wp-json\/wp\/v2\/media\/130552"}],"wp:attachment":[{"href":"https:\/\/www.europesays.com\/es\/wp-json\/wp\/v2\/media?parent=130551"}],"wp:term":[{"taxonomy":"category","embeddable":true,"href":"https:\/\/www.europesays.com\/es\/wp-json\/wp\/v2\/categories?post=130551"},{"taxonomy":"post_tag","embeddable":true,"href":"https:\/\/www.europesays.com\/es\/wp-json\/wp\/v2\/tags?post=130551"}],"curies":[{"name":"wp","href":"https:\/\/api.w.org\/{rel}","templated":true}]}}