{"id":130555,"date":"2025-09-21T23:13:10","date_gmt":"2025-09-21T23:13:10","guid":{"rendered":"https:\/\/www.europesays.com\/es\/130555\/"},"modified":"2025-09-21T23:13:10","modified_gmt":"2025-09-21T23:13:10","slug":"sigue-la-racha-de-urena-cuatro-orejas-en-lorca","status":"publish","type":"post","link":"https:\/\/www.europesays.com\/es\/130555\/","title":{"rendered":"Sigue la racha de Ure\u00f1a: cuatro orejas en Lorca"},"content":{"rendered":"<p><a class=\"v-mdl-ath__fig-a\" href=\"https:\/\/www.laverdad.es\/autor\/francisco-ojados-7342.html\" title=\"Francisco Ojados\" rel=\"nofollow noopener\" target=\"_blank\"><br \/>\n<img decoding=\"async\" class=\"v-mdl-ath__img\" src=\"https:\/\/www.europesays.com\/es\/wp-content\/uploads\/2025\/09\/autor-7342-foto-1.jpeg\" alt=\"Francisco Ojados\"\/><br \/>\n<\/a><\/p>\n<p class=\"v-mdl-ath__p v-mdl-ath__p--6\">\nLunes, 22 de septiembre 2025, 00:17<\/p>\n<p class=\"v-p\">Comenz\u00f3 la corrida de la Feria de Lorca con una sorpresa, al interpretar la banda de m\u00fasica a la salida del primero toro una jota lorquina que se recuperaba &#8216;ad hoc&#8217; para este festejo. &#8216;Gavil\u00e1n&#8217; se llam\u00f3 el astado, al que salud\u00f3 Paco Ure\u00f1a para cargar la suerte en el quite por el mismo palo. El brindis del lorquino fue para sus paisanos. Inici\u00f3 Ure\u00f1a por estatuarios su faena. Tuvo nobleza el de \u00c1lvaro N\u00fa\u00f1ez, con tendencia a rajarse. Lo entendi\u00f3 perfectamente Paco, que le tap\u00f3 la salida y lo mantuvo en la muleta, destacando una serie al natural, toreando despacio. Los circulares, citando por el lado contrario, y las manoletinas resultaron un final al alza. Pinch\u00f3 antes de cobrar una gran estocada de la que rod\u00f3 el morlaco. Pase\u00f3 la primera oreja de la tarde. <\/p>\n<p class=\"v-p\">Casta\u00f1o y lucero fue el tercero, un toro que embisti\u00f3 con claridad al capote de Ure\u00f1a, que dibuj\u00f3 un saludo de bonitas y despaciosas ver\u00f3nica, rematadas con la media mirando al tendido. Se lo dej\u00f3 entero en varas el toro para la muleta el lorquino, que antes firm\u00f3 un quite por chicuelinas a pies juntos muy garboso.<\/p>\n<ul class=\"v-u\">\n<li class=\"v-u__l\">\n<p class=\"v-p\">\nPlaza de Toros de Sutullena<br \/>\nCorrida de la Feria de Lorca. Casi lleno, en tarde agradable. Corrida de toros de Feria. Seis toros de \u00c1lvaro N\u00fa\u00f1ez, correctos aunque desiguales.\n<\/p>\n<\/li>\n<li class=\"v-u__l\">\n<p class=\"v-p\">\nPaco Ure\u00f1a<br \/>\nDe rioja y oro, una oreja, dos orejas y una oreja.\n<\/p>\n<\/li>\n<li class=\"v-u__l\">\n<p class=\"v-p\">\nJuan Ortega<br \/>\nDe rosa palo y oro, una oreja, ovaci\u00f3n con saludos y una oreja.\n<\/p>\n<\/li>\n<\/ul>\n<p class=\"v-p\">Brind\u00f3 a Pedro &#8216;El Perea&#8217; y Consuelo, amigos de siempre, una faena iniciada con las dos rodillas en tierra que abroch\u00f3 con un gran pase de la firma y el de pecho de costadillo. Fue buen toro el de \u00c1lvaro N\u00fa\u00f1ez, al que Ure\u00f1a cuaj\u00f3, sobre todo de mitad de faena para adelante, cuando lig\u00f3 series de muletazos muy largos, con naturales de mucha enjundia. El final de faena, con el maestro toreando con la diestra tras arrojar la ayuda, lleg\u00f3 mucho a la grada, as\u00ed como los remates con el pase de la firma mirando al tendido y las trincheras. Para poner el culmen cit\u00f3 en la suerte de recibir, cayendo al espada algo baja. Pase\u00f3 dos orejas y se le pidi\u00f3 el rabo.<\/p>\n<p>\nLa baja de Manzanares dej\u00f3 un mano a mano con seis astados a repartir entre el torero lorquino y el sevillano\n<\/p>\n<p class=\"v-p\">Volvi\u00f3 a estirarse a la ver\u00f3nica para recibir al quinto, un toro que se repuch\u00f3 en varas, manseando en ese primer tercio. Lo orden\u00f3 Ure\u00f1a con su muleta en una faena importante, que brind\u00f3 al torero retirado Pepe Luis Vargas. En los medios, solos toro y torero, el de Lorca sac\u00f3 el fondo del astado, primero con un toreo vertical que record\u00f3 a su paisano Pep\u00edn Jim\u00e9nez y luego con total entrega y torer\u00eda. Firm\u00f3 series de naturales de gran plasticidad, volviendo a torear despojado del estoque simulado. Por si faltara algo para convencer a sus paisanos, en el centro del ruedo, se ech\u00f3 de rodillas para torear en redondo, abri\u00e9ndose la chaquetilla. Mat\u00f3 al segundo intento de m\u00e1s de media en el rinc\u00f3n de Ord\u00f3\u00f1ez. No estuvo certero el puntillero y el premio, que podr\u00eda haber sido mayor, qued\u00f3 en una oreja. Cuatro en total pase\u00f3 un Ure\u00f1a que sigue en racha.<\/p>\n<p class=\"v-p\">La tarde hab\u00eda quedado en mano a mano, por la lesi\u00f3n de costilla de Manzanares. Por lo que los seis se los quedaron entre Ure\u00f1a y Juan Ortega, que no pudo lucir en toda la tarde sus grandes dotes como capotero. Su primero tuvo nobleza, pero le cost\u00f3 repetir. Dej\u00f3 detalles, mat\u00f3 con habilidad y se el premi\u00f3 con la oreja. Muy poca fuerza tuvo el cuarto, al que tuvo que torear a media altura, sin trasmisi\u00f3n, y el sexto, aunque ech\u00f3 pronto la persiana y permiti\u00f3 a Juan momentos en los que se intuy\u00f3 su alma de artista, sobre todo con la diestra, al torear despacio. Una estocada muy eficaz dio paso a la petici\u00f3n del trofeo que le permiti\u00f3 salir a hombros junto a Ure\u00f1a.<\/p>\n<p>Comenta<\/p>\n<p>Reporta un error<\/p>\n<p class=\"v-crt__t\"> L\u00edmite de sesiones alcanzadas<\/p>\n<p class=\"v-crt__p\">El acceso al contenido Premium est\u00e1 abierto por cortes\u00eda del establecimiento donde te encuentras, pero ahora mismo hay demasiados usuarios conectados a las vez.<\/p>\n<p class=\"v-crt__p\">Por favor, int\u00e9ntalo pasados unos minutos.<\/p>\n<p>\nVolver a intentar\n<\/p>\n<p class=\"v-crt__t\">Sesi\u00f3n cerrada<\/p>\n<p class=\"v-crt__p\">Al iniciar sesi\u00f3n desde un dispositivo distinto, por seguridad, se cerr\u00f3 la \u00faltima sesi\u00f3n en este.<\/p>\n<p class=\"v-crt__p\">Para continuar disfrutando de su suscripci\u00f3n digital, inicie sesi\u00f3n en este dispositivo.<\/p>\n<p>\nEste contenido es exclusivo para suscriptores\n<\/p>\n<p class=\"text\">\u00bfTienes una suscripci\u00f3n? <a href=\"https:\/\/secure.laverdad.es\/login\/login.html#vca=suscribete&amp;vso=laverdad&amp;vmc=on&amp;vli=cdn-ce-link-login\" class=\"login\" data-voc-vtm-id=\"comienzoSuscripcionON\" data-voc-vtm-info=\"cdn-ce-link-login\" rel=\"nofollow noopener\" target=\"_blank\">Inicia sesi\u00f3n<\/a><\/p>\n","protected":false},"excerpt":{"rendered":"Lunes, 22 de septiembre 2025, 00:17 Comenz\u00f3 la corrida de la Feria de Lorca con una sorpresa, al&hellip;\n","protected":false},"author":2,"featured_media":130556,"comment_status":"","ping_status":"","sticky":false,"template":"","format":"standard","meta":{"footnotes":""},"categories":[277],"tags":[373,954,168,25,24,20174,11051,41862,1262,23,167,374,26581],"class_list":{"0":"post-130555","1":"post","2":"type-post","3":"status-publish","4":"format-standard","5":"has-post-thumbnail","7":"category-toreo","8":"tag-bullfighting","9":"tag-cuatro","10":"tag-deportes","11":"tag-es","12":"tag-espana","13":"tag-lorca","14":"tag-orejas","15":"tag-racha","16":"tag-sigue","17":"tag-spain","18":"tag-sports","19":"tag-toreo","20":"tag-urena"},"share_on_mastodon":{"url":"","error":""},"_links":{"self":[{"href":"https:\/\/www.europesays.com\/es\/wp-json\/wp\/v2\/posts\/130555","targetHints":{"allow":["GET"]}}],"collection":[{"href":"https:\/\/www.europesays.com\/es\/wp-json\/wp\/v2\/posts"}],"about":[{"href":"https:\/\/www.europesays.com\/es\/wp-json\/wp\/v2\/types\/post"}],"author":[{"embeddable":true,"href":"https:\/\/www.europesays.com\/es\/wp-json\/wp\/v2\/users\/2"}],"replies":[{"embeddable":true,"href":"https:\/\/www.europesays.com\/es\/wp-json\/wp\/v2\/comments?post=130555"}],"version-history":[{"count":0,"href":"https:\/\/www.europesays.com\/es\/wp-json\/wp\/v2\/posts\/130555\/revisions"}],"wp:featuredmedia":[{"embeddable":true,"href":"https:\/\/www.europesays.com\/es\/wp-json\/wp\/v2\/media\/130556"}],"wp:attachment":[{"href":"https:\/\/www.europesays.com\/es\/wp-json\/wp\/v2\/media?parent=130555"}],"wp:term":[{"taxonomy":"category","embeddable":true,"href":"https:\/\/www.europesays.com\/es\/wp-json\/wp\/v2\/categories?post=130555"},{"taxonomy":"post_tag","embeddable":true,"href":"https:\/\/www.europesays.com\/es\/wp-json\/wp\/v2\/tags?post=130555"}],"curies":[{"name":"wp","href":"https:\/\/api.w.org\/{rel}","templated":true}]}}