{"id":130585,"date":"2025-09-21T23:34:11","date_gmt":"2025-09-21T23:34:11","guid":{"rendered":"https:\/\/www.europesays.com\/es\/130585\/"},"modified":"2025-09-21T23:34:11","modified_gmt":"2025-09-21T23:34:11","slug":"resumen-goles-y-resultado-del-arsenal-manchester-city-de-la-premier-league","status":"publish","type":"post","link":"https:\/\/www.europesays.com\/es\/130585\/","title":{"rendered":"Resumen, goles y resultado del Arsenal-Manchester City de la Premier League"},"content":{"rendered":"<p class=\"ft-text\">El Manchester City llegaba con la moral alta tras las \u00faltimas dos victorias contra el United y el N\u00e1poles, sin embargo, se llev\u00f3 un nuevo mazazo en la Premier League. <strong>Los de Guardiola se dejaron empatar por el Arsenal con un tanto de Martinelli en el a\u00f1adido y siguen alej\u00e1ndose de la cabeza de la clasificaci\u00f3n (1-1)<\/strong>. Suma siete puntos en cinco jornadas el cuadro &#8216;skyblue&#8217;.<\/p>\n<p class=\"ft-text\"><strong>R\u00e1pidamente, llegaron las buenas noticias para el Manchester City con una r\u00e1pida transici\u00f3n conducida por Tijjani Reijnders que finaliz\u00f3 Erling Haaland sin ponerse nervioso delante de David Raya (0-1).<\/strong> Apenas se hab\u00edan asentado ambos equipos sobre el terreno de juego, pero el equipo &#8216;skyblue&#8217; ya hab\u00eda sido capaz de adelantarse en el marcador.<\/p>\n<p class=\"ft-text\">Pero este tanto pareci\u00f3 todo un espejismo en el <strong>Emirates Stadium.<\/strong> A partir de ese momento, el Arsenal se adue\u00f1\u00f3 por completo del bal\u00f3n a pesar del habitual estilo de juego dominador de los de Guardiola. <strong>Se impuso sobre el terreno de juego la medular &#8216;gunner&#8217;, aunque el descanso lleg\u00f3 con victoria por la m\u00ednima para los visitantes. <\/strong><\/p>\n<p class=\"ft-text\">La segunda parte fue, de nuevo, otro mon\u00f3logo del Arsenal con el bal\u00f3n. Con m\u00e1s del 70% de posesi\u00f3n, el conjunto &#8216;gunner&#8217; prob\u00f3 romper el muro visitante de todas las maneras posibles.<strong> Pic\u00f3 piedra el equipo de Arteta y el premio lleg\u00f3 ya en el tiempo a\u00f1adido con un excelente tanto de Gabriel Martinelli de vaselina tras un pase medido de Eberechi Eze (1-1).<\/strong><\/p>\n<p class=\"ft-text\">Este reparto de puntos no dej\u00f3 a ninguno de los dos equipos satisfechos, sobre todo teniendo en cuenta su objetivo de competir por el t\u00edtulo de la Premier League. <strong>Ni renunciar a su estilo -fue el partido con menos posesi\u00f3n de la carrera de Guardiola como entrenador- sirvi\u00f3 para llevarse una victoria de prestigio.<\/strong> Otro mazazo en el campeonato liguero para los &#8216;cityzens&#8217;, que necesitan empezar a encontrar la regularidad si quiere luchar por el trofeo.<\/p>\n","protected":false},"excerpt":{"rendered":"El Manchester City llegaba con la moral alta tras las \u00faltimas dos victorias contra el United y el&hellip;\n","protected":false},"author":2,"featured_media":130586,"comment_status":"","ping_status":"","sticky":false,"template":"","format":"standard","meta":{"footnotes":""},"categories":[5],"tags":[5031,17,18,3759,25,24,13,14,11,19,20,9,10,15,16,1240,23,12,21,22],"class_list":{"0":"post-130585","1":"post","2":"type-post","3":"status-publish","4":"format-standard","5":"has-post-thumbnail","7":"category-titulares","8":"tag-arsenal","9":"tag-breaking-news","10":"tag-breakingnews","11":"tag-city","12":"tag-es","13":"tag-espana","14":"tag-featured-news","15":"tag-featurednews","16":"tag-headlines","17":"tag-latest-news","18":"tag-latestnews","19":"tag-news","20":"tag-noticias","21":"tag-noticias-destacadas","22":"tag-noticiasdestacadas","23":"tag-premier-league","24":"tag-spain","25":"tag-titulares","26":"tag-ultimas-noticias","27":"tag-ultimasnoticias"},"share_on_mastodon":{"url":"","error":""},"_links":{"self":[{"href":"https:\/\/www.europesays.com\/es\/wp-json\/wp\/v2\/posts\/130585","targetHints":{"allow":["GET"]}}],"collection":[{"href":"https:\/\/www.europesays.com\/es\/wp-json\/wp\/v2\/posts"}],"about":[{"href":"https:\/\/www.europesays.com\/es\/wp-json\/wp\/v2\/types\/post"}],"author":[{"embeddable":true,"href":"https:\/\/www.europesays.com\/es\/wp-json\/wp\/v2\/users\/2"}],"replies":[{"embeddable":true,"href":"https:\/\/www.europesays.com\/es\/wp-json\/wp\/v2\/comments?post=130585"}],"version-history":[{"count":0,"href":"https:\/\/www.europesays.com\/es\/wp-json\/wp\/v2\/posts\/130585\/revisions"}],"wp:featuredmedia":[{"embeddable":true,"href":"https:\/\/www.europesays.com\/es\/wp-json\/wp\/v2\/media\/130586"}],"wp:attachment":[{"href":"https:\/\/www.europesays.com\/es\/wp-json\/wp\/v2\/media?parent=130585"}],"wp:term":[{"taxonomy":"category","embeddable":true,"href":"https:\/\/www.europesays.com\/es\/wp-json\/wp\/v2\/categories?post=130585"},{"taxonomy":"post_tag","embeddable":true,"href":"https:\/\/www.europesays.com\/es\/wp-json\/wp\/v2\/tags?post=130585"}],"curies":[{"name":"wp","href":"https:\/\/api.w.org\/{rel}","templated":true}]}}