{"id":130589,"date":"2025-09-21T23:36:25","date_gmt":"2025-09-21T23:36:25","guid":{"rendered":"https:\/\/www.europesays.com\/es\/130589\/"},"modified":"2025-09-21T23:36:25","modified_gmt":"2025-09-21T23:36:25","slug":"salud-y-toros-previa-de-la-corrida-de-la-prensa-en-el-hispano-ocio-y-cultura","status":"publish","type":"post","link":"https:\/\/www.europesays.com\/es\/130589\/","title":{"rendered":"Salud y toros: previa de la corrida de la Prensa en el Hispano | Ocio y cultura"},"content":{"rendered":"<p class=\"loc\">MURCIA<\/p>\n<p>Los toreros son de otra pasta. Y as\u00ed los demuestra la lesi\u00f3n que sufri\u00f3 Sebasti\u00e1n Castella en Nimes el d\u00eda antes de torear la Corrida de la Prensa en Murcia. <\/p>\n<p>El doctor Mariano de Prado, uno de los invitados del \u00faltimo Aperitivo Taurino de Radio Murcia de la Feria de Septiembre 2025, estuvo tratando minutos antes al torero franc\u00e9s, que hab\u00eda sufrido un percance importante. <\/p>\n<p>El M\u00edster, Vicente Carlos Campillo, hizo interesant\u00edsimos s\u00edmiles entre el mundo de los toros y el f\u00fatbol. Y a \u00faltima hora se uni\u00f3 Enrique Portillo, excelente aficionado a los toros para glosar la previa de la Corrida de la Prensa, la m\u00e1s antigua de las dos \u00fanicas que quedan en Espa\u00f1a con ese nombre.<\/p>\n","protected":false},"excerpt":{"rendered":"MURCIA Los toreros son de otra pasta. Y as\u00ed los demuestra la lesi\u00f3n que sufri\u00f3 Sebasti\u00e1n Castella en&hellip;\n","protected":false},"author":2,"featured_media":130590,"comment_status":"","ping_status":"","sticky":false,"template":"","format":"standard","meta":{"footnotes":""},"categories":[277],"tags":[373,168,25,24,23,167,374],"class_list":{"0":"post-130589","1":"post","2":"type-post","3":"status-publish","4":"format-standard","5":"has-post-thumbnail","7":"category-toreo","8":"tag-bullfighting","9":"tag-deportes","10":"tag-es","11":"tag-espana","12":"tag-spain","13":"tag-sports","14":"tag-toreo"},"share_on_mastodon":{"url":"","error":""},"_links":{"self":[{"href":"https:\/\/www.europesays.com\/es\/wp-json\/wp\/v2\/posts\/130589","targetHints":{"allow":["GET"]}}],"collection":[{"href":"https:\/\/www.europesays.com\/es\/wp-json\/wp\/v2\/posts"}],"about":[{"href":"https:\/\/www.europesays.com\/es\/wp-json\/wp\/v2\/types\/post"}],"author":[{"embeddable":true,"href":"https:\/\/www.europesays.com\/es\/wp-json\/wp\/v2\/users\/2"}],"replies":[{"embeddable":true,"href":"https:\/\/www.europesays.com\/es\/wp-json\/wp\/v2\/comments?post=130589"}],"version-history":[{"count":0,"href":"https:\/\/www.europesays.com\/es\/wp-json\/wp\/v2\/posts\/130589\/revisions"}],"wp:featuredmedia":[{"embeddable":true,"href":"https:\/\/www.europesays.com\/es\/wp-json\/wp\/v2\/media\/130590"}],"wp:attachment":[{"href":"https:\/\/www.europesays.com\/es\/wp-json\/wp\/v2\/media?parent=130589"}],"wp:term":[{"taxonomy":"category","embeddable":true,"href":"https:\/\/www.europesays.com\/es\/wp-json\/wp\/v2\/categories?post=130589"},{"taxonomy":"post_tag","embeddable":true,"href":"https:\/\/www.europesays.com\/es\/wp-json\/wp\/v2\/tags?post=130589"}],"curies":[{"name":"wp","href":"https:\/\/api.w.org\/{rel}","templated":true}]}}