{"id":130591,"date":"2025-09-21T23:40:10","date_gmt":"2025-09-21T23:40:10","guid":{"rendered":"https:\/\/www.europesays.com\/es\/130591\/"},"modified":"2025-09-21T23:40:10","modified_gmt":"2025-09-21T23:40:10","slug":"gari-ugarte-gana-la-vuelta-ciclista-salamanca-2025","status":"publish","type":"post","link":"https:\/\/www.europesays.com\/es\/130591\/","title":{"rendered":"Gari Ugarte gana la Vuelta Ciclista Salamanca 2025"},"content":{"rendered":"<p class=\"paragraph-atom &#10;        A-500-300-700-N A-550-300-700-N--md  \">Salamanca ha vibrado este domingo con la gran final de la <strong>53\u00aa edici\u00f3n de la Vuelta a Salamanca<\/strong>, que se cerr\u00f3 con una espectacular contrarreloj individual por las calles del casco hist\u00f3rico. La meta, situada en la <strong>Plaza Mayor<\/strong>, ofreci\u00f3 un escenario \u00fanico y lleno de p\u00fablico para despedir una competici\u00f3n que vuelve a consolidarse como referente del ciclismo nacional.<\/p>\n<p class=\"paragraph-atom &#10;        A-500-300-700-N A-550-300-700-N--md  \">El gran protagonista de la jornada fue <strong>Gari Ugarte<\/strong>, que no solo se adjudic\u00f3 la contrarreloj, sino que tambi\u00e9n se coron\u00f3 como <strong>vencedor absoluto de la Vuelta<\/strong>. Su regularidad y fuerza en los momentos decisivos le permitieron subir a lo m\u00e1s alto del podio general. Le acompa\u00f1aron en el caj\u00f3n de honor <strong>Maksym Bilyi<\/strong>, en segunda posici\u00f3n, y <strong>Jose Autran<\/strong>, tercero.<\/p>\n<p class=\"paragraph-atom &#10;        A-500-300-700-N A-550-300-700-N--md  \">Entre los premios especiales, destac\u00f3 la actuaci\u00f3n del local <strong>Miguel Dom\u00ednguez<\/strong>, reconocido como <strong>mejor salmantino de la prueba<\/strong>, levantando una fuerte ovaci\u00f3n de los aficionados. El <strong>sprint especial<\/strong> fue para <strong>Mateu Estelrich<\/strong>, que mostr\u00f3 gran explosividad en los tramos decisivos.<\/p>\n<p class=\"paragraph-atom &#10;        A-500-300-700-N A-550-300-700-N--md  \">La contrarreloj, que recorri\u00f3 enclaves emblem\u00e1ticos de la ciudad, dej\u00f3 im\u00e1genes inolvidables al paso del pelot\u00f3n, antes de culminar en la Plaza Mayor. Una combinaci\u00f3n perfecta de deporte, historia y patrimonio que convirti\u00f3 la clausura de la Vuelta en un aut\u00e9ntico espect\u00e1culo.<\/p>\n<p class=\"paragraph-atom &#10;        A-500-300-700-N A-550-300-700-N--md  \">Con esta brillante edici\u00f3n, la Vuelta a Salamanca reafirma su condici\u00f3n de escaparate deportivo y tur\u00edstico, atrayendo a corredores de gran nivel y acercando el ciclismo a miles de aficionados.<\/p>\n","protected":false},"excerpt":{"rendered":"Salamanca ha vibrado este domingo con la gran final de la 53\u00aa edici\u00f3n de la Vuelta a Salamanca,&hellip;\n","protected":false},"author":2,"featured_media":130592,"comment_status":"","ping_status":"","sticky":false,"template":"","format":"standard","meta":{"footnotes":""},"categories":[273],"tags":[313,1757,312,168,25,24,4355,41423,23,167,163,1357],"class_list":{"0":"post-130591","1":"post","2":"type-post","3":"status-publish","4":"format-standard","5":"has-post-thumbnail","7":"category-ciclismo","8":"tag-ciclismo","9":"tag-ciclista","10":"tag-cycling","11":"tag-deportes","12":"tag-es","13":"tag-espana","14":"tag-gana","15":"tag-gari","16":"tag-spain","17":"tag-sports","18":"tag-ugarte","19":"tag-vuelta"},"share_on_mastodon":{"url":"","error":""},"_links":{"self":[{"href":"https:\/\/www.europesays.com\/es\/wp-json\/wp\/v2\/posts\/130591","targetHints":{"allow":["GET"]}}],"collection":[{"href":"https:\/\/www.europesays.com\/es\/wp-json\/wp\/v2\/posts"}],"about":[{"href":"https:\/\/www.europesays.com\/es\/wp-json\/wp\/v2\/types\/post"}],"author":[{"embeddable":true,"href":"https:\/\/www.europesays.com\/es\/wp-json\/wp\/v2\/users\/2"}],"replies":[{"embeddable":true,"href":"https:\/\/www.europesays.com\/es\/wp-json\/wp\/v2\/comments?post=130591"}],"version-history":[{"count":0,"href":"https:\/\/www.europesays.com\/es\/wp-json\/wp\/v2\/posts\/130591\/revisions"}],"wp:featuredmedia":[{"embeddable":true,"href":"https:\/\/www.europesays.com\/es\/wp-json\/wp\/v2\/media\/130592"}],"wp:attachment":[{"href":"https:\/\/www.europesays.com\/es\/wp-json\/wp\/v2\/media?parent=130591"}],"wp:term":[{"taxonomy":"category","embeddable":true,"href":"https:\/\/www.europesays.com\/es\/wp-json\/wp\/v2\/categories?post=130591"},{"taxonomy":"post_tag","embeddable":true,"href":"https:\/\/www.europesays.com\/es\/wp-json\/wp\/v2\/tags?post=130591"}],"curies":[{"name":"wp","href":"https:\/\/api.w.org\/{rel}","templated":true}]}}