{"id":130599,"date":"2025-09-21T23:46:13","date_gmt":"2025-09-21T23:46:13","guid":{"rendered":"https:\/\/www.europesays.com\/es\/130599\/"},"modified":"2025-09-21T23:46:13","modified_gmt":"2025-09-21T23:46:13","slug":"jon-arretxe-escritor-las-cosas-se-estan-poniendo-feas-para-las-personas-vulnerables-y-como-toure","status":"publish","type":"post","link":"https:\/\/www.europesays.com\/es\/130599\/","title":{"rendered":"Jon Arretxe | Escritor: \u00abLas cosas se est\u00e1n poniendo feas para las personas vulnerables y como Tour\u00e9\u00bb"},"content":{"rendered":"<p><a class=\"v-mdl-ath__fig-a\" href=\"https:\/\/www.canarias7.es\/autor\/victoriano-suarez-alamo-3427.html\" title=\"Victoriano Su\u00e1rez \u00c1lamo\" rel=\"nofollow noopener\" target=\"_blank\"><br \/>\n<img decoding=\"async\" class=\"v-mdl-ath__img\" src=\"https:\/\/www.europesays.com\/es\/wp-content\/uploads\/2025\/08\/autor-3427-foto-2.jpeg\" alt=\"Victoriano Su\u00e1rez \u00c1lamo\"\/><br \/>\n<\/a><\/p>\n<p class=\"v-mdl-ath__p v-mdl-ath__p--6\">\nDomingo, 21 de septiembre 2025, 22:46<\/p>\n<p class=\"v-p\">Jon Arretxe aterriza en el Observatorio Criminal de Gran Tarajal, que se desarrollar\u00e1 entre el 25 y 27 de septiembre, con su nueva entrega de las aventuras de su detective Tour\u00e9, titulada &#8216;N\u00fameros rojos&#8217;. <\/p>\n<p class=\"v-p\"><strong>-Tras &#8216;Ma\u00f1as de lagarto&#8217;, en la que Tour\u00e9 viaj\u00f3 hasta Gran Canaria, \u00bfc\u00f3mo surgi\u00f3 &#8216;N\u00fameros rojos&#8217;?<\/strong><\/p>\n<p class=\"v-p\">-Ten\u00eda muy claro que &#8216;Ma\u00f1as de Lagarto&#8217; no iba a ser la \u00faltima de la saga, porque era la d\u00e9cima y les tengo man\u00eda a los n\u00fameros redondos. Me hab\u00eda salido una novela donde predomina el humor, a pesar de unas cuantas escenas cruentas, y me apetec\u00eda hacer una und\u00e9cima entrega m\u00e1s dura que la anterior. En esa linea, tambi\u00e9n ten\u00eda decidido c\u00f3mo iba a comenzar: el arranque de la novela es una persecuci\u00f3n de un grupo de neonazis a Tour\u00e9, al que insultan y agreden por el simple hecho de ser negro. Es una situaci\u00f3n real que vivi\u00f3, y me cont\u00f3, Malcolm Trevi\u00f1o-Sitt\u00e9, el actor que encarna al detective Tour\u00e9 en la teleserie de TVE, ETB y Netflix.<\/p>\n<p class=\"v-p\"><strong>-\u00bfQu\u00e9 le motiv\u00f3 a situar la acci\u00f3n de esta nueva entrega de Tour\u00e9 en Barcelona?<\/strong><\/p>\n<p class=\"v-p\">-Siendo fiel al estilo de novela negra que escribo, prefiero situar mis historias en los ambientes marginales de las grandes ciudades, y, de las que me quedan, m\u00e1s o menos cerca de casa Barcelona era la \u00fanica gran urbe que me faltaba, despu\u00e9s de haberme llevado a Tour\u00e9 a Bilbao, Par\u00eds, Madrid&#8230; Adem\u00e1s, ya conoc\u00eda la ciudad de otras visitas y me apetec\u00eda mucho situar una entrega de la saga all\u00ed, especialmente en sus barrios m\u00e1s desfavorecidos, como el Raval, que tiene un potencial tremendo para este tipo de historias y es el h\u00e1bitat natural de miles de personas como Tour\u00e9.<\/p>\n<p class=\"v-p\"><strong>-\u00bfRepiti\u00f3 la f\u00f3rmula de visitar varias veces la ciudad no solo para ambientarse y recabar datos sino tambi\u00e9n para escribir buena parte de la misma en el mismo sitio en el que transcurre la historia?<\/strong><\/p>\n<p class=\"v-p\">-Exactamente. Es una f\u00f3rmula que prob\u00e9 hace ya muchos a\u00f1os, me ha ido siempre bien y sigo utiliz\u00e1ndola. En esta ocasi\u00f3n, me he hospedado varias veces en una fonda de mala muerte del barrio del Raval, escenario principal de la novela, para estar bien ambientado. Y a base de callejear con todos los sentidos despiertos, de recorrer los lugares donde se refugian los sin techo o las prostitutas, de observar la labor de asociaciones que ayudan a sobrevivir a los m\u00e1s desfavorecidos\u2026 la propia ciudad me ha obsequiado con unos personajes y unas situaciones impagables. De hecho, la gran mayor\u00eda de las cosas que suceden en la novela est\u00e1n basadas en la realidad.<\/p>\n<p class=\"v-p\"><strong>-En &#8216;N\u00fameros rojos&#8217; hace un gui\u00f1o al encuentro de Tour\u00e9 con Eladio Monroy, el personaje creado por el a\u00f1orado escritor grancanario Alexis Ravelo, durante la estancia de su personaje en Gran Canaria en la anterior novela. \u00bfImplica eso que puede que vuelva Tour\u00e9 por la isla o solo es un homenaje m\u00e1s a su admirado como escritor y persona Alexis Ravelo?<\/strong><\/p>\n<p class=\"v-p\">-&#8216;Ma\u00f1as de Lagarto&#8217; fue un homenaje de arriba abajo a mi querido Alexis. No solo cruc\u00e9 a su Eladio Monroy con mi Mahamoud Tour\u00e9, tambi\u00e9n podr\u00edamos decir que Lagarto de Escaleritas, uno de los personajes principales de la novela, es el propio Alexis Ravelo. Tour\u00e9 no va a volver por la isla, porque sus novelas nunca han repetido marco, con la excepci\u00f3n de Bilbao, su lugar de residencia; pero yo seguro que s\u00ed regreso, ya sea en viaje de placer o de trabajo. La temporada que me pas\u00e9 por Gran Canaria, no como turista sino como autor en busca de inspiraci\u00f3n, me dio la oportunidad de conocer una realidad, unos lugares y, sobre todo, unas personas que pasan desapercibidos para los miles de turistas cl\u00e1sicos, pero que merecen muy mucho la pena.<\/p>\n<p class=\"v-p\"><strong>-\u00bfComparte la idea de que &#8216;N\u00fameros rojos&#8217; es una novela sobre la venganza?<\/strong><\/p>\n<p class=\"v-p\">-La venganza es uno de los motores de la trama principal, sobre todo el del personaje misterioso que escribe n\u00fameros en rojo sobre el lomo del gato de Botero, en el Raval. Pero hay otros temas que tienen tanto peso como la venganza: la decadencia, la marginalidad, la desesperanza, la solidaridad, la amistad, el racismo\u2026 En general, creo que es una de las novelas m\u00e1s duras de la saga, quiz\u00e1s la m\u00e1s cruda de todas. Y, tal vez, la mejor. Eso es lo que me parece ahora, aunque habr\u00e1 que esperar un tiempo, para conocer el &#8216;feed-back&#8217; de los lectores.<\/p>\n<p class=\"v-p\"><strong>-Tour\u00e9 cada vez parece m\u00e1s desalentado con su suerte y los tiempos que corren. \u00bfAnte lo segundo es un reflejo de lo que siente Jon Arretxe?<\/strong><\/p>\n<p class=\"v-p\">-Es un reflejo de lo que veo que se cuece en nuestras sociedades. La extrema derecha se est\u00e1 haciendo due\u00f1a del mundo, encabezada, c\u00f3mo no, por el impresentable de Trump, que sirve de modelo a muchos otros dirigentes que est\u00e1n llegando al poder. Se est\u00e1n recortando r\u00e1pidamente derechos que hab\u00eda costado una barbaridad conquistar, se est\u00e1 imponiendo la xenofobia, el racismo, las ideolog\u00edas m\u00e1s rancias, el echar la culpa de todo a los inmigrantes pobres; los l\u00edderes m\u00e1s poderosos act\u00faan con una prepotencia y una impunidad inconcebibles\u2026 Yo, al fin y al cabo, soy un pijo blanco que vive como Dios, pero para las personas del perfil de Tour\u00e9, para los diferentes y para los m\u00e1s vulnerables, en general, esto se est\u00e1 poniendo feo.<\/p>\n<p class=\"v-p\"><strong>-\u00bfC\u00f3mo le ha afectado a su trayectoria como escritor y a la saga de este personaje la serie de televisi\u00f3n sobre la misma? \u00bfHabr\u00e1 segunda temporada?<\/strong><\/p>\n<p class=\"v-p\">-Me ha venido muy bien para hacerme m\u00e1s conocido entre la gente que no ten\u00eda ni idea de qui\u00e9n era el creador de ese personaje tan simp\u00e1tico de la teleserie, porque no se puede comparar la repercusi\u00f3n de una obra escrita, por muy buena que sea, con la de cualquier serie cinematogr\u00e1fica, por muy corriente que sea. Y, adem\u00e1s, &#8216;Detective Tour\u00e9&#8217; est\u00e1 muy bien hecha. Desde su estreno, me est\u00e1n dando una oportunidad muchos lectores nuevos, que espero se vayan enganchando a mi querido Tour\u00e9. Y, adem\u00e1s, me est\u00e1n invitando a m\u00e1s festivales de novela negra, lo cu\u00e1l no est\u00e1 nada mal. En cuanto a la segunda temporada, la est\u00e1n negociando ahora mismo.Los socios creen en el proyecto, los guiones provisionales ya est\u00e1n hechos, pero falta lo de siempre: ponerse de acuerdo en el tema de la pasta.<\/p>\n<p class=\"v-p\"><strong>-\u00bfQu\u00e9 le ha motivado a acudir al Observatorio Negrocriminal de Fuerteventura?<\/strong><\/p>\n<p class=\"v-p\">-Es un festival al que no se le puede decir que no, por muchas razones: el marco en el que se desarrolla es de postal; la organizadora, Carmen Nieto, es una joya en todos los sentidos; en la primera edici\u00f3n nos trataron fenomenal; adem\u00e1s, he cogido mucho cari\u00f1o a las islas y cada vez que me proponen acudir a un festival de cualquiera de ellas, voy de cabeza\u2026 A donde se hacen las cosas bien, merece la pena volver, y all\u00ed estaremos, con un grupo de autores de mucho nivel.<\/p>\n<p class=\"v-p\">&#8211;<strong>\u00bfEst\u00e1 ya con la escritura de la 12\u00aa entrega de Tour\u00e9? \u00bfNos puede adelantar algunos detalles?<\/strong><\/p>\n<p class=\"v-p\">-No s\u00e9 si va a haber 12\u00aa entrega. Mientras me lo pienso, he hecho un par\u00e9ntesis y estoy escribiendo otra novela totalmente diferente a las de la saga de Tour\u00e9, sin cr\u00edtica social, sin ambiente marginal, sin inmigrantes\u2026 Todos los personajes principales, malos y peores, van a ser vascos de ocho apellidos vascos, va a haber mucho humor (bastante negro) mucho ritmo, mucha sorpresa, mucho muerto\u2026 El t\u00edtulo ya est\u00e1 decidido, y da una idea de lo que el lector se va a encontrar: &#8216;Txistorra noir&#8217;. Por cierto, el arranque de la novela, un atraco en una f\u00e1brica de chistorras de Arbizu, lugar donde vivo, me lo propuso la comisaria del Observatorio Criminal de Fuerteventura, Carmen Nieto. <\/p>\n<p>Comenta<\/p>\n<p>Reporta un error<\/p>\n","protected":false},"excerpt":{"rendered":"Domingo, 21 de septiembre 2025, 22:46 Jon Arretxe aterriza en el Observatorio Criminal de Gran Tarajal, que se&hellip;\n","protected":false},"author":2,"featured_media":130600,"comment_status":"","ping_status":"","sticky":false,"template":"","format":"standard","meta":{"footnotes":""},"categories":[172],"tags":[224,146,147,25,24,41881,225,3477,41880,23,41883,41882],"class_list":{"0":"post-130599","1":"post","2":"type-post","3":"status-publish","4":"format-standard","5":"has-post-thumbnail","7":"category-libros","8":"tag-books","9":"tag-entertainment","10":"tag-entretenimiento","11":"tag-es","12":"tag-espana","13":"tag-feas","14":"tag-libros","15":"tag-personas","16":"tag-poniendo","17":"tag-spain","18":"tag-toure","19":"tag-vulnerables"},"share_on_mastodon":{"url":"","error":""},"_links":{"self":[{"href":"https:\/\/www.europesays.com\/es\/wp-json\/wp\/v2\/posts\/130599","targetHints":{"allow":["GET"]}}],"collection":[{"href":"https:\/\/www.europesays.com\/es\/wp-json\/wp\/v2\/posts"}],"about":[{"href":"https:\/\/www.europesays.com\/es\/wp-json\/wp\/v2\/types\/post"}],"author":[{"embeddable":true,"href":"https:\/\/www.europesays.com\/es\/wp-json\/wp\/v2\/users\/2"}],"replies":[{"embeddable":true,"href":"https:\/\/www.europesays.com\/es\/wp-json\/wp\/v2\/comments?post=130599"}],"version-history":[{"count":0,"href":"https:\/\/www.europesays.com\/es\/wp-json\/wp\/v2\/posts\/130599\/revisions"}],"wp:featuredmedia":[{"embeddable":true,"href":"https:\/\/www.europesays.com\/es\/wp-json\/wp\/v2\/media\/130600"}],"wp:attachment":[{"href":"https:\/\/www.europesays.com\/es\/wp-json\/wp\/v2\/media?parent=130599"}],"wp:term":[{"taxonomy":"category","embeddable":true,"href":"https:\/\/www.europesays.com\/es\/wp-json\/wp\/v2\/categories?post=130599"},{"taxonomy":"post_tag","embeddable":true,"href":"https:\/\/www.europesays.com\/es\/wp-json\/wp\/v2\/tags?post=130599"}],"curies":[{"name":"wp","href":"https:\/\/api.w.org\/{rel}","templated":true}]}}