{"id":130606,"date":"2025-09-21T23:51:11","date_gmt":"2025-09-21T23:51:11","guid":{"rendered":"https:\/\/www.europesays.com\/es\/130606\/"},"modified":"2025-09-21T23:51:11","modified_gmt":"2025-09-21T23:51:11","slug":"disponer-de-una-herramienta-fiable-que-anticipe-la-progresion-del-alzheimer-es-un-punto-de-inflexion","status":"publish","type":"post","link":"https:\/\/www.europesays.com\/es\/130606\/","title":{"rendered":"Disponer de una herramienta fiable que anticipe la progresi\u00f3n del alzh\u00e9imer es un punto de inflexi\u00f3n"},"content":{"rendered":"<p><b>F\u00e1tima del Reino Iniesta<\/b><b><br \/><\/b>Cada <b>21 de septiembre, D\u00eda Mundial del Alzh\u00e9imer<\/b>, se recuerda la magnitud de una enfermedad que afecta a m\u00e1s de <b>800.000 personas en Espa\u00f1a<\/b>, seg\u00fan datos de la <strong>Sociedad Espa\u00f1ola de Neurolog\u00eda<\/strong> (SEN). Este a\u00f1o, la conmemoraci\u00f3n llega acompa\u00f1ada de <b>avances cient\u00edficos <\/b>y de testimonios que ponen en valor la importancia del acompa\u00f1amiento humano.<\/p>\n<p>En este contexto, el <b>Dr.<\/b> <b>Jordi Gasc\u00f3n<\/b>, jefe de la Unidad de Memoria del Hospital de Bellvitge, ha resumido el impacto de los progresos en diagn\u00f3stico con una afirmaci\u00f3n contundente: \u00abDisponer de una herramienta fiable que anticipe la progresi\u00f3n del alzh\u00e9imer es un punto de inflexi\u00f3n\u00bb.<\/p>\n<p><b>Un biomarcador que anticipa la progresi\u00f3n<\/b><\/p>\n<p>En Barcelona, la spin-off <b>ADmit Therapeutics<\/b>, que surge del Instituto de Investigaci\u00f3n Biom\u00e9dica de Bellvitge (Idibell), ha desarrollado \u00abel primer biomarcador en sangre\u00bb\u00a0capaz de anticipar la progresi\u00f3n del deterioro cognitivo leve hacia la demencia de alzh\u00e9imer. El test, denominado <b>Map-AD<\/b>, se diferencia de otros biomarcadores en que no solo confirma la presencia de patolog\u00eda cerebral, sino que adem\u00e1s ofrece \u00abinformaci\u00f3n cl\u00ednica decisiva\u00bb\u00a0sobre la evoluci\u00f3n futura de cada paciente. Ha obtenido ya el marcado CE-IVDR de la Uni\u00f3n Europea, que avala su seguridad y eficacia, y sus resultados se han publicado en la revista iScience.<\/p>\n<p>El biomarcador Map-AD permite anticipar con alta precisi\u00f3n la progresi\u00f3n del deterioro cognitivo leve hacia alzh\u00e9imer<\/p>\n<p>El procedimiento se basa en un an\u00e1lisis de sangre cualitativo que mide <b>nuevos biomarcadores mitocondriales<\/b> y los combina con datos cl\u00ednicos para predecir \u00abcon alta precisi\u00f3n\u00bb\u00a0qu\u00e9 pacientes progresar\u00e1n hacia alzh\u00e9imer y cu\u00e1les se mantendr\u00e1n estables. El <b>Dr. Jordi Gasc\u00f3n<\/b>, ha resumido que \u00abdisponer de una herramienta fiable que anticipe la progresi\u00f3n es un punto de inflexi\u00f3n: nos permite mantener conversaciones m\u00e1s informadas con las familias y guiar mejor las intervenciones, ya sean preventivas, en ensayos cl\u00ednicos o con las nuevas terapias emergentes\u00bb.<\/p>\n<p><b>Nuevos tratamientos que cambian el paradigma<\/b><\/p>\n<p>Los avances no se limitan s\u00f3lo al diagn\u00f3stico. Seg\u00fan el neur\u00f3logo de la Policl\u00ednica Gipuzkoa, el <b>Dr. Gurutz Linazasoro<\/b>, \u00aben breve llegar\u00e1n a Espa\u00f1a nuevos medicamentos contra el alzh\u00e9imer, unos anticuerpos monoclonales que act\u00faan sobre el origen de la misma, lo que abre la puerta a la esperanza para los pacientes y sus familiares\u00bb.<\/p>\n<p>Estos f\u00e1rmacos, ya disponibles en Estados Unidos e Inglaterra, han demostrado su capacidad para <b>eliminar los dep\u00f3sitos de prote\u00edna amiloide<\/b> en el cerebro, lo que se traduce en una evoluci\u00f3n \u00abm\u00e1s lenta y benigna\u00bb\u00a0de la enfermedad. El Dr. Linazasoro ha recordado la falta de recursos terap\u00e9uticos en los a\u00f1os 80. \u00abHace 40 a\u00f1os, cuando empec\u00e9 en neurolog\u00eda, no ten\u00edamos pr\u00e1cticamente nada que ofrecer a las personas con alzh\u00e9imer. Ahora disponemos de medicamentos que mejoran los s\u00edntomas y, en breve, llegar\u00e1n f\u00e1rmacos que act\u00faan directamente sobre el origen de la enfermedad\u00bb, ha explicado.<\/p>\n<p>Nuevos f\u00e1rmacos que act\u00faan sobre los dep\u00f3sitos de amiloide marcan un antes y un despu\u00e9s en el tratamiento<\/p>\n<p>El especialista ha concluido que \u00abestamos hablando de un antes y un despu\u00e9s en el tratamiento del alzh\u00e9imer, porque el gran objetivo siempre ha sido modificar el curso de la enfermedad y ganar tiempo frente a la neurodegeneraci\u00f3n\u00bb.<\/p>\n<p><b>La dimensi\u00f3n humana: la amistad frente al alzh\u00e9imer<\/b><\/p>\n<p>Junto a los avances cient\u00edficos, el D\u00eda Mundial del Alzheimer tambi\u00e9n es una oportunidad para visibilizar las historias de quienes acompa\u00f1an a las personas afectadas. Es el caso de <b>Charo y Carlos<\/b>, vecinos de Pilar de la Horadada (Alicante), cuya amistad ha sido clave para afrontar la enfermedad. Carlos, pastelero durante d\u00e9cadas en la confiter\u00eda de Charo, comenz\u00f3 a presentar signos de deterioro cognitivo a los 60 a\u00f1os. Ella fue la primera en detectar los s\u00edntomas. \u201cEmpez\u00f3 a repetir mucho las cosas, a tener olvidos, y un d\u00eda lleg\u00f3 muy desorientado a la tienda. Me puse en alerta y le acompa\u00f1\u00e9 a su casa, porque intu\u00ed que algo malo pasaba\u201d, ha detallado Charo.\u00a0<\/p>\n<p>La situaci\u00f3n deriv\u00f3 en su ingreso en el Centro de Mayores Casaverde Pilar de la Horadada, donde su mejor\u00eda ha sido notable. \u201cVoy a verlo a menudo y estoy tranquila porque s\u00e9 que est\u00e1 muy bien cuidado. Come muy bien, est\u00e1 bien aseado y ha hecho nuevos amigos. Le veo muy feliz\u201d, ha explicado Charo.<\/p>\n<p>\u201cCuando dejas de ser independiente, es fundamental contar con profesionales que te ayuden a cuidar\u201d, recuerda Charo<\/p>\n<p>Aunque Carlos ya no recuerda su vida en la confiter\u00eda ni a su familia, ella sigue siendo una referencia para \u00e9l. \u201cTodav\u00eda recuerda que yo era su jefa y soy la \u00fanica persona de su entorno que identifica\u201d. Charo ha insistido en la importancia de contar con recursos profesionales para el abordaje de la enfermedad. \u201cCuando hay un deterioro as\u00ed, es necesario otro tipo de atenci\u00f3n. Es fundamental contar con recursos profesionales para el cuidado. No s\u00e9 qu\u00e9 habr\u00eda sido de \u00e9l en el caso de no haber aparecido Casaverde\u201d, ha concluido.\u00a0<\/p>\n<p><b>Recuerdos en marcha: caminar para no olvidar<\/b><\/p>\n<p>En el marco del D\u00eda Mundial del Alzheimer, el Centro Casaverde Pilar de la Horadada ha organizado la marcha solidaria <b>\u201cRecuerdos en marcha\u201d<\/b>, con el objetivo de visibilizar la enfermedad y apoyar a las familias. \u201cCon esta marcha queremos caminar juntos para no olvidar que el Alzheimer no solo afecta a quien lo padece, sino tambi\u00e9n a quienes acompa\u00f1an a los pacientes cada d\u00eda. Nuestra misi\u00f3n es tender la mano a las familias, concienciar y, sobre todo, celebrar la vida y los recuerdos que nos unen\u201d, ha explicado <b>Eva de la Cruz<\/b>, directora del centro. La actividad consistir\u00e1 en un recorrido simb\u00f3lico y en la creaci\u00f3n de un mural conmemorativo, adem\u00e1s de talleres y espacios de encuentro para familiares y pacientes.<\/p>\n<p>La combinaci\u00f3n de <b>innovaci\u00f3n cient\u00edfica<\/b> y <b>apoyo social<\/b> marca este D\u00eda Mundial del Alzheimer con un horizonte m\u00e1s esperanzador. Los biomarcadores en sangre, los nuevos f\u00e1rmacos dirigidos al origen de la enfermedad y la importancia de la amistad y el acompa\u00f1amiento refuerzan la idea de que el abordaje del alzh\u00e9imer debe ser integral: desde el laboratorio hasta la vida cotidiana. Porque, como recuerda el Dr. Linazasoro, \u201cestamos en la primera estaci\u00f3n del largo camino que nos va a llevar a la prevenci\u00f3n de la enfermedad de Alzheimer\u201d.<\/p>\n","protected":false},"excerpt":{"rendered":"F\u00e1tima del Reino IniestaCada 21 de septiembre, D\u00eda Mundial del Alzh\u00e9imer, se recuerda la magnitud de una enfermedad&hellip;\n","protected":false},"author":2,"featured_media":130607,"comment_status":"","ping_status":"","sticky":false,"template":"","format":"standard","meta":{"footnotes":""},"categories":[92],"tags":[3297,517,3350,14817,25,24,165,166,23],"class_list":{"0":"post-130606","1":"post","2":"type-post","3":"status-publish","4":"format-standard","5":"has-post-thumbnail","7":"category-salud","8":"tag-a1","9":"tag-actualidad","10":"tag-alzheimer","11":"tag-enfermedades-neurodegenerativas","12":"tag-es","13":"tag-espana","14":"tag-health","15":"tag-salud","16":"tag-spain"},"share_on_mastodon":{"url":"","error":""},"_links":{"self":[{"href":"https:\/\/www.europesays.com\/es\/wp-json\/wp\/v2\/posts\/130606","targetHints":{"allow":["GET"]}}],"collection":[{"href":"https:\/\/www.europesays.com\/es\/wp-json\/wp\/v2\/posts"}],"about":[{"href":"https:\/\/www.europesays.com\/es\/wp-json\/wp\/v2\/types\/post"}],"author":[{"embeddable":true,"href":"https:\/\/www.europesays.com\/es\/wp-json\/wp\/v2\/users\/2"}],"replies":[{"embeddable":true,"href":"https:\/\/www.europesays.com\/es\/wp-json\/wp\/v2\/comments?post=130606"}],"version-history":[{"count":0,"href":"https:\/\/www.europesays.com\/es\/wp-json\/wp\/v2\/posts\/130606\/revisions"}],"wp:featuredmedia":[{"embeddable":true,"href":"https:\/\/www.europesays.com\/es\/wp-json\/wp\/v2\/media\/130607"}],"wp:attachment":[{"href":"https:\/\/www.europesays.com\/es\/wp-json\/wp\/v2\/media?parent=130606"}],"wp:term":[{"taxonomy":"category","embeddable":true,"href":"https:\/\/www.europesays.com\/es\/wp-json\/wp\/v2\/categories?post=130606"},{"taxonomy":"post_tag","embeddable":true,"href":"https:\/\/www.europesays.com\/es\/wp-json\/wp\/v2\/tags?post=130606"}],"curies":[{"name":"wp","href":"https:\/\/api.w.org\/{rel}","templated":true}]}}