{"id":130608,"date":"2025-09-21T23:52:08","date_gmt":"2025-09-21T23:52:08","guid":{"rendered":"https:\/\/www.europesays.com\/es\/130608\/"},"modified":"2025-09-21T23:52:08","modified_gmt":"2025-09-21T23:52:08","slug":"la-gente-hace-mucho-dano","status":"publish","type":"post","link":"https:\/\/www.europesays.com\/es\/130608\/","title":{"rendered":"La gente hace mucho da\u00f1o"},"content":{"rendered":"<p class=\"c-paragraph\"><a href=\"https:\/\/www.20minutos.es\/tags\/personas\/david-bustamante.html\" title=\"David Bustamante\" rel=\"nofollow noopener\" target=\"_blank\">David Bustamante<\/a> atraviesa un gran momento profesional. Inmerso en su gira, en la que presenta con su \u00faltimo trabajo, In\u00e9dito, el c\u00e1ntabro, adem\u00e1s, <b>ha experimentado un notable <a href=\"https:\/\/www.20minutos.es\/gente\/david-bustamante-sorprende-nuevo-cambio-fisico-planta-cara-comentarios-negativos_6237419_0.html\" rel=\"nofollow noopener\" target=\"_blank\">cambio f\u00edsico<\/a> <\/b>del que ha hablado ya en alguna ocasi\u00f3n.\u00a0<\/p>\n<p class=\"c-paragraph\">Seg\u00fan ha contado, y<b> ha dejado ver en sus redes sociales<\/b>, ha experimentado un cambio de rutinas que, visto lo visto, le est\u00e1 dando resultado.\u00a0<\/p>\n<p class=\"c-paragraph\"><b>Esfuerzo, tes\u00f3n y constancia<\/b>, adem\u00e1s del apoyo de grandes profesionales, son la clave de este comentado cambio que exhibe el c\u00e1ntabro tanto encima de los escenarios como en sus apariciones p\u00fablicas.<\/p>\n<p class=\"c-paragraph\">Tambi\u00e9n <b>lo comparte en sus redes<\/b>, donde sube habitualmente las rutinas de ejercicios que realiza, donde muestra adem\u00e1s mucha energ\u00eda y confianza, la misma que en sus shows.<\/p>\n<p class=\"c-paragraph\">En uno de los \u00faltimos, que tuvo lugar en M\u00f3stoles, el extriunfito alz\u00f3 la voz contra los comentarios sobre su peso: \u00abPeri\u00f3dicamente, de alguna forma, la gente sin que les pregunte me dicen c\u00f3mo estoy,<b> si estoy gordo, si estoy delgado<\/b>, y lo hacen de una manera muy cobarde\u00bb, aseguraba a modo de denuncia entre canci\u00f3n y canci\u00f3n.<\/p>\n<p class=\"c-paragraph\">\u00ab<b>Yo nunca me he encontrado a alguien por la calle y me ha dicho lo que le parec\u00eda<\/b>, es una cosa muy curiosa. A trav\u00e9s de las redes, la gente hace mucho da\u00f1o. Todos tenemos un espejo en casa. Dejad de decir a la gente si ha subido o ha bajado de peso porque hay gente con la que no van a poder. Nos puede doler en un momento dado, pero nos sacudimos el polvo y seguimos. Pero<b> hay gente que llevan esas esas heridas y esas cicatrices el resto de su vida<\/b>\u00ab, fueron las aplaudidas palabras del artista ante sus fans.<\/p>\n","protected":false},"excerpt":{"rendered":"David Bustamante atraviesa un gran momento profesional. Inmerso en su gira, en la que presenta con su \u00faltimo&hellip;\n","protected":false},"author":2,"featured_media":130609,"comment_status":"","ping_status":"","sticky":false,"template":"","format":"standard","meta":{"footnotes":""},"categories":[91],"tags":[7556,146,147,25,24,2723,1016,24227,4207,23],"class_list":{"0":"post-130608","1":"post","2":"type-post","3":"status-publish","4":"format-standard","5":"has-post-thumbnail","7":"category-entretenimiento","8":"tag-cambio","9":"tag-entertainment","10":"tag-entretenimiento","11":"tag-es","12":"tag-espana","13":"tag-fisico","14":"tag-fotos","15":"tag-impactante","16":"tag-las","17":"tag-spain"},"share_on_mastodon":{"url":"","error":""},"_links":{"self":[{"href":"https:\/\/www.europesays.com\/es\/wp-json\/wp\/v2\/posts\/130608","targetHints":{"allow":["GET"]}}],"collection":[{"href":"https:\/\/www.europesays.com\/es\/wp-json\/wp\/v2\/posts"}],"about":[{"href":"https:\/\/www.europesays.com\/es\/wp-json\/wp\/v2\/types\/post"}],"author":[{"embeddable":true,"href":"https:\/\/www.europesays.com\/es\/wp-json\/wp\/v2\/users\/2"}],"replies":[{"embeddable":true,"href":"https:\/\/www.europesays.com\/es\/wp-json\/wp\/v2\/comments?post=130608"}],"version-history":[{"count":0,"href":"https:\/\/www.europesays.com\/es\/wp-json\/wp\/v2\/posts\/130608\/revisions"}],"wp:featuredmedia":[{"embeddable":true,"href":"https:\/\/www.europesays.com\/es\/wp-json\/wp\/v2\/media\/130609"}],"wp:attachment":[{"href":"https:\/\/www.europesays.com\/es\/wp-json\/wp\/v2\/media?parent=130608"}],"wp:term":[{"taxonomy":"category","embeddable":true,"href":"https:\/\/www.europesays.com\/es\/wp-json\/wp\/v2\/categories?post=130608"},{"taxonomy":"post_tag","embeddable":true,"href":"https:\/\/www.europesays.com\/es\/wp-json\/wp\/v2\/tags?post=130608"}],"curies":[{"name":"wp","href":"https:\/\/api.w.org\/{rel}","templated":true}]}}