{"id":13061,"date":"2025-07-30T03:28:09","date_gmt":"2025-07-30T03:28:09","guid":{"rendered":"https:\/\/www.europesays.com\/es\/13061\/"},"modified":"2025-07-30T03:28:09","modified_gmt":"2025-07-30T03:28:09","slug":"ufc-313-horario-en-espana-cartelera-y-como-ver-el-pereira","status":"publish","type":"post","link":"https:\/\/www.europesays.com\/es\/13061\/","title":{"rendered":"UFC 313: horario en Espa\u00f1a, cartelera y c\u00f3mo ver el Pereira"},"content":{"rendered":"<p class=\"paragraph\" data-mrf-recirculation=\"Links art\u00edculo\">La <a class=\"link\" data-voc-vtm-id=\"in-text-traffic\" href=\"https:\/\/www.relevo.com\/mma\/ufc\/\" target=\"_self\" rel=\"nofollow noopener\">UFC<\/a> visita Las Vegas, con p\u00fablico, por primera vez en 2025. M\u00e1s all\u00e1 de los eventos en el Apex, la empresa llega a su ciudad fetiche y lo hace con uno de sus mayores rostros en el cartel. <strong>Alex Pereira es uno de los mayores activos que tienen en cartera y cada pelea de \u00e9l es un gran acontecimiento<\/strong>. El brasile\u00f1o mira con ojos de deseo una oportunidad en el <a class=\"link\" data-voc-vtm-id=\"in-text-traffic\" href=\"https:\/\/www.relevo.com\/mma\/ufc\/categorias-peso-20221219102356-nt.html\" target=\"_self\" rel=\"nofollow noopener\">peso pesado<\/a>, pero la UFC le quiere de momento en el semipesado y en esa divisi\u00f3n <strong>la oportunidad deb\u00eda d\u00e1rsela a Magomed Ankalaev<\/strong>, quien disput\u00f3 el t\u00edtulo en diciembre de 2022. Hizo nulo. Merec\u00eda otra oportunidad, pero ha costado que se la den.<\/p>\n<p>Horario y fecha: \u00bfA qu\u00e9 hora comienza el UFC 313: Pereira vs Ankalaev?<\/p>\n<p class=\"paragraph\" data-mrf-recirculation=\"Links art\u00edculo\">La cartelera tiene a uno de los mayores nombres de la empresa. Alex Pereira eclipsa todo, pero visitar Las Vegas siempre requiere de algo m\u00e1s. El duelo coestelar entre Justin Gaethje y Rafael Fiziev ha encendido a la afici\u00f3n. Son dos hombres, valientes que siempre dan espect\u00e1culo y el pleito llama incluso con el cambio de \u00faltima hora, ya que Fiziev ocup\u00f3 el hueco de Dan Hooker. No hay mejor entrante para ver a Poatan en acci\u00f3n. <strong>El UFC 313 se disputa este s\u00e1bado 8 de marzo de 2025<\/strong> (madrugada del s\u00e1bado 8 al domingo 9 en Espa\u00f1a) en el T-Mobile Arena de Las Vegas (Nevada, Estados Unidos) <strong>desde las 00:00 horas<\/strong> (hora peninsular espa\u00f1ola). La segunda ronda de preliminares dar\u00e1 inicio a las 02:00 horas (hora peninsular espa\u00f1ola) y <strong>la cartelera estelar se iniciar\u00e1 a las 04:00 horas<\/strong> (hora peninsular espa\u00f1ola).<\/p>\n<p>Televisi\u00f3n: \u00bfEn qu\u00e9 canal ver el UFC 313: Pereira vs Ankalaev?<\/p>\n<p class=\"paragraph\" data-mrf-recirculation=\"Links art\u00edculo\">Si no quieres perderte esta jornada de UFC, <strong>Eurosport<\/strong> es la televisi\u00f3n que cuenta con los derechos, en exclusiva, de la UFC en Espa\u00f1a. Todos los eventos los emite en directo, y bajo demanda, a trav\u00e9s de <strong>Max<\/strong>. Los preliminares, al completo, tambi\u00e9n pueden verse por la APP de la UFC, UFC Fight Pass.<\/p>\n<p>Cartelera del UFC 313: Pereira vs Ankalaev<\/p>\n<ul class=\"list list--type\">\n<li class=\"list__item\">\nAlex Pereira vs Magomed Ankalaev: Campeonato de la UFC del peso semipesado.\n<\/li>\n<li class=\"list__item\">\nJustin Gaethje vs Rafael Fiziev: peso ligero.\n<\/li>\n<li class=\"list__item\">\nJalin Turner vs Ignacio Bahamondes: peso ligero.\n<\/li>\n<li class=\"list__item\">\nAmanda Lemos vs Iasmin Lucindo: peso paja.\n<\/li>\n<li class=\"list__item\">\nKing Green vs Mauricio Ruffy: peso ligero.\n<\/li>\n<li class=\"list__item\">\nCurtis Blaydes vs Rizvan Kuniev: peso pesado.\n<\/li>\n<li class=\"list__item\">\nJoshua Van vs Rei Tsuruya: peso mosca.\n<\/li>\n<li class=\"list__item\">\nBrunno Ferreira vs Armen Petrosyan: peso medio.\n<\/li>\n<li class=\"list__item\">\nAlex Morono vs Carlos Leal: peso welter.\n<\/li>\n<li class=\"list__item\">\nMarion Santos vs Francis Marshall: peso pluma.\n<\/li>\n<li class=\"list__item\">\nDjorden Santos vs Ozzy Diaz: peso medio.\n<\/li>\n<\/ul>\n<p class=\"paragraph\" data-mrf-recirculation=\"Links art\u00edculo\"><strong>Alex Pereira tiene su objetivo puesto en el peso pesado<\/strong>. Nadie en la historia de la UFC ha reinado en tres divisiones diferentes y \u00e9l quiere ser el primero. Pese a ello, todav\u00eda le queda legado por escribir en el semipesado. <a class=\"link\" data-voc-vtm-id=\"in-text-traffic\" href=\"https:\/\/www.relevo.com\/mma\/ufc\/alex-pereira-remontar-completar-poker-20241006072344-nt.html\" target=\"_self\" rel=\"nofollow noopener\">Este s\u00e1bado afronta su cuarta defensa en la divisi\u00f3n<\/a>. Con la victoria igualar\u00eda a leyendas como Frank Shamrock, Tito Ortiz y Chuck Liddell. Poatan llegar\u00eda a ese escal\u00f3n, teniendo por delante \u00fanicamente a Jon Jones, que consigui\u00f3 retener su corona ocho veces consecutivas.<\/p>\n","protected":false},"excerpt":{"rendered":"La UFC visita Las Vegas, con p\u00fablico, por primera vez en 2025. M\u00e1s all\u00e1 de los eventos en&hellip;\n","protected":false},"author":2,"featured_media":13062,"comment_status":"","ping_status":"","sticky":false,"template":"","format":"standard","meta":{"footnotes":""},"categories":[276],"tags":[822,1013,168,25,24,319,823,23,167,343],"class_list":{"0":"post-13061","1":"post","2":"type-post","3":"status-publish","4":"format-standard","5":"has-post-thumbnail","7":"category-ufc","8":"tag-ankalaev","9":"tag-cartelera","10":"tag-deportes","11":"tag-es","12":"tag-espana","13":"tag-horario","14":"tag-pereira","15":"tag-spain","16":"tag-sports","17":"tag-ufc"},"share_on_mastodon":{"url":"","error":""},"_links":{"self":[{"href":"https:\/\/www.europesays.com\/es\/wp-json\/wp\/v2\/posts\/13061","targetHints":{"allow":["GET"]}}],"collection":[{"href":"https:\/\/www.europesays.com\/es\/wp-json\/wp\/v2\/posts"}],"about":[{"href":"https:\/\/www.europesays.com\/es\/wp-json\/wp\/v2\/types\/post"}],"author":[{"embeddable":true,"href":"https:\/\/www.europesays.com\/es\/wp-json\/wp\/v2\/users\/2"}],"replies":[{"embeddable":true,"href":"https:\/\/www.europesays.com\/es\/wp-json\/wp\/v2\/comments?post=13061"}],"version-history":[{"count":0,"href":"https:\/\/www.europesays.com\/es\/wp-json\/wp\/v2\/posts\/13061\/revisions"}],"wp:featuredmedia":[{"embeddable":true,"href":"https:\/\/www.europesays.com\/es\/wp-json\/wp\/v2\/media\/13062"}],"wp:attachment":[{"href":"https:\/\/www.europesays.com\/es\/wp-json\/wp\/v2\/media?parent=13061"}],"wp:term":[{"taxonomy":"category","embeddable":true,"href":"https:\/\/www.europesays.com\/es\/wp-json\/wp\/v2\/categories?post=13061"},{"taxonomy":"post_tag","embeddable":true,"href":"https:\/\/www.europesays.com\/es\/wp-json\/wp\/v2\/tags?post=13061"}],"curies":[{"name":"wp","href":"https:\/\/api.w.org\/{rel}","templated":true}]}}