{"id":130612,"date":"2025-09-21T23:56:23","date_gmt":"2025-09-21T23:56:23","guid":{"rendered":"https:\/\/www.europesays.com\/es\/130612\/"},"modified":"2025-09-21T23:56:23","modified_gmt":"2025-09-21T23:56:23","slug":"las-obras-en-la-estacion-de-castelldefels-cortaran-a-partir-de-manana-lunes-el-corredor-sur","status":"publish","type":"post","link":"https:\/\/www.europesays.com\/es\/130612\/","title":{"rendered":"Las obras en la estaci\u00f3n de Castelldefels cortar\u00e1n a partir de ma\u00f1ana lunes el corredor sur"},"content":{"rendered":"<p data-gtm-element-container=\"modulo-texto-link\" class=\"paragraph\">Ma\u00f1ana lunes comienza otra semana negra para los usuarios de Rodalies y Regionales sur. Las obras en la estaci\u00f3n de Castelldefels para crear una nueva configuraci\u00f3n de v\u00edas que permita separar Rodalies de la media y larga distancia (para que operen sin tropezones mutuos) interrumpir\u00e1n totalmente la circulaci\u00f3n entre Gav\u00e0 y Sitges durante siete d\u00edas.<\/p>\n<p data-gtm-element-container=\"modulo-texto-link\" class=\"paragraph\">Se ver\u00e1n afectadas pues las l\u00edneas R2Sud y R2, que tendr\u00e1n bus alternativo para saltar el corte. Estos trabajos tambi\u00e9n afectar\u00e1n a los usuarios de los Regionals del sur (R14, R15, R16 y R17), que usan este eje para conectar con Barcelona.<\/p>\n<p>Los usuarios del corredor sur tendr\u00e1n antes de finalizar el a\u00f1o otro corte por obras<\/p>\n<p data-gtm-element-container=\"modulo-texto-link\" class=\"paragraph\">Para todos estos, su recorrido ferroviario en direcci\u00f3n a Barcelona terminar\u00e1 en Cunit, donde deber\u00e1n seguir su viaje en autob\u00fas \u2013habr\u00e1 salidas cada media hora\u2013 hasta la zona universitaria de la capital Catalana. Desde la Diagonal, los viajeros podr\u00e1n seguir con la L3 del metro sus recorridos hasta al centro de la ciudad. En sentido sur, los autobuses har\u00e1n el recorrido hasta Cunit.<\/p>\n<p>    Lee tambi\u00e9n<\/p>\n<p data-gtm-element-container=\"modulo-texto-link\" class=\"paragraph\">Renfe ha organizado a partir de ma\u00f1ana un dispositivo con 55 autobuses y 41.000 plazas diarias para dar servicio a los usuarios durante esta semana. Los usuarios de Castelldefels y Gav\u00e0 tendr\u00e1n buses con paradas en las estaciones de Gav\u00e0, Castelldefels, Platja de Castelledefels y Garraf.<\/p>\n<p data-gtm-element-container=\"modulo-texto-link\" class=\"paragraph\">Los usuarios del corredor sur tendr\u00e1n antes de finalizar el a\u00f1o otro corte por obras. En este caso por el mantenimiento de los t\u00faneles del Garraf, unos trabajos que obligar\u00e1n a circular en v\u00eda \u00fanica entre Garraf y Sitges. La fecha de inicio est\u00e1 por confirmar, pero ser\u00e1 entre finales del 2025 y principios del 2026 y la afectaci\u00f3n se prolongar\u00e1, seg\u00fan las previsiones de Adif, durante al menos tres meses.<\/p>\n","protected":false},"excerpt":{"rendered":"Ma\u00f1ana lunes comienza otra semana negra para los usuarios de Rodalies y Regionales sur. Las obras en la&hellip;\n","protected":false},"author":2,"featured_media":130613,"comment_status":"","ping_status":"","sticky":false,"template":"","format":"standard","meta":{"footnotes":""},"categories":[8],"tags":[17,18,25,24,13,14,11,19,20,9,10,15,16,23,12,21,22],"class_list":{"0":"post-130612","1":"post","2":"type-post","3":"status-publish","4":"format-standard","5":"has-post-thumbnail","7":"category-espana","8":"tag-breaking-news","9":"tag-breakingnews","10":"tag-es","11":"tag-espana","12":"tag-featured-news","13":"tag-featurednews","14":"tag-headlines","15":"tag-latest-news","16":"tag-latestnews","17":"tag-news","18":"tag-noticias","19":"tag-noticias-destacadas","20":"tag-noticiasdestacadas","21":"tag-spain","22":"tag-titulares","23":"tag-ultimas-noticias","24":"tag-ultimasnoticias"},"share_on_mastodon":{"url":"","error":""},"_links":{"self":[{"href":"https:\/\/www.europesays.com\/es\/wp-json\/wp\/v2\/posts\/130612","targetHints":{"allow":["GET"]}}],"collection":[{"href":"https:\/\/www.europesays.com\/es\/wp-json\/wp\/v2\/posts"}],"about":[{"href":"https:\/\/www.europesays.com\/es\/wp-json\/wp\/v2\/types\/post"}],"author":[{"embeddable":true,"href":"https:\/\/www.europesays.com\/es\/wp-json\/wp\/v2\/users\/2"}],"replies":[{"embeddable":true,"href":"https:\/\/www.europesays.com\/es\/wp-json\/wp\/v2\/comments?post=130612"}],"version-history":[{"count":0,"href":"https:\/\/www.europesays.com\/es\/wp-json\/wp\/v2\/posts\/130612\/revisions"}],"wp:featuredmedia":[{"embeddable":true,"href":"https:\/\/www.europesays.com\/es\/wp-json\/wp\/v2\/media\/130613"}],"wp:attachment":[{"href":"https:\/\/www.europesays.com\/es\/wp-json\/wp\/v2\/media?parent=130612"}],"wp:term":[{"taxonomy":"category","embeddable":true,"href":"https:\/\/www.europesays.com\/es\/wp-json\/wp\/v2\/categories?post=130612"},{"taxonomy":"post_tag","embeddable":true,"href":"https:\/\/www.europesays.com\/es\/wp-json\/wp\/v2\/tags?post=130612"}],"curies":[{"name":"wp","href":"https:\/\/api.w.org\/{rel}","templated":true}]}}