{"id":130614,"date":"2025-09-21T23:57:08","date_gmt":"2025-09-21T23:57:08","guid":{"rendered":"https:\/\/www.europesays.com\/es\/130614\/"},"modified":"2025-09-21T23:57:08","modified_gmt":"2025-09-21T23:57:08","slug":"el-1x1-del-partido-entre-el-lugo-y-el-racing-de-ferrol","status":"publish","type":"post","link":"https:\/\/www.europesays.com\/es\/130614\/","title":{"rendered":"El \u00ab1&#215;1\u00bb del partido entre el Lugo y el Racing de Ferrol"},"content":{"rendered":"<p>\t\t\t\t\t\tEl defensa central \u00c1lex Zalaya marc\u00f3 el tanto del Racing y fue un baluarte en defensa<br \/>\n\t\t\t\t\t\t\t\t\t\t\t\t<strong>21 sep 2025<\/strong> . Actualizado a las 20:40 h.\t\t\t\t\t\t<\/p>\n<p class=\"first-paragraph txt\"><strong>EL MEJOR<\/strong><\/p>\n<p>\u00c1lex Zalaya | 7<\/p>\n<p class=\"txt\">Segundo gol del defensa central del Racing. De nuevo en un preciso remate de cabeza, tras un saque de esquina.<\/p>\n<p class=\"txt\"><strong>UNO A UNO<\/strong><\/p>\n<p>Miquel Parera | 7<\/p>\n<p class=\"txt\">Sigue rindiendo a un gran nivel. Meti\u00f3 un par de manos de un gran nivel. No pudo hacer nada en los goles.<\/p>\n<p>\t\t\t\t\t\t \t\t\t\t\t\t\t\t\t\t\t\t\t\t\t\t\t\t\t\t\t\t\tMigue Leal | 3<\/p>\n<p class=\"txt\">Cometi\u00f3 un error grave en una entrada dura en el medio campo por lo que fue expulsado.<\/p>\n<p>\t\t\t\t           \t\t\t\t\t\t\t\t\t\t\t\t\t\t\t\t\t\t\t\t\tPujol | 6<\/p>\n<p class=\"txt\">Estuvo r\u00e1pido, aunque le falt\u00f3 ayudar m\u00e1s a Migue Leal. El Lugo encontr\u00f3 una v\u00eda de agua en la banda derecha del Racing. Acab\u00f3 jugando en ataque.<\/p>\n<p>\t\t\t\t\t\t \t\t\t\t\t\t\t\t\t\t\t\t\t\t\t\t\t\t\t\t\t\t\t\u00a0Sa\u00fal Garc\u00eda | 6<\/p>\n<p class=\"txt\">El lateral c\u00e1ntabro tiene oficio y cerr\u00f3 bien su bada.<\/p>\n<p>Gorostidi | 6<\/p>\n<p class=\"txt\">El donostiarra trabaj\u00f3 duro en el centro del campo y ayud\u00f3 en la zona de creaci\u00f3n.<\/p>\n<p>\t\t\t\t           \t\t\t\t\t\t\t\t\t\t\t\t\t\t\t\t\t\t\t\t\t\u00c1lvaro Pe\u00f1a | 5<\/p>\n<p class=\"txt\">Sac\u00f3 el c\u00f3rner del gol de Zalaya. Tiene una gran capacidad de trabajo.<\/p>\n<p>Jairo Noriega | 5<\/p>\n<p class=\"txt\">Se mueve como nadie en la zona de creaci\u00f3n. Le falta ensayar m\u00e1s el disparo desde fuera del \u00e1rea.<\/p>\n<p>\t\t\t\t\t\t \t\t\t\t\t\t\t\t\t\t\t\t\t\t\t\t\t\t\t\t\t\t\t\u00c1lvaro Juan | 5<\/p>\n<p class=\"txt\">Le falt\u00f3 el desborde en su banda de otros encuentros.<\/p>\n<p>Pascu | 5<\/p>\n<p class=\"txt\">Intermitente en su juego. Apoya en el centro del campo, aunque le falta desbordar en la banda.<\/p>\n<p>\t\t\t\t           \t\t\t\t\t\t\t\t\t\t\t\t\t\t\t\t\t\t\t\t\tAnt\u00f3n Escobar | 5<\/p>\n<p class=\"txt\">Trabaja duro en la presi\u00f3n, aunque remat\u00f3 poco a porter\u00eda. Fue el jugador sacrificado tras la expulsi\u00f3n de Migue Leal.<\/p>\n<p>\t\t\t\t\t\t \t\t\t\t\t\t\t\t\t\t\t\t\t\t\t\t\t\t\t\t\t\t\tMardones | 6<\/p>\n<p class=\"txt\">Entr\u00f3 para jugar en el lateral derecho tras la expulsi\u00f3n de Migue Leal. Ayud\u00f3 en defensa y en ataque.<\/p>\n<p>\t\t\t\t           \t\t\t\t\t\t\t\t\t\t\t\t\t\t\t\t\t\t\t\t\tSergio Tejera | 6<\/p>\n<p class=\"txt\">Entr\u00f3 en la segunda parte en lugar de \u00c1lvaro Pe\u00f1a. Aport\u00f3 trabajo al medio campo.<\/p>\n<p>Artetxe | 5<\/p>\n<p class=\"txt\">Entr\u00f3 en lugar de \u00c1lvaro Juan para ayudar en defensa.<\/p>\n<p>\t\t\t\t\t\t \t\t\t\t\t\t\t\t\t\t\t\t\t\t\t\t\t\t\t\t\t\t\tGelardo | 6<\/p>\n<p class=\"txt\">Entr\u00f3 por Pascu para meter piernas en el trabajo defensivo. Tambi\u00e9n se mostr\u00f3 en ataque.<\/p>\n<p>&#13;<br \/>\n\tArchivado en:&#13;<br \/>\n\t\t\t\t\t<a href=\"https:\/\/www.lavozdegalicia.es\/temas\/racing-de-ferrol\/\" target=\"_blank\" class=\"mg-l\" rel=\"nofollow noopener\">Racing de Ferrol<\/a>&#13;<br \/>\n\t\t\t\t\t<a href=\"https:\/\/www.lavozdegalicia.es\/temas\/ferrol-ciudad\/\" target=\"_blank\" class=\"mg-l\" rel=\"nofollow noopener\">Ferrol ciudad<\/a>&#13;<br \/>\n\t&#13;<\/p>\n","protected":false},"excerpt":{"rendered":"El defensa central \u00c1lex Zalaya marc\u00f3 el tanto del Racing y fue un baluarte en defensa 21 sep&hellip;\n","protected":false},"author":2,"featured_media":130615,"comment_status":"","ping_status":"","sticky":false,"template":"","format":"standard","meta":{"footnotes":""},"categories":[5],"tags":[17,18,25,24,13,14,7859,11,19,20,9,10,15,16,12815,23,12,21,22],"class_list":{"0":"post-130614","1":"post","2":"type-post","3":"status-publish","4":"format-standard","5":"has-post-thumbnail","7":"category-titulares","8":"tag-breaking-news","9":"tag-breakingnews","10":"tag-es","11":"tag-espana","12":"tag-featured-news","13":"tag-featurednews","14":"tag-ferrol-ciudad","15":"tag-headlines","16":"tag-latest-news","17":"tag-latestnews","18":"tag-news","19":"tag-noticias","20":"tag-noticias-destacadas","21":"tag-noticiasdestacadas","22":"tag-racing-de-ferrol","23":"tag-spain","24":"tag-titulares","25":"tag-ultimas-noticias","26":"tag-ultimasnoticias"},"share_on_mastodon":{"url":"","error":""},"_links":{"self":[{"href":"https:\/\/www.europesays.com\/es\/wp-json\/wp\/v2\/posts\/130614","targetHints":{"allow":["GET"]}}],"collection":[{"href":"https:\/\/www.europesays.com\/es\/wp-json\/wp\/v2\/posts"}],"about":[{"href":"https:\/\/www.europesays.com\/es\/wp-json\/wp\/v2\/types\/post"}],"author":[{"embeddable":true,"href":"https:\/\/www.europesays.com\/es\/wp-json\/wp\/v2\/users\/2"}],"replies":[{"embeddable":true,"href":"https:\/\/www.europesays.com\/es\/wp-json\/wp\/v2\/comments?post=130614"}],"version-history":[{"count":0,"href":"https:\/\/www.europesays.com\/es\/wp-json\/wp\/v2\/posts\/130614\/revisions"}],"wp:featuredmedia":[{"embeddable":true,"href":"https:\/\/www.europesays.com\/es\/wp-json\/wp\/v2\/media\/130615"}],"wp:attachment":[{"href":"https:\/\/www.europesays.com\/es\/wp-json\/wp\/v2\/media?parent=130614"}],"wp:term":[{"taxonomy":"category","embeddable":true,"href":"https:\/\/www.europesays.com\/es\/wp-json\/wp\/v2\/categories?post=130614"},{"taxonomy":"post_tag","embeddable":true,"href":"https:\/\/www.europesays.com\/es\/wp-json\/wp\/v2\/tags?post=130614"}],"curies":[{"name":"wp","href":"https:\/\/api.w.org\/{rel}","templated":true}]}}