{"id":130626,"date":"2025-09-22T00:06:14","date_gmt":"2025-09-22T00:06:14","guid":{"rendered":"https:\/\/www.europesays.com\/es\/130626\/"},"modified":"2025-09-22T00:06:14","modified_gmt":"2025-09-22T00:06:14","slug":"cronica-el-cadiz-resalta-las-carencias-del-malaga-y-asalta-la-rosaleda-0-1","status":"publish","type":"post","link":"https:\/\/www.europesays.com\/es\/130626\/","title":{"rendered":"CR\u00d3NICA | El C\u00e1diz resalta las carencias del M\u00e1laga y asalta La Rosaleda (0-1)"},"content":{"rendered":"<p><a href=\"https:\/\/www.merchanendirecto.es\/wp-content\/uploads\/2025\/09\/Chupete-Cadiz-Malaga-jornada-6-scaled.webp\" data-caption=\"Foto: Jos\u00e9 Manuel Campos\" rel=\"nofollow noopener\" target=\"_blank\"><img loading=\"lazy\" decoding=\"async\" width=\"696\" height=\"392\" class=\"entry-thumb td-modal-image\" src=\"https:\/\/www.europesays.com\/es\/wp-content\/uploads\/2025\/09\/Chupete-Cadiz-Malaga-jornada-6-696x392.webp.webp\"   alt=\"\" title=\"Chupete C\u00e1diz M\u00e1laga jornada 6\"\/><\/a>Foto: Jos\u00e9 Manuel Campos<\/p>\n<p>Vuelta a casa, vuelta a La Rosaleda. El <a href=\"http:\/\/malagacf.com\" rel=\"nofollow noopener\" target=\"_blank\">M\u00e1laga CF<\/a> regresaba a su feudo tras sumar la primera derrota de la temporada en los \u00faltimos segundos de partido en El Alcoraz. No fue el \u00fanico rev\u00e9s para los boquerones durante la semana, sino que las <strong>lesiones <\/strong>no dieron un respiro. De nuevo, el equipo malaguista afront\u00f3 un encuentro con hasta <strong>siete bajas<\/strong> en el plantel. <a href=\"https:\/\/www.merchanendirecto.es\/malaga-cf\/pellicer-revoluciona-el-once-para-el-derbi-andaluz\/\" target=\"_blank\" rel=\"noreferrer noopener nofollow\">Pellicer movi\u00f3 el once<\/a> y efectivamente hubo sorpresas. <strong>Einar<\/strong> conform\u00f3 pareja de centrales junto a<strong> Montero, Darko<\/strong> se estren\u00f3 como titular junto a<strong> Juanpe y Dani Lorenzo<\/strong> tirado un poco m\u00e1s al costado izquierdo, apoyando a la doble punta conformada por <strong>Ni\u00f1o y Chupete.<\/strong> Finalmente, despu\u00e9s de una pobre primera parte y una segunda de dominio sin \u00e9xito, segunda derrota consecutiva para un equipo de pocas ideas en ataque que se atasc\u00f3. Golpe de realidad para el M\u00e1laga ante un C\u00e1diz que resalt\u00f3 sus carencias y asalt\u00f3 La Rosaleda. <\/p>\n<p>El M\u00e1laga CF comenz\u00f3 el partido con energ\u00eda, queriendo la pelota y avisando en dos ocasiones. La primera, la cl\u00e1sica de <strong>Larrubia<\/strong> por derecha, cuyo disparo le sali\u00f3 muy flojo al centro de la porter\u00eda. Mucho m\u00e1s clara fue la de <strong>Dani Lorenzo<\/strong> en boca de gol, al que el remate despu\u00e9s de bote se le march\u00f3 alto. No penaliz\u00f3 el M\u00e1laga, pero s\u00ed lo hizo el C\u00e1diz en sus primeras aproximaciones. Pasado el cuarto de hora de partido, en los minutos de m\u00e1s dudas de los blanquiazules, primero<strong> Alfonso Herrero<\/strong> jug\u00f3 con los nervios de <strong>La Rosaleda <\/strong>en una acci\u00f3n en la que casi pierde la pelota ante<strong> Garc\u00eda Pascual <\/strong>en \u00e1rea propia. En la jugada posterior, <strong>Montero<\/strong> err\u00f3 en salida de bal\u00f3n para que tras la anticipaci\u00f3n la pelota le llegase al propio delantero de Benalm\u00e1dena que milita en el C\u00e1diz. Su disparo fue rechazado por el meta toledano, pero el rechace fue para un<strong> Sergio Ortu\u00f1o que abri\u00f3 la lata a placer. <\/strong><\/p>\n<p>No cesaron aun as\u00ed las malas noticias en el cuadro boquer\u00f3n. Llegaba entre algodones y el tobillo de <strong>Adri\u00e1n Ni\u00f1o dijo basta en el minuto 31<\/strong> de partido. Le sustituy\u00f3 <strong>Lobete<\/strong>. Los pupilos del t\u00e9cnico de Nules dieron un peque\u00f1o paso adelante en el segundo tramo de la primera mitad, monopolizando la posesi\u00f3n. A falta de cinco minutos para el descanso, una buena salida de pelota y gesti\u00f3n de Juanpe liber\u00f3 a Brasanac en la frontal, que vio solo en la banda izquierda a Dani Lorenzo. Se le hizo finalmente un poco de noche al marbell\u00ed que se vio encimado por los centrales que terminaron bloque\u00e1ndole el golpeo de zurda. A pesar de ello, quien termin\u00f3 avisando a la puerta rival fue el C\u00e1diz con un tiro exterior de <strong>Tabatadze<\/strong> en el que el despeje de Alfonso Herrero volvi\u00f3 a ser defectuoso. <\/p>\n<p>La mala primera parte oblig\u00f3 a Sergio Pellicer a, de nuevo, a mover el \u00e1rbol al descanso. <strong>Dotor y Dani S\u00e1nchez<\/strong> sustituyeron a Darko Brasanac y V\u00edctor Garc\u00eda. Dio un paso hacia delante el conjunto boquer\u00f3n, haciendo suyo el dominio del partido. Pero, teniendo muchos problemas a la hora de resolver o generar jugadas de peligro. Todo lo opuesto a un C\u00e1diz que siempre que llegaba amenazaba con mucha claridad. En el minuto 58, Garc\u00eda Pascual recibi\u00f3 bastante libre de nuevo en la frontal y en otro intento lejano<strong> estrell\u00f3 la pelota en el palo<\/strong>. Se luci\u00f3 tambi\u00e9n <strong>Aznar<\/strong> en una tremenda doble parada abajo a Dani Lorenzo y Chupete, aunque la jugada estaba invalidada por fuera de juego. <\/p>\n<p>A 20 minutos del final, Pellicer intervino de nuevo con un cambio, sacando a <strong>Juanpe<\/strong> para dar entrada a <strong>Rafa Rodr\u00edguez<\/strong>. Hubo lugar posteriormente para la <strong>pol\u00e9mica<\/strong>. Se quej\u00f3 La Rosaleda al un\u00edsono de un<strong> posible penalti de Diakit\u00e9 sobre Lobete<\/strong> que <strong>Jon Ander no pit\u00f3 ni revis\u00f3. <\/strong>Minutos m\u00e1s tarde lleg\u00f3 el \u00faltimo cambio del M\u00e1laga con la entrada de Eneko Jauregi por Javi Montero. Se volc\u00f3 el elenco malaguista en ataque. El propio Eneko reclam\u00f3 penalti tras una volea que toc\u00f3 en la mano de un defensor a asistencia de un Lobete que se encontraba en posici\u00f3n adelantada. Los \u00faltimos minutos fueron de completo mon\u00f3logo para un M\u00e1laga que se estrellaba constantemente contra el muro amarillo, volviendo a pedir una mano en el interior del \u00e1rea despu\u00e9s de un centro de Rafa. As\u00ed se confirm\u00f3 una segunda derrota consecutiva de un M\u00e1laga atascado de nuevo en ataque ante el C\u00e1diz. <\/p>\n","protected":false},"excerpt":{"rendered":"Foto: Jos\u00e9 Manuel Campos Vuelta a casa, vuelta a La Rosaleda. El M\u00e1laga CF regresaba a su feudo&hellip;\n","protected":false},"author":2,"featured_media":130627,"comment_status":"","ping_status":"","sticky":false,"template":"","format":"standard","meta":{"footnotes":""},"categories":[268],"tags":[22336,5293,168,25,24,280,282,41886,4174,1963,281,23,167],"class_list":{"0":"post-130626","1":"post","2":"type-post","3":"status-publish","4":"format-standard","5":"has-post-thumbnail","7":"category-futbol","8":"tag-cadiz-cf","9":"tag-cronica","10":"tag-deportes","11":"tag-es","12":"tag-espana","13":"tag-football","14":"tag-futbol","15":"tag-jornada-seis","16":"tag-laliga-hypermotion","17":"tag-malaga-cf","18":"tag-soccer","19":"tag-spain","20":"tag-sports"},"share_on_mastodon":{"url":"","error":""},"_links":{"self":[{"href":"https:\/\/www.europesays.com\/es\/wp-json\/wp\/v2\/posts\/130626","targetHints":{"allow":["GET"]}}],"collection":[{"href":"https:\/\/www.europesays.com\/es\/wp-json\/wp\/v2\/posts"}],"about":[{"href":"https:\/\/www.europesays.com\/es\/wp-json\/wp\/v2\/types\/post"}],"author":[{"embeddable":true,"href":"https:\/\/www.europesays.com\/es\/wp-json\/wp\/v2\/users\/2"}],"replies":[{"embeddable":true,"href":"https:\/\/www.europesays.com\/es\/wp-json\/wp\/v2\/comments?post=130626"}],"version-history":[{"count":0,"href":"https:\/\/www.europesays.com\/es\/wp-json\/wp\/v2\/posts\/130626\/revisions"}],"wp:featuredmedia":[{"embeddable":true,"href":"https:\/\/www.europesays.com\/es\/wp-json\/wp\/v2\/media\/130627"}],"wp:attachment":[{"href":"https:\/\/www.europesays.com\/es\/wp-json\/wp\/v2\/media?parent=130626"}],"wp:term":[{"taxonomy":"category","embeddable":true,"href":"https:\/\/www.europesays.com\/es\/wp-json\/wp\/v2\/categories?post=130626"},{"taxonomy":"post_tag","embeddable":true,"href":"https:\/\/www.europesays.com\/es\/wp-json\/wp\/v2\/tags?post=130626"}],"curies":[{"name":"wp","href":"https:\/\/api.w.org\/{rel}","templated":true}]}}