{"id":130630,"date":"2025-09-22T00:09:11","date_gmt":"2025-09-22T00:09:11","guid":{"rendered":"https:\/\/www.europesays.com\/es\/130630\/"},"modified":"2025-09-22T00:09:11","modified_gmt":"2025-09-22T00:09:11","slug":"janer-manila-vicens-vidal-ferrando-llompart","status":"publish","type":"post","link":"https:\/\/www.europesays.com\/es\/130630\/","title":{"rendered":"Janer Manila, Vicens, Vidal Ferrando, Llompart"},"content":{"rendered":"<p>La reanudaci\u00f3n literaria (la rentr\u00e9e, si le gusta m\u00e1s el galicismo) ha hecho coincidir en las librer\u00edas los nuevos libros de Gabriel Janer Manila, Antonia Vicens y Antoni Vidal Ferrando. Los tres tienen en com\u00fan que son miembros de la misma generaci\u00f3n y que son mallorquines, pero sobre todo, tres grandes autores de la literatura catalana actual.<\/p>\n<p>Estos nuevos libros lo corroboran. Coge tu cruz (Labreu), de Antonia Vicens, es \u2013como sugiere la resonancia evang\u00e9lica del t\u00edtulo\u2013 una impresionante meditaci\u00f3n sobre la muerte, la propia y la de los dem\u00e1s, que de hecho Vicens ya desarrolla desde su primer libro de poemas, Lovely, una eleg\u00eda en la muerte de su padre. En Entre dos oscuras (t\u00edtulo que describe c\u00f3mo vivimos todos: entre la oscuridad de antes de nacer y la de despu\u00e9s de morir), publicado por Proa, Antoni Vidal Ferrando descarga un imponente golpe sobre la mesa ante nuestro mundo en descomposici\u00f3n, un tiempo de criminales y de c\u00ednicos en los que cualquier esperanza parece haber sido efectivamente abandonada. Por su parte, Gabriel Janer Manila narra, en la novela Galer\u00eda de soledades (Nueva Editorial Moll), otra decadencia: la de un viejo butifarra de Palma que vive solo en un caser\u00f3n habitado por los fantasmas de las mujeres de la familia, una vez su esposa le ha abandonado porque se ha hecho amante del obispo de la di\u00f3cesis. Lo que de verdad retrata el novelista es la sociedad mallorquina actual, un paisaje moral devastado: oligarcas rusos, traficantes de drogas, hoteleros desaprensivos, pol\u00edticos corruptos e ignorantes, y un largo etc\u00e9tera de formas de la infamia, con el mismo tono p\u00edcaro y clarividente de la criada Dovima. Janer Manila ha dejado caer que \u00e9sta podr\u00eda ser su \u00faltima obra de ficci\u00f3n, y bien mirado, enfocarse del muerto y de quien vela es una excelente manera de bajar el tel\u00f3n.<\/p>\n<p>Por si todo esto fuera poco, acaba de publicarse tambi\u00e9n Mientras me reste una hebra de aliento, la biograf\u00eda que la estudiosa y doctora en filolog\u00eda Pilar Arnau i Segarra ha escrito sobre Josep M. Llompart, uno de los poetas m\u00e1s importantes de la generaci\u00f3n de los cincuenta y tambi\u00e9n un activista de piedra picada por la lengua, la cultura y la naci\u00f3n catalanas en tiempos del franquismo y despu\u00e9s, de quien este a\u00f1o se conmemora el centenario del nace. Pilar Arnau ha llevado a cabo una labor minuciosa y apasionada, que da como resultado un libro que en adelante constituye un hito, una referencia indispensable para el conocimiento de Llompart, su obra y su tiempo.<\/p>\n<p>Cada uno de estos libros merece lecturas y comentarios extensos y en profundidad, y evidentemente el prop\u00f3sito de este art\u00edculo no va m\u00e1s all\u00e1 de dar noticia e invitarle vivamente a su lectura. El art\u00edculo va tambi\u00e9n contra el vicio, feo y cada d\u00eda m\u00e1s extendido, de mirar la literatura catalana por comunidades aut\u00f3nomas. Es lo que acabas de hacer aqu\u00ed, me puede decir alguien. No, voy a insistir. Lo que he intentado hacer es dedicar un art\u00edculo a cuatro libros, y sobre todo a cuatro autores, de primer\u00edsima l\u00ednea en la literatura catalana de nuestros d\u00edas.<\/p>\n","protected":false},"excerpt":{"rendered":"La reanudaci\u00f3n literaria (la rentr\u00e9e, si le gusta m\u00e1s el galicismo) ha hecho coincidir en las librer\u00edas los&hellip;\n","protected":false},"author":2,"featured_media":130631,"comment_status":"","ping_status":"","sticky":false,"template":"","format":"standard","meta":{"footnotes":""},"categories":[172],"tags":[224,146,147,25,24,41891,41888,225,41892,41889,23,41890,8670],"class_list":{"0":"post-130630","1":"post","2":"type-post","3":"status-publish","4":"format-standard","5":"has-post-thumbnail","7":"category-libros","8":"tag-books","9":"tag-entertainment","10":"tag-entretenimiento","11":"tag-es","12":"tag-espana","13":"tag-ferrando","14":"tag-janer","15":"tag-libros","16":"tag-llompart","17":"tag-manila","18":"tag-spain","19":"tag-vicens","20":"tag-vidal"},"share_on_mastodon":{"url":"","error":""},"_links":{"self":[{"href":"https:\/\/www.europesays.com\/es\/wp-json\/wp\/v2\/posts\/130630","targetHints":{"allow":["GET"]}}],"collection":[{"href":"https:\/\/www.europesays.com\/es\/wp-json\/wp\/v2\/posts"}],"about":[{"href":"https:\/\/www.europesays.com\/es\/wp-json\/wp\/v2\/types\/post"}],"author":[{"embeddable":true,"href":"https:\/\/www.europesays.com\/es\/wp-json\/wp\/v2\/users\/2"}],"replies":[{"embeddable":true,"href":"https:\/\/www.europesays.com\/es\/wp-json\/wp\/v2\/comments?post=130630"}],"version-history":[{"count":0,"href":"https:\/\/www.europesays.com\/es\/wp-json\/wp\/v2\/posts\/130630\/revisions"}],"wp:featuredmedia":[{"embeddable":true,"href":"https:\/\/www.europesays.com\/es\/wp-json\/wp\/v2\/media\/130631"}],"wp:attachment":[{"href":"https:\/\/www.europesays.com\/es\/wp-json\/wp\/v2\/media?parent=130630"}],"wp:term":[{"taxonomy":"category","embeddable":true,"href":"https:\/\/www.europesays.com\/es\/wp-json\/wp\/v2\/categories?post=130630"},{"taxonomy":"post_tag","embeddable":true,"href":"https:\/\/www.europesays.com\/es\/wp-json\/wp\/v2\/tags?post=130630"}],"curies":[{"name":"wp","href":"https:\/\/api.w.org\/{rel}","templated":true}]}}