{"id":130648,"date":"2025-09-22T00:20:10","date_gmt":"2025-09-22T00:20:10","guid":{"rendered":"https:\/\/www.europesays.com\/es\/130648\/"},"modified":"2025-09-22T00:20:10","modified_gmt":"2025-09-22T00:20:10","slug":"el-sevilla-fc-confirma-la-baja-de-alfon-para-los-proximos-partidos","status":"publish","type":"post","link":"https:\/\/www.europesays.com\/es\/130648\/","title":{"rendered":"El Sevilla FC confirma la baja de Alfon para los pr\u00f3ximos partidos"},"content":{"rendered":"<p>El albacete\u00f1o tiene un \u00abesguince medial del tobillo  derecho\u00bb que lo apartar\u00e1 de la competici\u00f3n durante un par de semanas<\/p>\n<p><img fetchpriority=\"high\" class=\"voc-img\" src=\"https:\/\/www.europesays.com\/es\/wp-content\/uploads\/2025\/09\/alfon-Ru6bhNaSGIBmKMpZo8YFVFL-1200x840@diario_abc.jpg\" loading=\"eager\" decoding=\"async\" alt=\"El Sevilla FC confirma la baja de Alfon para los pr\u00f3ximos partidos\" width=\"1200\" height=\"840\"\/><\/p>\n<p><img decoding=\"async\" class=\"voc-author__img\" src=\"https:\/\/www.europesays.com\/es\/wp-content\/uploads\/2025\/08\/autor-4184-foto-8.jpeg\" alt=\"Candela V\u00e1zquez\"\/><\/p>\n<p>21\/09\/2025<br \/>\n<br \/><strong><br \/>\nActualizado a las 23:08h.<br \/>\n<\/strong><\/p>\n<p class=\"voc-p\" style=\"\">La peor noticia que dej\u00f3 la victoria en Mendizorroza fue la<strong> lesi\u00f3n de Alfon Gonz\u00e1lez.<\/strong> El albacete\u00f1o tuvo que marcharse a los doce minutos de arrancar el partido por unas molestias en el tobillo. El sevillista se hizo da\u00f1o tras el mano a mano que tuvo con Sivera en los primeros minutos del encuentros y Alexis S\u00e1nchez tuvo que sustituirlo. <\/p>\n<p class=\"voc-p\" style=\"\">Tras someterse a<strong> pruebas m\u00e9dicas<\/strong>, Alfon cuenta con una lesi\u00f3n en el tobillo, que lo mantendr\u00e1 de baja unas dos semanas. Seg\u00fan han informado los servicios m\u00e9dicos del club, \u00abAlfon, futbolista del Sevilla FC, <strong>sufre un esguince medial del tobillo derecho<\/strong>, el cual se produjo en los primeros minutos del encuentro de ayer s\u00e1bado ante el Deportivo Alav\u00e9s, motivo por el que fue sustituido por Alexis S\u00e1nchez. El jugador blanquirrojo queda pendiente de evoluci\u00f3n para unirse de nuevo al grupo\u00ab, reza el parte.<\/p>\n<p class=\"voc-p\" style=\"\">No es una lesi\u00f3n de gravedad, pero s\u00ed estar\u00e1 fuera de la convocatoria del Villarreal del pr\u00f3ximo martes, como tampoco podr\u00e1 disputar el duelo ante el Rayo Vallecano el domingo 28 en Vallecas. En funci\u00f3n de c\u00f3mo vaya su recuperaci\u00f3n, <strong>Alfon podr\u00eda aparecer ante el Barcelona<\/strong>, partido correspondiente a la jornada 8.<\/p>\n<p class=\"voc-p\" style=\"\">El<strong> Sevilla FC<\/strong> ten\u00eda la enfermer\u00eda vac\u00eda antes de visitar al Alav\u00e9s, sin contar a Joan Jord\u00e1n. El catal\u00e1n est\u00e1 poni\u00e9ndose a punto al margen de sus compa\u00f1eros tras operarse de una hernia en la espalda. No obstante, Almeyda cuenta con fondo de armario de sobra para afrontar el segundo duelo liguero en tres d\u00edas. <\/p>\n<p>Reportar un error<\/p>\n","protected":false},"excerpt":{"rendered":"El albacete\u00f1o tiene un \u00abesguince medial del tobillo derecho\u00bb que lo apartar\u00e1 de la competici\u00f3n durante un par&hellip;\n","protected":false},"author":2,"featured_media":130649,"comment_status":"","ping_status":"","sticky":false,"template":"","format":"standard","meta":{"footnotes":""},"categories":[5],"tags":[31159,6814,17,18,1779,25,24,13,14,11,19,20,9,10,15,16,6758,26719,1171,23,12,21,22],"class_list":{"0":"post-130648","1":"post","2":"type-post","3":"status-publish","4":"format-standard","5":"has-post-thumbnail","7":"category-titulares","8":"tag-alfon","9":"tag-baja","10":"tag-breaking-news","11":"tag-breakingnews","12":"tag-confirma","13":"tag-es","14":"tag-espana","15":"tag-featured-news","16":"tag-featurednews","17":"tag-headlines","18":"tag-latest-news","19":"tag-latestnews","20":"tag-news","21":"tag-noticias","22":"tag-noticias-destacadas","23":"tag-noticiasdestacadas","24":"tag-partidos","25":"tag-proximos","26":"tag-sevilla","27":"tag-spain","28":"tag-titulares","29":"tag-ultimas-noticias","30":"tag-ultimasnoticias"},"share_on_mastodon":{"url":"","error":""},"_links":{"self":[{"href":"https:\/\/www.europesays.com\/es\/wp-json\/wp\/v2\/posts\/130648","targetHints":{"allow":["GET"]}}],"collection":[{"href":"https:\/\/www.europesays.com\/es\/wp-json\/wp\/v2\/posts"}],"about":[{"href":"https:\/\/www.europesays.com\/es\/wp-json\/wp\/v2\/types\/post"}],"author":[{"embeddable":true,"href":"https:\/\/www.europesays.com\/es\/wp-json\/wp\/v2\/users\/2"}],"replies":[{"embeddable":true,"href":"https:\/\/www.europesays.com\/es\/wp-json\/wp\/v2\/comments?post=130648"}],"version-history":[{"count":0,"href":"https:\/\/www.europesays.com\/es\/wp-json\/wp\/v2\/posts\/130648\/revisions"}],"wp:featuredmedia":[{"embeddable":true,"href":"https:\/\/www.europesays.com\/es\/wp-json\/wp\/v2\/media\/130649"}],"wp:attachment":[{"href":"https:\/\/www.europesays.com\/es\/wp-json\/wp\/v2\/media?parent=130648"}],"wp:term":[{"taxonomy":"category","embeddable":true,"href":"https:\/\/www.europesays.com\/es\/wp-json\/wp\/v2\/categories?post=130648"},{"taxonomy":"post_tag","embeddable":true,"href":"https:\/\/www.europesays.com\/es\/wp-json\/wp\/v2\/tags?post=130648"}],"curies":[{"name":"wp","href":"https:\/\/api.w.org\/{rel}","templated":true}]}}