{"id":130650,"date":"2025-09-22T00:21:06","date_gmt":"2025-09-22T00:21:06","guid":{"rendered":"https:\/\/www.europesays.com\/es\/130650\/"},"modified":"2025-09-22T00:21:06","modified_gmt":"2025-09-22T00:21:06","slug":"el-bathco-gana-el-pulso-al-ciudad-de-logrono","status":"publish","type":"post","link":"https:\/\/www.europesays.com\/es\/130650\/","title":{"rendered":"El Bathco gana el pulso al Ciudad de Logro\u00f1o"},"content":{"rendered":"<p>El Bathco inicia la carrera por Europa con una victoria (29-25) ante el Ciudad de Logro\u00f1o, un rival directo en la pugna por el  &#8230; billete continental que, en esta ocasi\u00f3n, no se llev\u00f3 los dos puntos del Vicente Trueba. Los del Besaya, que tuvieron un arranque marcado por los errores y las imprecisiones, terminaron redirigiendo el partido a buen puerto.<\/p>\n<p class=\"v-p\">Un inicio vibrante entre naranjas y franjivinos (2-2) hizo que los m\u00e1s tardones en sentarse en las gradas no celebrasen los primeros goles de un partido que comenz\u00f3 con un ritmo alt\u00edsimo y llev\u00f3 a los de Torrelavega a varias perdidas de bal\u00f3n que propiciaron la ventaja riojana (3-5). A los seis minutos de la bocina inicial, Jacobo Cu\u00e9tara decidi\u00f3 parar el partido y solicit\u00f3 tiempo muerto con la intenci\u00f3n de repasar las indicaciones con sus jugadores y que se sacudieran las dudas y los nervios que los atenazaban.<\/p>\n<p class=\"v-scr__t\">BATHCO<\/p>\n<p class=\"v-scr__p v-scr__p--3\"> Carlos Calle, Leo Tercariol, \u00c1ngel Fern\u00e1ndez (2), Oswaldo Maestro (1), Marko Jurkovic (3), Fafa Cangiani (1), Jokin Aja (3), Isi Mart\u00ednez (5), Borja Lombilla, Jakup Prokop (3), Juanjo Fern\u00e1ndez, Javi Mu\u00f1oz (3), \u00c1lex Rubi\u00f1o (1), James Scott, Marcio Silva (3) y Andr\u00e9s Moyano (4).<\/p>\n<p class=\"v-scr__n-c v-scr__n-c--1 \">\n 29\n<\/p>\n<p class=\"v-scr__n-c v-scr__n-c--2\">\n&#8211;\n<\/p>\n<p class=\"v-scr__n-c v-scr__n-c--3 \">\n 25\n<\/p>\n<p class=\"v-scr__t\">LOGRO\u00d1O<\/p>\n<p class=\"v-scr__p v-scr__p--3\"> Xoan Ledo, Marcos Cancio, Iv\u00e1n Popovic, David Cadarso (4), Andrej Pergel (4), Miguel Mart\u00ednez (3), \u00c1lvaro Mart\u00ednez (4), Aitor Garc\u00eda, Eugen Zaja (1), Unai Gal\u00e1n, Oriol Zarzuela (4), \u00c1lvaro Preciado (2), Pancho Lombardi (3) y Luis Su\u00e1rez.<\/p>\n<p class=\"v-p\">La mejora del Bathco fue evidente. Mucho m\u00e1s centrados alcanzaron el empate (5-5). Mientras \u00c1lvaro Preciado e Isi Mart\u00ednez -centrales de franjivino y naranja respectivamente-, brindaban una lecci\u00f3n magistral en la direcci\u00f3n de orquesta de sus respectivos equipos. La diferencia en el electr\u00f3nico (6-10) radicaba en el acierto en ataque y bajo los palos del equipo que dirige Miguel \u00c1ngel Velasco. No se hab\u00eda llegado al ecuador de la primera mitad y Cu\u00e9tara tuvo que pedir su segundo tiempo muerto. El Bathco estaba bloqueado y no le sal\u00eda nada sobre la pista mientras el Ciudad de Logro\u00f1o doblaba (6-12) a los de Torrelavega en el marcador. <\/p>\n<p>Reinicio naranja<\/p>\n<p class=\"v-p\">Era el momento de reseteo naranja. Solo quedaba rehacerse y remontar un partido que estaba entrando en deriva. Marko Jurkovic y Marcio Silva, con dos goles cada uno, tiraban del carro del Bathco (9-12) mientras que Carlos Calle consigui\u00f3 enlazar cuatro paradas y reactivaban a los de Torrelavega a diez minutos de poner rumbo al vestuario para un descanso muy necesario para aclarar ideas.<\/p>\n<p class=\"v-p\">Los de Cu\u00e9tara comenzaban a ver la luz al final del t\u00fanel cuando Andr\u00e9s Moyano desbloque\u00f3 el ataque del Bathco (10-12) que acumulaba cuatro minutos sin anotar. Los del Besaya apuraban sus opciones mejor que los de Logro\u00f1o e igualaron (13-13) en la recta final de una media hora inicial que fue perdiendo ritmo con el paso de los minutos.<\/p>\n<p class=\"v-p\">La vuelta a la pista plante\u00f3 un escenario muy diferente a lo visto hasta el momento. El Bathco aprovech\u00f3 los errores y desajustes del Ciudad de Logro\u00f1o para llevar la iniciativa. Es cierto que los naranjas no acababan de abrir hueco con los franjivinos y cada gol de los torrelaveguenses ten\u00eda una rapid\u00edsima replica (16-16) por parte de los riojanos, pero todo acabar\u00eda llegando.<\/p>\n<p>Mejor gesti\u00f3n<\/p>\n<p class=\"v-p\">El empe\u00f1o del equipo del Besaya se vio finalmente recompensado. Los de Cu\u00e9tara acabaron encontrando el camino y consiguieron abrir una brecha suficiente para llevar la calma a las filas torrelaveguenses (20-16). La mejora en toda las lineas que se intu\u00eda al final del primero periodo se afianz\u00f3 en la segunda para confirmar la recuperaci\u00f3n del Bathco. Ya no hab\u00eda tregua (22-21) las diferencias se estiraban y encog\u00edan con el paso de los segundos. El Bathco ten\u00eda que encontrar la forma de desequilibrar el partido a su favor. <\/p>\n<p class=\"v-p\">Logro\u00f1o notaba el peso de los minutos y daba sus primeros signos de cansancio a base de imprecisiones y fallos en el disparo que daban alas a los naranjas. Andr\u00e9s Moyano allan\u00f3 el camino hacia la victoria con un gol desde los nueve metros (26-23) que permit\u00eda coger aire a los naranjas. El Bathco aprovechaban a placer los espacios que dejaban los franjivinos y gestion\u00f3 muy bien esa ventaja de tres goles que termin\u00f3 d\u00e1ndoles los dos puntos (29-25) ante un rival directo en la lucha por Europa.<\/p>\n","protected":false},"excerpt":{"rendered":"El Bathco inicia la carrera por Europa con una victoria (29-25) ante el Ciudad de Logro\u00f1o, un rival&hellip;\n","protected":false},"author":2,"featured_media":130651,"comment_status":"","ping_status":"","sticky":false,"template":"","format":"standard","meta":{"footnotes":""},"categories":[278],"tags":[376,16981,777,168,25,24,4355,375,6173,5218,23,167],"class_list":{"0":"post-130650","1":"post","2":"type-post","3":"status-publish","4":"format-standard","5":"has-post-thumbnail","7":"category-balonmano","8":"tag-balonmano","9":"tag-bathco","10":"tag-ciudad","11":"tag-deportes","12":"tag-es","13":"tag-espana","14":"tag-gana","15":"tag-handball","16":"tag-logrono","17":"tag-pulso","18":"tag-spain","19":"tag-sports"},"share_on_mastodon":{"url":"","error":""},"_links":{"self":[{"href":"https:\/\/www.europesays.com\/es\/wp-json\/wp\/v2\/posts\/130650","targetHints":{"allow":["GET"]}}],"collection":[{"href":"https:\/\/www.europesays.com\/es\/wp-json\/wp\/v2\/posts"}],"about":[{"href":"https:\/\/www.europesays.com\/es\/wp-json\/wp\/v2\/types\/post"}],"author":[{"embeddable":true,"href":"https:\/\/www.europesays.com\/es\/wp-json\/wp\/v2\/users\/2"}],"replies":[{"embeddable":true,"href":"https:\/\/www.europesays.com\/es\/wp-json\/wp\/v2\/comments?post=130650"}],"version-history":[{"count":0,"href":"https:\/\/www.europesays.com\/es\/wp-json\/wp\/v2\/posts\/130650\/revisions"}],"wp:featuredmedia":[{"embeddable":true,"href":"https:\/\/www.europesays.com\/es\/wp-json\/wp\/v2\/media\/130651"}],"wp:attachment":[{"href":"https:\/\/www.europesays.com\/es\/wp-json\/wp\/v2\/media?parent=130650"}],"wp:term":[{"taxonomy":"category","embeddable":true,"href":"https:\/\/www.europesays.com\/es\/wp-json\/wp\/v2\/categories?post=130650"},{"taxonomy":"post_tag","embeddable":true,"href":"https:\/\/www.europesays.com\/es\/wp-json\/wp\/v2\/tags?post=130650"}],"curies":[{"name":"wp","href":"https:\/\/api.w.org\/{rel}","templated":true}]}}