{"id":130654,"date":"2025-09-22T00:25:11","date_gmt":"2025-09-22T00:25:11","guid":{"rendered":"https:\/\/www.europesays.com\/es\/130654\/"},"modified":"2025-09-22T00:25:11","modified_gmt":"2025-09-22T00:25:11","slug":"swiatek-reina-en-seul-y-alcanza-los-25-titulos-en-wta","status":"publish","type":"post","link":"https:\/\/www.europesays.com\/es\/130654\/","title":{"rendered":"Swiatek reina en Se\u00fal y alcanza los 25 t\u00edtulos en WTA"},"content":{"rendered":"<p class=\"\">La tenista polaca <a href=\"https:\/\/as.com\/noticias\/iga-swiatek\/\" target=\"_self\" rel=\"nofollow noopener\" title=\"https:\/\/as.com\/noticias\/iga-swiatek\/\"><b>Iga Swiatek<\/b><\/a><b>, primera cabeza de serie, se proclam\u00f3 vencedora del torneo de Se\u00fal, de categor\u00eda 500 <\/b>y que se ha disputado sobre pista dura, tras imponerse en el partido por el t\u00edtulo a la rusa <b>Ekaterina Alexandrova, segunda favorita, por 1-6, 7-6 y 7-5.<\/b><\/p>\n<p class=\"\">La final entre las dos principales candidatas al t\u00edtulo arranc\u00f3 con<b> la rusa mostr\u00e1ndose muy superior, concediendo poco con su saque<\/b> (71% de primeros servicios y 73% de puntos ganados con primeros servicios) y teniendo opciones de rotura en sus cuatro juegos al resto, de las cuales<b> aprovech\u00f3 tres para firmar un contundente 6-1.<\/b><\/p>\n<p class=\"\">El panorama cambi\u00f3 en una segunda manga marcada por la igualdad, que <b>empez\u00f3 con dos quiebres en los dos primeros juegos y se decidi\u00f3 en favor de la polaca en el tie-break.<\/b> All\u00ed, Swiatek comenz\u00f3 ganando los tres primeros puntos, el inicial al resto, y sin mostrarse vulnerable a hora de poner la pelota en juego lo cerr\u00f3 por 7-3. <b>De esta manera, todo qued\u00f3 a merced del tercer y definitivo set. <\/b><\/p>\n<p class=\"\"><b>Muy contundentes ambas con sus primeros saques, pero poco efectivas con los segundos,<\/b> comenz\u00f3 rompiendo Alexandrova en el tercero y le devolvi\u00f3 la moneda su rival en el sexto. Finalmente, esta, aprovechando el segundo de los puntos de partido que <b>tuvo en el duod\u00e9cimo juego, logr\u00f3 el triunfo.<\/b><\/p>\n<p>Noticias relacionadas<a href=\"https:\/\/as.com\/tenis\/mas_tenis\/a-que-hora-es-la-laver-cup-hoy-tv-como-y-donde-ver-y-donde-ver-la-ultima-jornada-directo-online-n\/\" class=\"s_m_w\" title=\"Europa necesita ganar los cuatro partidos (o tres e imponerse en el desempate) para revalidar el t\u00edtulo ante el Resto del Mundo.\" data-tb-link=\"\" rel=\"nofollow noopener\" target=\"_blank\"><img decoding=\"async\" src=\"https:\/\/www.europesays.com\/es\/wp-content\/uploads\/2025\/09\/VUDUTX7HAVKQJMF2DB65ICVY5Q.jpg\" alt=\"\u00bfA qu\u00e9 hora juega hoy Alcaraz en la Laver Cup? TV, c\u00f3mo y d\u00f3nde ver la \u00faltima jornada del torneo\" class=\"\" height=\"1\" width=\"1\"   loading=\"lazy\" data-tb-thumbnail=\"\"\/><\/a><a href=\"https:\/\/as.com\/tenis\/mas_tenis\/alcaraz-tras-la-derrota-con-fritz-lo-hizo-mucho-mejor-que-yo-n\/\" class=\"s_m_w\" title=\"El n\u00famero uno del mundo perdi\u00f3 6-3 y 6-2 en solo 71 minutos ante el estadounidense en la Laver Cup, en una remontada del Resto del Mundo. \u201cNo fue el partido que esperaba\u201d, a\u00f1adi\u00f3. \" data-tb-link=\"\" rel=\"nofollow noopener\" target=\"_blank\"><img decoding=\"async\" src=\"https:\/\/www.europesays.com\/es\/wp-content\/uploads\/2025\/09\/ICHYZJ6FMBL7PHDIJDVUIHHM3A.jpg\" alt=\"Alcaraz, tras la derrota con Fritz: \u201cLo hizo mucho mejor que yo\u201d \" class=\"\" height=\"1\" width=\"1\"   loading=\"lazy\" data-tb-thumbnail=\"\"\/><\/a><\/p>\n<p class=\"\"><b>Swiatek se corona por primera vez como vencedora en Se\u00fal<\/b> y suma el t\u00edtulo n\u00famero veinticinco de su carrera y el tercero de la temporada tras <a href=\"https:\/\/as.com\/tenis\/wimbledon\/swiatek-triunfa-con-el-historico-primer-doble-rosco-en-una-final-n\/\" target=\"_self\" rel=\"nofollow noopener\" title=\"https:\/\/as.com\/tenis\/wimbledon\/swiatek-triunfa-con-el-historico-primer-doble-rosco-en-una-final-n\/\">ganar en Wimbledon en julio su sexto Grand Slam<\/a> e imponerse posteriormente en agosto <a href=\"https:\/\/as.com\/tenis\/masters_1000\/swiatek-gana-su-11-wta-1000-y-recupera-el-numero-dos-n\/\" target=\"_self\" rel=\"nofollow noopener\" title=\"https:\/\/as.com\/tenis\/masters_1000\/swiatek-gana-su-11-wta-1000-y-recupera-el-numero-dos-n\/\">en la ciudad estadounidense de Cincinnati<\/a>.<\/p>\n<p class=\"\"><b>\u00a1Tus opiniones importan!<\/b> Comenta en los art\u00edculos y suscr\u00edbete gratis a nuestra <a href=\"https:\/\/asfan.as.com\/newsletters\/\" target=\"_blank\" rel=\"nofollow noopener\" title=\"https:\/\/asfan.as.com\/newsletters\/\">newsletter<\/a> y a las alertas informativas en la <a href=\"https:\/\/as.com\/aplicacion-de-as-n\/\" target=\"_blank\" rel=\"nofollow noopener\" title=\"https:\/\/as.com\/aplicacion-de-as-n\/\">App<\/a> o el canal de <a href=\"https:\/\/www.whatsapp.com\/channel\/0029VaAasdA7j6g745nz9M10\" target=\"_blank\" rel=\"nofollow noopener\" title=\"https:\/\/www.whatsapp.com\/channel\/0029VaAasdA7j6g745nz9M10\">WhatsApp<\/a>. \u00bfBuscas licenciar contenido? Haz clic <a href=\"https:\/\/profesional.elpais.com\/soluciones-sindicacion?utm_medium=interno&amp;utm_source=crosslinking&amp;utm_campaign=sindicacion_as_pie_articulos\" target=\"_blank\" rel=\"nofollow noopener\" title=\"https:\/\/profesional.elpais.com\/soluciones-sindicacion?utm_medium=interno&amp;utm_source=crosslinking&amp;utm_campaign=sindicacion_as_pie_articulos\">aqu\u00ed<\/a><\/p>\n","protected":false},"excerpt":{"rendered":"La tenista polaca Iga Swiatek, primera cabeza de serie, se proclam\u00f3 vencedora del torneo de Se\u00fal, de categor\u00eda&hellip;\n","protected":false},"author":2,"featured_media":130655,"comment_status":"","ping_status":"","sticky":false,"template":"","format":"standard","meta":{"footnotes":""},"categories":[274],"tags":[168,25,24,23,167,327,326],"class_list":{"0":"post-130654","1":"post","2":"type-post","3":"status-publish","4":"format-standard","5":"has-post-thumbnail","7":"category-tenis","8":"tag-deportes","9":"tag-es","10":"tag-espana","11":"tag-spain","12":"tag-sports","13":"tag-tenis","14":"tag-tennis"},"share_on_mastodon":{"url":"","error":""},"_links":{"self":[{"href":"https:\/\/www.europesays.com\/es\/wp-json\/wp\/v2\/posts\/130654","targetHints":{"allow":["GET"]}}],"collection":[{"href":"https:\/\/www.europesays.com\/es\/wp-json\/wp\/v2\/posts"}],"about":[{"href":"https:\/\/www.europesays.com\/es\/wp-json\/wp\/v2\/types\/post"}],"author":[{"embeddable":true,"href":"https:\/\/www.europesays.com\/es\/wp-json\/wp\/v2\/users\/2"}],"replies":[{"embeddable":true,"href":"https:\/\/www.europesays.com\/es\/wp-json\/wp\/v2\/comments?post=130654"}],"version-history":[{"count":0,"href":"https:\/\/www.europesays.com\/es\/wp-json\/wp\/v2\/posts\/130654\/revisions"}],"wp:featuredmedia":[{"embeddable":true,"href":"https:\/\/www.europesays.com\/es\/wp-json\/wp\/v2\/media\/130655"}],"wp:attachment":[{"href":"https:\/\/www.europesays.com\/es\/wp-json\/wp\/v2\/media?parent=130654"}],"wp:term":[{"taxonomy":"category","embeddable":true,"href":"https:\/\/www.europesays.com\/es\/wp-json\/wp\/v2\/categories?post=130654"},{"taxonomy":"post_tag","embeddable":true,"href":"https:\/\/www.europesays.com\/es\/wp-json\/wp\/v2\/tags?post=130654"}],"curies":[{"name":"wp","href":"https:\/\/api.w.org\/{rel}","templated":true}]}}