{"id":130662,"date":"2025-09-22T00:30:11","date_gmt":"2025-09-22T00:30:11","guid":{"rendered":"https:\/\/www.europesays.com\/es\/130662\/"},"modified":"2025-09-22T00:30:11","modified_gmt":"2025-09-22T00:30:11","slug":"angelina-jolie-revoluciona-san-sebastian-amo-a-mi-pais-pero-no-lo-reconozco-en-este-momento-cine-estrenos-y-criticas","status":"publish","type":"post","link":"https:\/\/www.europesays.com\/es\/130662\/","title":{"rendered":"Angelina Jolie revoluciona San Sebasti\u00e1n: \u201cAmo a mi pa\u00eds, pero no lo reconozco en este momento\u201d | Cine: estrenos y cr\u00edticas"},"content":{"rendered":"<p class=\"\"><a href=\"https:\/\/elpais.com\/noticias\/angelina-jolie\/\" target=\"_self\" rel=\"nofollow noopener\" title=\"https:\/\/elpais.com\/noticias\/angelina-jolie\/\">Angelina Jolie <\/a>(Los \u00c1ngeles, 50 a\u00f1os) solo pasa la tarde del domingo en San Sebasti\u00e1n. Pero ese pu\u00f1ado de horas las han exprimido sus fans, que han disfrutado de su paso por la ciudad. Hasta el pasado mi\u00e9rcoles no se confirm\u00f3 su asistencia, porque est\u00e1 rodando en Londres. Pero est\u00e1 muy involucrada en la promoci\u00f3n de Couture, que concursa este domingo <a href=\"https:\/\/elpais.com\/noticias\/festival-san-sebastian\/\" target=\"_self\" rel=\"nofollow noopener\" title=\"https:\/\/elpais.com\/noticias\/festival-san-sebastian\/\">en el Zinemaldia.<\/a> Tanto, que en alg\u00fan momento de su rueda de prensa ha cortado sus respuestas por la emoci\u00f3n: no en vano su personaje encara un c\u00e1ncer de mama, proceso que ella misma ha vivido, en mitad de un divorcio.<\/p>\n<p>M\u00e1s informaci\u00f3n<\/p>\n<p class=\"\">Antes de que acabara el pase anterior a su pel\u00edcula, una muchedumbre ya se agolpaba en la puerta del Kursaal. Jolie hab\u00eda llegado de Londres, del rodaje de Anxious People, <a href=\"https:\/\/elpais.com\/cultura\/2022-12-30\/el-peor-vecino-del-mundo-un-amargado-tom-hanks-en-un-remake-agradable-y-sin-imaginacion.html\" target=\"_self\" rel=\"nofollow noopener\" title=\"https:\/\/elpais.com\/cultura\/2022-12-30\/el-peor-vecino-del-mundo-un-amargado-tom-hanks-en-un-remake-agradable-y-sin-imaginacion.html\">dirigida por Marc Forster, <\/a>encajando su desplazamiento en su jornada de descanso. Al mediod\u00eda entr\u00f3 por una puerta de servicio al hotel Mar\u00eda Cristina. Pis\u00f3 m\u00e1s tarde la alfombra del Kursaal para presentar la sesi\u00f3n de gala de Couture, de <a href=\"https:\/\/elpais.com\/cultura\/2019\/12\/12\/actualidad\/1576188914_757435.html\" target=\"_self\" rel=\"nofollow noopener\" title=\"https:\/\/elpais.com\/cultura\/2019\/12\/12\/actualidad\/1576188914_757435.html\">Alice Winocour. <\/a>Durante la proyecci\u00f3n se celebr\u00f3 la rueda de prensa, y el equipo (junto a Winocour y Jolie estaban otros cuatro miembros del reparto, con <a href=\"https:\/\/elpais.com\/eps\/2024-07-25\/louis-garrel-un-sex-symbol-diferente-la-virilidad-nunca-me-ha-interesado-como-actor-padezco-un-deficit-de-testosterona.html\" target=\"_self\" rel=\"nofollow noopener\" title=\"https:\/\/elpais.com\/eps\/2024-07-25\/louis-garrel-un-sex-symbol-diferente-la-virilidad-nunca-me-ha-interesado-como-actor-padezco-un-deficit-de-testosterona.html\">Louis Garrel <\/a>como rostro m\u00e1s popular) retorn\u00f3 al final a saludar, antes de cambiarse el vestido negro de gala y retornar a dormir a Londres.<\/p>\n<p><img decoding=\"auto\" class=\"_re lazyload a_m-h\" height=\"305\"  width=\"414\"  src=\"https:\/\/www.europesays.com\/es\/wp-content\/uploads\/2025\/09\/RLMI6APHBZES3DXCP3GCFELYAE.jpg\" loading=\"lazy\"\/>Angelina Jolie durante la presentaci\u00f3n de &#8216;Couture&#8217;, en el festival de cine de San Sebasti\u00e1n.<br \/>\nJavier Etxezarreta (EFE)<\/p>\n<p class=\"\">Couture juega al mosaico narrativo a trav\u00e9s de diversas mujeres que participan en la semana de la moda de Par\u00eds: una modelo africana, una costurera, una maquilladora y una directora de cine de terror contratada por una casa de alta costura para filmar un corto que abra su desfile. Esa cineasta, Maxine Walker, que atraviesa un divorcio, recibe una llamada de su m\u00e9dico desde EE UU: tiene que ir urgentemente a ver a un onc\u00f3logo en Francia. Y cada hora cuenta si quiere superar un c\u00e1ncer agresivo de mama, justo cuando Walker disfruta de su mejor momento art\u00edstico.<\/p>\n<p class=\"\">Jolie <a href=\"https:\/\/elpais.com\/elpais\/2013\/05\/14\/gente\/1368515056_985149.html\" rel=\"nofollow noopener\" title=\"https:\/\/elpais.com\/elpais\/2013\/05\/14\/gente\/1368515056_985149.html\" target=\"_blank\">se someti\u00f3 a una doble mastectom\u00eda preventiva en 2013<\/a>, despu\u00e9s de saber que hab\u00eda heredado, por mutaciones en los genes BRCA1 y BRCA2, un alto riesgo de padecer c\u00e1ncer de mama. Sus doctores, explic\u00f3 en su momento, estimaron que ten\u00eda un 87% de riesgo de contraer c\u00e1ncer de mama y un 50% de padecer c\u00e1ncer de ovarios. As\u00ed que se hizo esa doble mastectom\u00eda, y, dos a\u00f1os m\u00e1s tarde, se extirp\u00f3 los ovarios. En San Sebasti\u00e1n ha apuntado: \u201cPerd\u00ed a mi madre y a mi abuela por ese c\u00e1ncer. En mi caso esas operaciones han sido mi elecci\u00f3n, cuando en general muchas otras mujeres no pueden elegir. Es muy importante que se entienda en pantalla ese viaje de las mujeres, y que tambi\u00e9n lo conozcan los hombres\u201d.<\/p>\n<p><img decoding=\"auto\" class=\"_re lazyload a_m-h\" height=\"278\"  width=\"414\"  src=\"https:\/\/www.europesays.com\/es\/wp-content\/uploads\/2025\/09\/1758501010_645_AA67VTGPCBH4TAXNU44NADMYEE.jpg\" loading=\"lazy\"\/>Angelina Jolie y Louis Garrel, en &#8216;Couture&#8217;.<\/p>\n<p class=\"\">Como directora, Jolie ya hab\u00eda hablado de conflictos b\u00e9licos y dolor en el mundo, como en En tierra de sangre y miel, por ejemplo. Y en Couture la moda y el c\u00e1ncer se retratan con un parecido enfoque de batalla. \u201cExiste efectivamente en ambas pel\u00edculas una guerra y una esperanza por lograr una vida sin sufrimientos\u201d, explicaba Jolie. \u201cEs un deseo de la condici\u00f3n humana. Quiero creer que siempre estamos unidos como seres humanos, y a eso ayuda el cine cuando nos re\u00fane en una sala a oscuras para compartir\u201d. De Couture le gust\u00f3 todo ese enfoque y, acabada la pel\u00edcula, ha confirmado que \u201cel proceso de creaci\u00f3n ha sido sanador\u201d.<\/p>\n<p class=\"\">\u00bfA qu\u00e9 le tiene miedo Jolie hoy en d\u00eda? La actriz ha necesitado tiempo, ha callado, y con ella toda la sala, abarrotada. Y en su arranque ha soltado el titular: \u201cAmo a mi pa\u00eds, pero no lo reconozco en este momento. Son tiempos muy dif\u00edciles. Mi familia, mis amigos, mi visi\u00f3n del mundo es internacional. Y cualquier cosa en cualquier parte del mundo que divida o que limite las expresiones y libertades de las personas me parece muy peligrosa\u201d.<\/p>\n<p><img decoding=\"auto\" class=\"_re lazyload a_m-h\" height=\"283\"  width=\"414\"  src=\"https:\/\/www.europesays.com\/es\/wp-content\/uploads\/2025\/09\/FHCGHJVJWFCBZJ3OW6BHGZRJX4.jpg\" loading=\"lazy\"\/>La actriz Angelina Jolie, a su llegada a la 73\u00aa edici\u00f3n del Festival Internacional de cine de San Sebasti\u00e1n.Javier Etxezarreta (EFE)<\/p>\n<p class=\"\">En otro momento emocionante de la rueda de prensa, que empez\u00f3 20 minutos tarde y dur\u00f3 unos 40, Jolie ha recordado que us\u00f3 un collar de su madre, <a href=\"https:\/\/en.wikipedia.org\/wiki\/Marcheline_Bertrand\" target=\"_self\" rel=\"nofollow noopener\" title=\"https:\/\/en.wikipedia.org\/wiki\/Marcheline_Bertrand\">Marcheline Bertrand,<\/a> en el rodaje para sentirse protegida. Adem\u00e1s, su madre sol\u00eda escribir cartas a los personajes de Jolie, as\u00ed que, \u00bfque le hubiera escrito Marcheline a Maxine? \u201cUf, me es muy dif\u00edcil hablar de ella, os hubiera encantado. Pienso mucho en mi madre. Y con Couture m\u00e1s, porque ella pas\u00f3 mucho tiempo en el hospital. Ojal\u00e1 hubiera podido tener esa oportunidad de batallar contra el c\u00e1ncer, de haber disfrutado de la vida&#8230; Me emociono mucho, as\u00ed que no puedo responder porque lloro\u201d. Bertrand muri\u00f3 en 2007 por el c\u00e1ncer, como antes lo hab\u00edan hecho la t\u00eda y la abuela de Jolie.<\/p>\n<p class=\"\">Y tal como lleg\u00f3, entre aplausos, Jolie se fue. Habl\u00f3 mucho menos que la directora del filme, y reparti\u00f3 juego a sus compa\u00f1eros de reparto. Pero cuando tom\u00f3 la palabra fue sincera, emocionante y contundente. La mujer no se dej\u00f3 devorar por la estrella.<\/p>\n<p><img decoding=\"auto\" class=\"_re lazyload a_m-v\" height=\"508\"  width=\"414\"  src=\"https:\/\/www.europesays.com\/es\/wp-content\/uploads\/2025\/09\/JPXGQ2NLYBAVFODO36CRC4RSZQ.jpg\" loading=\"lazy\"\/>Angelina Jolie (centro), con el resto del equipo de &#8216;Couture&#8217;, a la salida de la proyecci\u00f3n del filme en el festival de San Sebasti\u00e1n.<\/p>\n","protected":false},"excerpt":{"rendered":"Angelina Jolie (Los \u00c1ngeles, 50 a\u00f1os) solo pasa la tarde del domingo en San Sebasti\u00e1n. Pero ese pu\u00f1ado&hellip;\n","protected":false},"author":2,"featured_media":130663,"comment_status":"","ping_status":"","sticky":false,"template":"","format":"standard","meta":{"footnotes":""},"categories":[174],"tags":[1014,1015,20128,255,177,209,9265,146,147,25,24,256,9555,753,23],"class_list":{"0":"post-130662","1":"post","2":"type-post","3":"status-publish","4":"format-standard","5":"has-post-thumbnail","7":"category-famosos","8":"tag-actores","9":"tag-actrices","10":"tag-angelina-jolie","11":"tag-celebrities","12":"tag-cine","13":"tag-cultura","14":"tag-directores-cine","15":"tag-entertainment","16":"tag-entretenimiento","17":"tag-es","18":"tag-espana","19":"tag-famosos","20":"tag-festival-san-sebastian","21":"tag-peliculas","22":"tag-spain"},"share_on_mastodon":{"url":"","error":""},"_links":{"self":[{"href":"https:\/\/www.europesays.com\/es\/wp-json\/wp\/v2\/posts\/130662","targetHints":{"allow":["GET"]}}],"collection":[{"href":"https:\/\/www.europesays.com\/es\/wp-json\/wp\/v2\/posts"}],"about":[{"href":"https:\/\/www.europesays.com\/es\/wp-json\/wp\/v2\/types\/post"}],"author":[{"embeddable":true,"href":"https:\/\/www.europesays.com\/es\/wp-json\/wp\/v2\/users\/2"}],"replies":[{"embeddable":true,"href":"https:\/\/www.europesays.com\/es\/wp-json\/wp\/v2\/comments?post=130662"}],"version-history":[{"count":0,"href":"https:\/\/www.europesays.com\/es\/wp-json\/wp\/v2\/posts\/130662\/revisions"}],"wp:featuredmedia":[{"embeddable":true,"href":"https:\/\/www.europesays.com\/es\/wp-json\/wp\/v2\/media\/130663"}],"wp:attachment":[{"href":"https:\/\/www.europesays.com\/es\/wp-json\/wp\/v2\/media?parent=130662"}],"wp:term":[{"taxonomy":"category","embeddable":true,"href":"https:\/\/www.europesays.com\/es\/wp-json\/wp\/v2\/categories?post=130662"},{"taxonomy":"post_tag","embeddable":true,"href":"https:\/\/www.europesays.com\/es\/wp-json\/wp\/v2\/tags?post=130662"}],"curies":[{"name":"wp","href":"https:\/\/api.w.org\/{rel}","templated":true}]}}