{"id":130670,"date":"2025-09-22T00:36:18","date_gmt":"2025-09-22T00:36:18","guid":{"rendered":"https:\/\/www.europesays.com\/es\/130670\/"},"modified":"2025-09-22T00:36:18","modified_gmt":"2025-09-22T00:36:18","slug":"se-escapa-el-derbi-real-sociedad-de-futbol-s-a-d","status":"publish","type":"post","link":"https:\/\/www.europesays.com\/es\/130670\/","title":{"rendered":"Se escapa el derbi &#8211; Real Sociedad de F\u00fatbol S.A.D."},"content":{"rendered":"<p dir=\"ltr\">El Sanse no ha podido llevarse el derbi guipuzcoano tras perder 2-1 frente a la SD Eibar esta tarde en Ipurua. Los txuri urdin han peleado hasta el final, pero a pesar del gol en los \u00faltimos compases han ca\u00eddo por la m\u00ednima ante un fuerte rival.\u00a0<\/p>\n<p dir=\"ltr\">El partido ha arrancado con los dos equipos muy igualados. La primera ocasi\u00f3n clara para los potrillos ha llegado en el minuto 18 con un zurdazo de Balda que se ha marchado ligeramente desviado. El encuentro ha parado tras una lesi\u00f3n del local Aranbarri en el minuto 33 y poco m\u00e1s tarde ha llegado el primero del conjunto armero; un gol en propia puerta de Balda en el minuto 38. De esta manera hemos llegado al descanso.<\/p>\n<p dir=\"ltr\">Al inicio de la segunda mitad, Mikel Rodr\u00edguez ha tenido la ocasi\u00f3n m\u00e1s clara del partido para los donostiarras en un mano a mano frente a Magunagoitia, que ha impedido el gol sacando la pierna. Nuestro filial ha seguido intent\u00e1ndolo, pero en el minuto 58 los de casa han marcado el segundo gol de la mano de Bautista. En el minuto 71 Balda ha vuelto a rematar con la izquierda y\u00e9ndose el bal\u00f3n por el lado derecho de la porter\u00eda. Poco m\u00e1s tarde Astiazaran ha probado un remate de m\u00e1s de 30 metros sin \u00e9xito. El Sanse ha seguido generando ocasiones de peligro y ha recortado distancias en el descuento tras un gran gol de Mikel Rodriguez. El tanto ha motivado al equipo a seguir luchando para llevarse un punto en un campo dif\u00edcil, pero no ha podido ser.<\/p>\n<p dir=\"ltr\">Derrota en el derbi para un Sanse que, tras una apasionante segunda parte peleando hasta el final, se va con las manos vac\u00edas de Eibar. Un resultado que sabe a poco. La siguiente jornada se medir\u00e1 al C\u00f3rdoba CF en casa. Aupa Sanse!<\/p>\n<p dir=\"ltr\"><b>Ficha t\u00e9cnica:<\/b><\/p>\n<p dir=\"ltr\"><b>SD Eibar:<\/b> Magunagoitia, Cubero, M. Moreno, Aranbarri (Jair Jr, min. 34), Buta, S. \u00c1lvarez (cap.), Garrido (Olaetxea, min. 66) Corpas, J. Guruzeta (Ares, min. 78), Magunazelaia (J. Mart\u00ednez, min. 66) y Bautista (Mart\u00f3n, min 78).<\/p>\n<p dir=\"ltr\"><b>Sanse:<\/b>\u00a0Arana, Dadie, P. Rodr\u00edguez (cap.), Kita (Orobengoa, min. 90), Balda, Lebarbier, M. Rodr\u00edguez, D\u00edaz (Astiazaran, min. 64), Marchal (Ochieng, min. 64), G. Gorosabel (Eceizabarrena, min. 71) y Mariezkurrena (Carrera, min. 64).<\/p>\n<p dir=\"ltr\"><b>Goles: <\/b>1-0: Balda (p. p.), min. 38; 2-0: Bautista, min. 58; 2-1 M. Rodr\u00edguez, min 93.\u00a0<\/p>\n<p dir=\"ltr\"><b>\u00c1rbitro: <\/b>\u00c1lvaro Moreno. Ha amonestado a los locales M. Moreno y J. Guruzeta y a los visitantes M. Rodr\u00edguez y Astiazaran.<\/p>\n","protected":false},"excerpt":{"rendered":"El Sanse no ha podido llevarse el derbi guipuzcoano tras perder 2-1 frente a la SD Eibar esta&hellip;\n","protected":false},"author":2,"featured_media":130671,"comment_status":"","ping_status":"","sticky":false,"template":"","format":"standard","meta":{"footnotes":""},"categories":[93],"tags":[168,25,24,282,1044,798,41908,492,23,167],"class_list":{"0":"post-130670","1":"post","2":"type-post","3":"status-publish","4":"format-standard","5":"has-post-thumbnail","7":"category-deportes","8":"tag-deportes","9":"tag-es","10":"tag-espana","11":"tag-futbol","12":"tag-liga","13":"tag-real","14":"tag-sd-eibar-2-1-sanse-se-escapa-el-derbi","15":"tag-sociedad","16":"tag-spain","17":"tag-sports"},"share_on_mastodon":{"url":"","error":""},"_links":{"self":[{"href":"https:\/\/www.europesays.com\/es\/wp-json\/wp\/v2\/posts\/130670","targetHints":{"allow":["GET"]}}],"collection":[{"href":"https:\/\/www.europesays.com\/es\/wp-json\/wp\/v2\/posts"}],"about":[{"href":"https:\/\/www.europesays.com\/es\/wp-json\/wp\/v2\/types\/post"}],"author":[{"embeddable":true,"href":"https:\/\/www.europesays.com\/es\/wp-json\/wp\/v2\/users\/2"}],"replies":[{"embeddable":true,"href":"https:\/\/www.europesays.com\/es\/wp-json\/wp\/v2\/comments?post=130670"}],"version-history":[{"count":0,"href":"https:\/\/www.europesays.com\/es\/wp-json\/wp\/v2\/posts\/130670\/revisions"}],"wp:featuredmedia":[{"embeddable":true,"href":"https:\/\/www.europesays.com\/es\/wp-json\/wp\/v2\/media\/130671"}],"wp:attachment":[{"href":"https:\/\/www.europesays.com\/es\/wp-json\/wp\/v2\/media?parent=130670"}],"wp:term":[{"taxonomy":"category","embeddable":true,"href":"https:\/\/www.europesays.com\/es\/wp-json\/wp\/v2\/categories?post=130670"},{"taxonomy":"post_tag","embeddable":true,"href":"https:\/\/www.europesays.com\/es\/wp-json\/wp\/v2\/tags?post=130670"}],"curies":[{"name":"wp","href":"https:\/\/api.w.org\/{rel}","templated":true}]}}