{"id":130674,"date":"2025-09-22T00:38:14","date_gmt":"2025-09-22T00:38:14","guid":{"rendered":"https:\/\/www.europesays.com\/es\/130674\/"},"modified":"2025-09-22T00:38:14","modified_gmt":"2025-09-22T00:38:14","slug":"margot-robbie-desvela-los-actores-y-la-pelicula-con-los-que-forraba-las-paredes-de-su-habitacion-estaba-obsesionada","status":"publish","type":"post","link":"https:\/\/www.europesays.com\/es\/130674\/","title":{"rendered":"Margot Robbie desvela los actores y la pel\u00edcula con los que forraba las paredes de su habitaci\u00f3n: \u201cEstaba obsesionada\u201d"},"content":{"rendered":"<p class=\"\">Lo de tener la habitaci\u00f3n forrada con p\u00f3steres de figuras famosas que a menudo se convierten en el \u00eddolo de mucha gente, ya sean deportistas, cantantes o actores es algo que en alg\u00fan momento ha hecho pr\u00e1cticamente todo el mundo, especialmente en \u00e9pocas como la infancia y la adolescencia. Y s\u00ed, tambi\u00e9n sucede entre famosos, pues que uno sea una estrella no quiere decir que no pueda tener \u00eddolos, incluso si forman parte del mismo \u00e1mbito, \u00bfverdad? Que se lo digan a <a href=\"https:\/\/as.com\/meristation\/cine\/la-hermosa-actriz-que-casi-se-queda-el-papel-de-margot-robbie-la-barbie-de-nuestros-suenos-n\/\" rel=\"nofollow noopener\" target=\"_blank\"><b>Margot Robbie<\/b><\/a><b>, quien ha desvelado que ten\u00eda su habitaci\u00f3n llena de carteles de Robert Pattinson<\/b>.<\/p>\n<p class=\"\">En una reciente entrevista, la actriz australiana ha contado que hace unos a\u00f1os, cuando la saga \u2018Crep\u00fasculo\u2019 estaba de absoluta y rigurosa moda, ten\u00eda varios p\u00f3steres de <a href=\"https:\/\/as.com\/meristation\/cine\/la-razon-por-la-que-robert-pattinson-ya-no-ve-peliculas-de-terror-pensaba-que-alguien-entraba-en-mi-casa-n\/\" rel=\"nofollow noopener\" target=\"_blank\">Robert Pattinson<\/a> (y tambi\u00e9n de Chris Hemsworth) que ven\u00edan incluidos en las revistas enfocadas al p\u00fablico femenino que compraba. Adem\u00e1s, ha desvelado que <b>\u201cestaba obsesionada\u201d con \u2018Crep\u00fasculo\u2019, la franquicia protagonizada por Pattinson<\/b>.<\/p>\n<p><img decoding=\"async\" src=\"https:\/\/www.europesays.com\/es\/wp-content\/uploads\/2025\/09\/KFCOG3WNNFEDLBZ35ZHUH7Q3CA.jpg\" alt=\"Robert Pattinson en 'Crep\u00fasculo'\" class=\"mm__img\"   width=\"1200\" height=\"675\" loading=\"lazy\"\/><\/p>\n<p>Ampliar<\/p>\n<p>Robert Pattinson en &#8216;Crep\u00fasculo&#8217;<b>D\u00f3nde ver todas las pel\u00edculas de \u2018Crep\u00fasculo\u2019<\/b><\/p>\n<p class=\"\">Estas son las plataformas de streaming en las que se pueden ver \u2014y el orden correcto para disfrutar de la historia\u2014 las cinco pel\u00edculas de la saga.<\/p>\n<ul>\n<li>\u2018<b>Crep\u00fasculo\u2019<\/b> | Lionsgate+ a trav\u00e9s de Amazon Channels en Prime Video.<\/li>\n<li>\u2018<b>La saga Crep\u00fasculo: Luna nueva\u2019<\/b> | Lionsgate+ a trav\u00e9s de Amazon Channels en Prime Video.<\/li>\n<li>\u2018<b>La saga Crep\u00fasculo: Eclipse\u2019<\/b> | No disponible en streaming actualmente<\/li>\n<li>\u2018<b>La saga Crep\u00fasculo: Amanecer &#8211; Parte 1\u2019<\/b> | Lionsgate+ a trav\u00e9s de Amazon Channels en Prime Video.<\/li>\n<li>\u2018<b>La saga Crep\u00fasculo: Amanecer &#8211; Parte 2\u2019<\/b> | Lionsgate+ a trav\u00e9s de Amazon Channels en Prime Video.<\/li>\n<\/ul>\n<p>Noticias relacionadas<\/p>\n<p class=\"\">Suscr\u00edbete al <a href=\"https:\/\/www.youtube.com\/@meristation\" target=\"_self\" rel=\"nofollow noopener\" title=\"https:\/\/www.youtube.com\/@meristation\">canal de MeriStation en YouTube<\/a>, tu web de videojuegos y entretenimiento para conocer todas las noticias y novedades sobre el mundo del videojuego, cine, series, manga y anime. An\u00e1lisis, entrevistas, tr\u00e1ileres, gameplays, p\u00f3dcast y mucho m\u00e1s. Tambi\u00e9n te animamos a seguir <a href=\"https:\/\/www.tiktok.com\/@meristation\" rel=\"nofollow noopener\" title=\"https:\/\/www.tiktok.com\/@meristation\" target=\"_blank\">nuestra cuenta de TikTok<\/a>. <\/p>\n<p class=\"\">\u00a1S\u00edguenos en ambas y, si est\u00e1s interesado en licenciar este contenido, pincha <a href=\"https:\/\/profesional.elpais.com\/soluciones-sindicacion?utm_medium=interno&amp;utm_source=crosslinking&amp;utm_campaign=sindicacion_as_pie_articulos\" target=\"_blank\" rel=\"nofollow noopener\" title=\"https:\/\/profesional.elpais.com\/soluciones-sindicacion?utm_medium=interno&amp;utm_source=crosslinking&amp;utm_campaign=sindicacion_as_pie_articulos\">aqu\u00ed<\/a>!<\/p>\n<p><script async src=\"\/\/www.tiktok.com\/embed.js\"><\/script><\/p>\n","protected":false},"excerpt":{"rendered":"Lo de tener la habitaci\u00f3n forrada con p\u00f3steres de figuras famosas que a menudo se convierten en el&hellip;\n","protected":false},"author":2,"featured_media":130675,"comment_status":"","ping_status":"","sticky":false,"template":"","format":"standard","meta":{"footnotes":""},"categories":[91],"tags":[146,147,25,24,23],"class_list":{"0":"post-130674","1":"post","2":"type-post","3":"status-publish","4":"format-standard","5":"has-post-thumbnail","7":"category-entretenimiento","8":"tag-entertainment","9":"tag-entretenimiento","10":"tag-es","11":"tag-espana","12":"tag-spain"},"share_on_mastodon":{"url":"","error":""},"_links":{"self":[{"href":"https:\/\/www.europesays.com\/es\/wp-json\/wp\/v2\/posts\/130674","targetHints":{"allow":["GET"]}}],"collection":[{"href":"https:\/\/www.europesays.com\/es\/wp-json\/wp\/v2\/posts"}],"about":[{"href":"https:\/\/www.europesays.com\/es\/wp-json\/wp\/v2\/types\/post"}],"author":[{"embeddable":true,"href":"https:\/\/www.europesays.com\/es\/wp-json\/wp\/v2\/users\/2"}],"replies":[{"embeddable":true,"href":"https:\/\/www.europesays.com\/es\/wp-json\/wp\/v2\/comments?post=130674"}],"version-history":[{"count":0,"href":"https:\/\/www.europesays.com\/es\/wp-json\/wp\/v2\/posts\/130674\/revisions"}],"wp:featuredmedia":[{"embeddable":true,"href":"https:\/\/www.europesays.com\/es\/wp-json\/wp\/v2\/media\/130675"}],"wp:attachment":[{"href":"https:\/\/www.europesays.com\/es\/wp-json\/wp\/v2\/media?parent=130674"}],"wp:term":[{"taxonomy":"category","embeddable":true,"href":"https:\/\/www.europesays.com\/es\/wp-json\/wp\/v2\/categories?post=130674"},{"taxonomy":"post_tag","embeddable":true,"href":"https:\/\/www.europesays.com\/es\/wp-json\/wp\/v2\/tags?post=130674"}],"curies":[{"name":"wp","href":"https:\/\/api.w.org\/{rel}","templated":true}]}}