{"id":130678,"date":"2025-09-22T00:41:09","date_gmt":"2025-09-22T00:41:09","guid":{"rendered":"https:\/\/www.europesays.com\/es\/130678\/"},"modified":"2025-09-22T00:41:09","modified_gmt":"2025-09-22T00:41:09","slug":"las-conflictivas-historias-de-los-medicos-israelies-que-trataron-a-prisioneros-palestinos-en-el-campo-de-detencion-sde-teiman","status":"publish","type":"post","link":"https:\/\/www.europesays.com\/es\/130678\/","title":{"rendered":"Las conflictivas historias de los m\u00e9dicos israel\u00edes que trataron a prisioneros palestinos en el campo de detenci\u00f3n Sde Teiman"},"content":{"rendered":"<p>Al final de nuestra conversaci\u00f3n, Nathan (seud\u00f3nimo) repet\u00eda, casi para s\u00ed mismo: \u201cQuiz\u00e1s deber\u00edamos haber hecho m\u00e1s. Quiz\u00e1s podr\u00edamos haber hecho m\u00e1s. Quiz\u00e1s podr\u00edamos haber hecho algo con respecto al campamento en s\u00ed. Con respecto a los perros. Segu\u00edamos oyendo a los perros. Todas las noches\u201d.<\/p>\n<p>Nathan, cirujano jefe en uno de los hospitales m\u00e1s grandes de Israel, se refer\u00eda a Sde Teiman, un campamento militar situado en el desierto del N\u00e9guev, en el sur de Israel, que, tras el ataque <a href=\"https:\/\/theconversation.com\/topics\/october-7-2023-146854\" rel=\"nofollow noopener\" target=\"_blank\">del 7 de octubre de 2023<\/a>, se convirti\u00f3 en un centro de detenci\u00f3n para presos de Gaza.<\/p>\n<p>Inicialmente, este campamento sirvi\u00f3 para encarcelar a miembros de la <a href=\"https:\/\/www.cnbctv18.com\/world\/israel-hamas-war-who-are-nukhba-force-military-unit-palestine-army-gaza-idf-18042121.htm\" rel=\"nofollow noopener\" target=\"_blank\">fuerza Nukhba<\/a>, la unidad de Ham\u00e1s que lider\u00f3 la masacre en el sur de Israel. Pero desde entonces, y durante todo el posterior asalto de Israel a Gaza, Sde Teiman ha sido un \u201c<a href=\"https:\/\/edition.cnn.com\/2024\/05\/10\/middleeast\/israel-sde-teiman-detention-whistleblowers-intl-cmd\" rel=\"nofollow noopener\" target=\"_blank\">lugar secreto<\/a>\u201d en el que se reten\u00eda a los palestinos capturados por el ej\u00e9rcito israel\u00ed dentro de Gaza, incluidos <a href=\"https:\/\/www.bbc.co.uk\/news\/articles\/cn7vje365rno\" rel=\"nofollow noopener\" target=\"_blank\">muchos que afirman no haber participado en los combates<\/a>.<\/p>\n<p>El antiguo campo secreto se ha <a href=\"https:\/\/www.haaretz.com\/israel-news\/%202023-12-18\/ty-article\/.premium\/hundreds-of-gazans-arrested-during-war-held-blindfolded-and-handcuffed-at-israeli-base\/0000018c-7ce6-de44-a9be-7df678fd0000\" rel=\"nofollow noopener\" target=\"_blank\">convertido<\/a> <a href=\"https:\/\/www.bbc.co.uk\/news\/articles\/cn7vje365rno\" rel=\"nofollow noopener\" target=\"_blank\">en tristemente c\u00e9lebre<\/a> tras las denuncias de <a href=\"http:\/\/www.nytimes.com\/2024\/06\/06\/world\/middleeast\/israel-gaza-detention-base.html\" rel=\"nofollow noopener\" target=\"_blank\">violencia<\/a>, <a href=\"https:\/\/www.theguardian.com\/world\/article\/2024\/may\/23\/whistleblowers-allege-widespread-abuses-at-israeli-detention-camp-sde-teiman\" rel=\"nofollow noopener\" target=\"_blank\">abusos<\/a> y <a href=\"https:\/\/www.btselem.org\/publications\/202408_welcome_to_hell\" rel=\"nofollow noopener\" target=\"_blank\">crueldad<\/a> <a href=\"https:\/\/edition.cnn.com\/2024\/05\/10\/middleeast\/israel-sde-teiman-detention-whistleblowers-intl-cmd\" rel=\"nofollow noopener\" target=\"_blank\">sin precedentes<\/a> que, seg\u00fan se ha informado, <a href=\"https:\/\/www.amnesty.org.uk\/press-releases\/israel-palestinians-gaza-held-secret-detention-describe-torture-new-testimonies\" rel=\"nofollow noopener\" target=\"_blank\">tuvieron lugar<\/a> <a href=\"https:\/\/www.ohchr.org\/en\/press-releases\/%202024\/07\/un-report-palestinian-detainees-held-arbitrarily-and-secretly-subjected\" rel=\"nofollow noopener\" target=\"_blank\">en<\/a> <a href=\"https:\/\/www.972mag.com\/israel-torture-camp-gaza-detainees\/\" rel=\"nofollow noopener\" target=\"_blank\">\u00e9l<\/a>. Un soldado que prest\u00f3 servicio all\u00ed se refiri\u00f3 a \u00e9l como un \u201c<a href=\"https:\/\/www.haaretz.com\/opinion\/%202025-05-31\/ty-article-opinion\/.premium\/what-idf-soldiers-serving-at-sde-teiman-know-is-happening-to-its-palestinian-detainees\/00000196-eda1-d86e-abb7-fdbbf8570000\" rel=\"nofollow noopener\" target=\"_blank\">campo de tortura s\u00e1dico<\/a>\u201d.<\/p>\n<p>Nathan nunca pis\u00f3 el campo. Pero fue uno de los pocos m\u00e9dicos israel\u00edes que se ofrecieron voluntarios para trabajar en un centro m\u00e9dico que funcionaba junto a \u00e9l, donde algunos de los detenidos m\u00e1s gravemente heridos de Sde Teiman recib\u00edan tratamiento. Este centro se cre\u00f3 despu\u00e9s de que muchos hospitales israel\u00edes <a href=\"https:\/\/www.nbcnews.com\/news\/world\/israeli-doctors-confront-heated-question-hamas-attack-treat-terrorist-rcna120047\" rel=\"nofollow noopener\" target=\"_blank\">se negaran<\/a> a <a href=\"https:\/\/www.haaretz.com\/israel-news\/2023-10-17\/ty-article\/.premium\/israeli-hospital-refuses-to-treat-hamas-terrorist-sources-cite-national-feelings\/0000018b-3e79-d2b8-a7db-fe7f7c320000\" rel=\"nofollow noopener\" target=\"_blank\">admitir<\/a> a cualquier persona sospechosa de haber participado en la masacre del 7 de octubre, muchas de las cuales estaban gravemente heridas.<\/p>\n<p>La decisi\u00f3n de Nathan de prestar servicio en este centro no fue f\u00e1cil, seg\u00fan nos explic\u00f3. Aunque no ten\u00eda reservas en tratar a los detenidos del campamento y consideraba que era su deber como m\u00e9dico atender a los pacientes sin importar qui\u00e9nes fueran (especialmente si nadie m\u00e1s los trataba), su trabajo en el centro m\u00e9dico de Sde Teiman, que ha mantenido en secreto ante su familia y sus colegas, sigue atorment\u00e1ndolo. \u201cEn \u00faltima instancia\u201d, dijo, \u201cme convirti\u00f3 en un criminal de guerra\u201d.<\/p>\n<p>Entrevistamos a Nathan para un libro que estamos escribiendo sobre torturas en Israel. En nuestra <a href=\"https:\/\/gtr.ukri.org\/projects?ref=ES%2FV012622%2F1\" rel=\"nofollow noopener\" target=\"_blank\">investigaci\u00f3n<\/a>, llevada a cabo durante los \u00faltimos cinco a\u00f1os con la organizaci\u00f3n israel\u00ed de derechos humanos Comit\u00e9 P\u00fablico contra la Tortura en Israel (<a href=\"https:\/\/stoptorture.org.il\/en\/\" rel=\"nofollow noopener\" target=\"_blank\">Pcati<\/a>), estudiamos hasta qu\u00e9 punto los sistemas de salud y otras instituciones c\u00edvicas se han convertido en c\u00f3mplices de las torturas, que se han vuelto m\u00e1s generalizadas y brutales desde los atentados del 7 de octubre.<\/p>\n<p>Despu\u00e9s de que tambi\u00e9n comenzaran a <a href=\"https:\/\/www.unrwa.org\/sites\/default\/files\/content\/resources\/summary_on_detention_and_alleged_ill-treatmentupdated.pdf\" rel=\"nofollow noopener\" target=\"_blank\">aparecer<\/a> testimonios desgarradores desde el <a href=\"https:\/\/www.theguardian.com\/tv-and-radio\/2025\/jul\/03\/gaza-doctors-under-attack-review-channel-4-crucial-film-stuff-of-nightmares\" rel=\"nofollow noopener\" target=\"_blank\">centro m\u00e9dico<\/a>, nos propusimos investigar el asunto. Las historias de este centro hablaban de pacientes recluidos en condiciones humillantes y degradantes, de una atenci\u00f3n m\u00e9dica deficiente que provocaba complicaciones m\u00e9dicas (incluidas <a href=\"https:\/\/edition.cnn.com\/2024\/04\/06\/middleeast\/doctor-israel-hospital-conditions-intl\/index.html\" rel=\"nofollow noopener\" target=\"_blank\">amputaciones innecesarias<\/a> debido al uso constante de esposas) y de pacientes que mor\u00edan por negligencia.<\/p>\n<p>Nathan y otros dos m\u00e9dicos que trabajaban all\u00ed y a los que entrevistamos aportan nuevos datos sobre las condiciones dentro del centro m\u00e9dico y, en general, sobre la actuaci\u00f3n del sistema sanitario israel\u00ed tras los ataques del 7 de octubre. Sus relatos nos permiten ver, como todos ellos dejaron claro de diversas maneras, c\u00f3mo incluso las personas con las mejores intenciones pueden convertirse en c\u00f3mplices de cr\u00edmenes de guerra.<\/p>\n<p>\u2018Todos sufr\u00edan un dolor insoportable\u2019<\/p>\n<p>Poco despu\u00e9s de los atentados del 7 de octubre de 2023, Nathan recibi\u00f3 una llamada del Ministerio de Sanidad israel\u00ed pregunt\u00e1ndole si estar\u00eda dispuesto a tratar a algunos de los autores de las atrocidades. El ministerio se puso en contacto con un peque\u00f1o n\u00famero de m\u00e9dicos despu\u00e9s de que muchos <a href=\"https:\/\/www.jns.org\/israeli-hospital-refuses-to-treat-hamas-terrorist\/\" rel=\"nofollow noopener\" target=\"_blank\">hospitales<\/a> y <a href=\"https:\/\/www.timesofisrael.com\/wounded-terrorists-not-being-treated-in-israeli-civilian-hospitals\/\" rel=\"nofollow noopener\" target=\"_blank\">algunos m\u00e9dicos<\/a> se <a href=\"https:\/\/www.jpost.com\/israel-news\/article-767989\" rel=\"nofollow noopener\" target=\"_blank\">negasen<\/a> a <a href=\"https:\/\/www.nbcnews.com\/news\/world\/israeli-doctors-confront-heated-question-hamas-attack-treat-terrorist-rcna120047\" rel=\"nofollow noopener\" target=\"_blank\">tratar<\/a> a personas consideradas como terroristas salvajes.<\/p>\n<p>Los m\u00e9dicos tienen la obligaci\u00f3n \u00e9tica de atender a todas las personas, independientemente de qui\u00e9nes sean o qu\u00e9 hayan hecho. De hecho, el sistema sanitario israel\u00ed se enorgullec\u00eda de tener una <a href=\"https:\/\/journalofethics.ama-assn.org\/article\/doctors-duties-terror-struck-communities\/2004-05\" rel=\"nofollow noopener\" target=\"_blank\">larga trayectoria<\/a> en el trato a todo tipo de pacientes, incluidos <a href=\"https:\/\/www.france24.com\/en\/20130918-syria-israel-hospitals-enemy-care-wounded-medical\" rel=\"nofollow noopener\" target=\"_blank\">combatientes<\/a> <a href=\"https:\/\/www.nytimes.com\/2013\/08\/06\/world\/middleeast\/across-forbidden-border-doctors-in-israel-quietly-tend-to-syrias-wounded.html\" rel=\"nofollow noopener\" target=\"_blank\">enemigos<\/a>, <a href=\"https:\/\/www.thelancet.com\/journals\/lancet\/article\/PIIS0140-6736(15)60674-2\/fulltext\" rel=\"nofollow noopener\" target=\"_blank\">terroristas suicidas<\/a> y <a href=\"https:\/\/www.nbcnews.com\/news\/world\/yahya-sinwar-architect-oct-7-terror-attacks-israel-confirmed-killed-rcna152120\" rel=\"nofollow noopener\" target=\"_blank\">l\u00edderes de Ham\u00e1s<\/a>. Pero tras los atentados del 7 de octubre, por razones que analizaremos m\u00e1s adelante, los hospitales comenzaron a rechazarlos.<\/p>\n<p>El centro m\u00e9dico de Sde Teiman se cre\u00f3 para que los detenidos recluidos en el campo principal pudieran recibir tratamiento m\u00e9dico sin tener que ser ingresados en hospitales p\u00fablicos. Recordando la primera vez que visit\u00f3 las instalaciones, Nathan nos dijo: \u201cNo ten\u00eda ni idea de ad\u00f3nde iba ni de qu\u00e9 me esperaba\u201d. Cre\u00eda que ser\u00eda una soluci\u00f3n temporal y, desde luego, no imaginaba que acabar\u00eda trabajando all\u00ed durante muchos meses.<\/p>\n<p>            Reportaje de BBC News sobre el trato a los presos en el centro de detenci\u00f3n de Sde Teiman, agosto de 2024.<\/p>\n<p>Durante las primeras semanas, sin el equipo adecuado, los medicamentos apropiados, un aparato log\u00edstico que funcionara e incluso una afiliaci\u00f3n institucional adecuada, los m\u00e9dicos tuvieron que improvisar y confiar en su ingenio. \u201cAl final, esta instalaci\u00f3n estaba bien equipada en comparaci\u00f3n con un hospital de campa\u00f1a\u2026 Pero la cuesti\u00f3n es\u201d, insisti\u00f3 Nathan, \u201cque un hospital de campa\u00f1a debe ser temporal; no se pueden realizar operaciones en una tienda en medio del desierto\u201d.<\/p>\n<p>Cuando nos reunimos a finales de 2024, Nathan no se sent\u00eda c\u00f3modo y parec\u00eda muy preocupado. Varias veces durante la conversaci\u00f3n nos dijo: \u201cnadie puede saber qui\u00e9n es Nathan\u201d. Al ver lo angustiado que estaba por ser descubierto, nos sorprendi\u00f3 que hubiera aceptado ser entrevistado. Pero, sin que lo supi\u00e9ramos, unos d\u00edas antes de contactar con \u00e9l, hab\u00eda asistido a una <a href=\"https:\/\/itnewsletter.itnewsletter.co.il\/viewContext.aspx?cmpID=156410&amp;ud=535044792\" rel=\"nofollow noopener\" target=\"_blank\">charla p\u00fablica<\/a> que dimos sobre nuestras investigaciones. Probablemente por eso, cuando nos pusimos en contacto, acept\u00f3 inmediatamente reunirse con nosotros.<\/p>\n<p>Adem\u00e1s de Nathan y los otros dos m\u00e9dicos que trabajaban en el centro, tambi\u00e9n entrevistamos a personas que participaban de alguna manera en su funcionamiento: dos miembros del comit\u00e9 de \u00e9tica de la Asociaci\u00f3n M\u00e9dica de Israel, un experto en \u00e9tica m\u00e9dica que asesoraba a los m\u00e9dicos que trabajaban en el centro de Sde Teiman y profesionales de los derechos humanos que lo investigaban. Tambi\u00e9n entrevistamos a personal m\u00e9dico y sanitario de siete de los hospitales m\u00e1s grandes de Israel, as\u00ed como a varios funcionarios del Gobierno israel\u00ed que trabajaban en el sistema sanitario y en el Ministerio de Justicia.<\/p>\n<p>Aunque la mayor\u00eda de los entrevistados hablaron a condici\u00f3n de mantenerse an\u00f3nimos, Nathan se mostr\u00f3 especialmente cauteloso. Lo que m\u00e1s le preocupaba era que \u00e9l o su familia se convirtieran en blanco de activistas israel\u00edes de derecha si se enteraban de que hab\u00eda tratado a \u201cterroristas\u201d. Pero tambi\u00e9n le preocupaban las reacciones de sus colegas: ni siquiera su superior inmediato sab\u00eda lo que hab\u00eda estado haciendo, salvo que hab\u00eda sido llamado a filas para cumplir con el servicio militar.<\/p>\n<p>Adem\u00e1s, Nathan <a href=\"https:\/\/www.haaretz.com\/opinion\/2024-09-03\/ty-article-opinion\/.premium\/both-enemy-and-friend-we-must-not-let-october-7-render-medical-ethics-obsolete-in-israel\/00000191-b952-de3d-abb7-ff7be7500000\" rel=\"nofollow noopener\" target=\"_blank\">quer\u00eda protegerse de las cr\u00edticas<\/a> de los miembros de la comunidad de izquierda que consideraban a cualquier persona relacionada con las instalaciones de Sde Teiman como un criminal de guerra. Sin embargo, estaba claro que \u00e9l tambi\u00e9n pensaba que la mera existencia de las instalaciones m\u00e9dicas era un delito, a pesar de que siempre hab\u00eda intentado proporcionar a los pacientes la mejor atenci\u00f3n posible.<\/p>\n<p>De hecho, Nathan nos cont\u00f3 que, mientras trabajaba all\u00ed, hab\u00eda intentado en repetidas ocasiones que se cerrara el centro m\u00e9dico. \u201cLos pacientes no pod\u00edan recibir el tratamiento que necesitaban. Todos ellos deb\u00edan ser ingresados en un hospital normal\u201d.<\/p>\n<p>Despu\u00e9s de muchos meses, una vez que \u201cya no era una situaci\u00f3n de emergencia\u201d y cuando Nathan se dio cuenta de que sus esfuerzos por cerrar el centro eran in\u00fatiles, sinti\u00f3 que no pod\u00eda \u201cseguir all\u00ed\u201d y renunci\u00f3.<\/p>\n<p>Esposado, con los ojos vendados y con pa\u00f1ales<\/p>\n<p>Nos pusimos en contacto con Ben (tambi\u00e9n un seud\u00f3nimo) para entrevistarlo debido a su colaboraci\u00f3n con otra organizaci\u00f3n de derechos humanos, con el fin de preguntarle sobre el tratamiento m\u00e9dico que reciben los palestinos en las c\u00e1rceles israel\u00edes tras los atentados del 7 de octubre. Durante nuestra conversaci\u00f3n, cuando se enter\u00f3 de que est\u00e1bamos escribiendo sobre el centro m\u00e9dico de Sde Teiman, nos cont\u00f3 que a \u00e9l tambi\u00e9n lo hab\u00edan llamado a finales de 2023 para prestar servicio all\u00ed.<\/p>\n<p>Ben, un m\u00e9dico mucho m\u00e1s joven que los otros a los que entrevistamos, trabaja en uno de los hospitales p\u00fablicos de Israel. Record\u00f3 que un colega le pidi\u00f3 que ayudara a realizar una intervenci\u00f3n a un paciente de Gaza al que hab\u00eda tratado anteriormente. Inmediatamente se subi\u00f3 a su coche y condujo hasta Sde Teiman, siguiendo las indicaciones que le hab\u00edan dado por tel\u00e9fono, sin saber exactamente ad\u00f3nde iba.<\/p>\n<p>Una vez en el centro m\u00e9dico, Ben dijo que se qued\u00f3 asombrado por lo que vio. Aunque era finales de diciembre y el lugar llevaba m\u00e1s de dos meses en funcionamiento, \u201clos pacientes segu\u00edan sin llevar nada m\u00e1s que pa\u00f1ales\u201d. Nos cont\u00f3 que segu\u00edan <a href=\"https:\/\/www.nytimes.com\/2024\/06\/06\/world\/middleeast\/israel-gaza-detention-base.html?ref=oembed\" rel=\"nofollow noopener\" target=\"_blank\">esposados<\/a> a sus camas y <a href=\"https:\/\/www.haaretz.com\/israel-news\/%202024-04-04\/ty-article\/.premium\/doctor-at-idf-field-hospital-for-detained-gazans-we-are-all-complicit-in-breaking-law\/0000018e-a59c-dfed-ad9f-afdfb5ce0000\" rel=\"nofollow noopener\" target=\"_blank\">con los ojos vendados<\/a> en todo momento, incluso mientras recib\u00edan tratamiento m\u00e9dico. No se les permit\u00eda levantarse de la cama, por lo que ten\u00edan que defecar en ella cuando necesitaban hacer sus necesidades.<\/p>\n<p>Ben llev\u00f3 a cabo el procedimiento que se le hab\u00eda encomendado. Pero una vez lleg\u00f3 a casa, se dio cuenta de la realidad de lo que hab\u00eda presenciado: \u201cDecid\u00ed no volver a pisar ese centro nunca m\u00e1s\u201d.<\/p>\n<p>Como estaban esposados, el personal de enfermer\u00eda ten\u00eda que hacerlo todo por los pacientes. Los lavaban, les cambiaban los pa\u00f1ales e incluso ten\u00edan que alimentar a algunos de ellos con comida l\u00edquida a trav\u00e9s de <a href=\"https:\/\/edition.cnn.com\/2024\/05\/10\/middleeast\/israel-sde-teiman-detention-whistleblowers-intl-cmd\/index.html\" rel=\"nofollow noopener\" target=\"_blank\">pajitas<\/a>. Estos relatos fueron confirmados por los otros dos m\u00e9dicos que entrevistamos y que hab\u00edan trabajado en el centro.<\/p>\n<p>            Los m\u00e9dicos describen las condiciones dentro del centro m\u00e9dico de Sde Teiman: BBC News, mayo de 2024.<\/p>\n<p>Nathan nos dijo varias veces: \u201cDeb\u00e9is destacar el cuidado y la dedicaci\u00f3n de las enfermeras\u201d, que ba\u00f1aban, alimentaban y cuidaban a personas a las que pocos estaban dispuestos a atender. Sin embargo, aunque esto es sin duda digno de menci\u00f3n, especialmente en aquellas circunstancias, la mayor\u00eda de estos pacientes habr\u00edan podido ir al ba\u00f1o, ducharse y alimentarse por s\u00ed mismos si no hubieran estado inmovilizados en sus camas las 24 horas del d\u00eda. El uso indiscriminado de tales restricciones en los pacientes <a href=\"https:\/\/www.haaretz.com\/israel-news\/%202022-04-04\/ty-article\/.premium\/96-of-prisoners-brought-to-israeli-hospitals-are-cuffed-even-when-too-frail-to\/00000180-5ba3-db1e-a1d4-dfe3b9880000\" rel=\"nofollow noopener\" target=\"_blank\">viola la ley israel\u00ed<\/a>, y se considera una forma de tortura seg\u00fan los c\u00f3digos \u00e9ticos tanto de <a href=\"https:\/\/www.ima.org.il\/Main\/EditClinicalInstruction.aspx?ClinicalInstructionId=157\" rel=\"nofollow noopener\" target=\"_blank\">Israel<\/a> como <a href=\"https:\/\/www.wma.net\/what-we-do\/medical-ethics\/declaration-of-tokyo\/\" rel=\"nofollow noopener\" target=\"_blank\">internacionales<\/a>.<\/p>\n<p>\u201cAl principio, [el uso de esposas] puede haber sido necesario porque trat\u00e1bamos a personas muy peligrosas\u201d que acababan de cometer una brutal masacre, explic\u00f3 Nathan. Describi\u00f3 un grave ataque a una empleada del que fue testigo y confirm\u00f3: \u201cTuvimos varios casos en los que los pacientes agredieron al personal\u201d.<\/p>\n<p>Pero, continu\u00f3, \u201cno ten\u00edan justificaci\u00f3n despu\u00e9s de las primeras semanas. Para entonces, se podr\u00edan haber implementado otras precauciones y se podr\u00edan haber realizado evaluaciones para determinar qui\u00e9n pod\u00eda suponer un peligro para el personal y a\u00fan necesitaba estar esposado\u201d. <\/p>\n<p>Nathan dijo que, al final, muchos de los pacientes atendidos por los m\u00e9dicos y enfermeras no eran peligrosos. \u201cSe deber\u00edan haber tomado medidas para que esos pacientes pudieran ser atendidos en un hospital general en Israel\u201d.<\/p>\n<p>Tras visitar las instalaciones m\u00e9dicas de Sde Teiman a finales de febrero de 2024, los miembros del comit\u00e9 \u00e9tico del Ministerio de Sanidad israel\u00ed <a href=\"https:\/\/www.haaretz.com\/israel-news\/2024-03-12\/ty-article\/.premium\/nameless-shackled-blindfolded-medical-treatment-of-detainees-from-gaza-examined\/0000018e-327a-d5ad-addf-7e7bca660000\" rel=\"nofollow noopener\" target=\"_blank\">informaron<\/a> de que todos los pacientes segu\u00edan encadenados a sus camas por las cuatro extremidades, a pesar de que el propio ej\u00e9rcito israel\u00ed <a href=\"http:\/\/www.haaretz.com\/israel-news\/2023-12-12\/ty-article-magazine\/.premium\/even-a-picture-of-all-the-hostages-returning-home-wouldnt-be-an-image-of-victory\/0000018c-5d91-de43-affd-fd93d60e0000\" rel=\"nofollow noopener\" target=\"_blank\">admiti\u00f3<\/a>, en diciembre de 2023, que muchos de los detenidos en Sde Teiman no eran sospechosos de estar relacionados con Ham\u00e1s u otras facciones militantes. Muchos de los encarcelados en Sde Teiman, incluidos algunos que hab\u00edan permanecido detenidos durante meses y estaban encadenados a sus camas, acabar\u00edan siendo <a href=\"https:\/\/www.ha-makom.co.il\/1059215-2\/\" rel=\"nofollow noopener\" target=\"_blank\">liberados sin cargos<\/a>.<\/p>\n<p>\u2018Hicimos todo lo que pudimos\u2019<\/p>\n<p>El relato de Nathan fue respaldado por nuestro tercer entrevistado, Yoel Donchin, un anestesista s\u00e9nior que tambi\u00e9n prest\u00f3 servicio en el centro m\u00e9dico durante muchos meses. Donchin describi\u00f3 algunos de los pacientes que trat\u00f3 <a href=\"https:\/\/www.nytimes.com\/2024\/06\/06\/world\/middleeast\/israel-gaza-detention-base.html\" rel=\"nofollow noopener\" target=\"_blank\">al New York Times<\/a> en junio de 2024, explicando que uno era parapl\u00e9jico, otro padec\u00eda obesidad m\u00f3rbida y un tercero hab\u00eda necesitado utilizar un tubo respiratorio desde la infancia. Donchin concluy\u00f3 que era \u201cmuy improbable\u201d que alguno de ellos hubiera participado en los combates. \u201cSe llevan a todo el mundo\u201d, dijo, refiri\u00e9ndose a las acciones del ej\u00e9rcito israel\u00ed en Gaza.<\/p>\n<p>Como ya hab\u00eda <a href=\"https:\/\/www.haaretz.com\/israel-news\/%202024-07-30\/ty-article\/.premium\/doctor-who-saw-abused-gazan-detainee-i-couldnt-believe-an-israeli-jailer-could-do-this\/00000191-0436-df85-a399-ed36f4800000\" rel=\"nofollow noopener\" target=\"_blank\">hablado<\/a> <a href=\"https:\/\/www.bbc.co.uk\/news\/articles\/crgygdr7vezo\" rel=\"nofollow noopener\" target=\"_blank\">p\u00fablicamente<\/a> <a href=\"https:\/\/www.haaretz.com\/opinion\/2024-04-21\/%20ty-article-opinion\/.premium\/luchamos-por-salvar-a-nuestros-pacientes-de-Gaza-incluso-cuando-est%C3%A1n-esposados-y-con-los-ojos-vendados\/0000018e-ecbf-dd51-a79e-febf6a550000\" rel=\"nofollow noopener\" target=\"_blank\">sobre<\/a> sus experiencias en las instalaciones, Donchin fue f\u00e1cil de localizar. A diferencia de Nathan y Ben, no le import\u00f3 que utiliz\u00e1ramos su nombre real y no tuvo reservas sobre su participaci\u00f3n all\u00ed.<\/p>\n<p>Despu\u00e9s de defender p\u00fablicamente su decisi\u00f3n de prestar servicio en el centro, Donchin y el resto del equipo m\u00e9dico que trabajaba all\u00ed fueron criticados por organizaciones de derechos humanos, incluidos miembros de la junta directiva de Pcati. Tratar a los pacientes all\u00ed, <a href=\"https:\/\/www.haaretz.co.il\/opinions\/2024-04-15\/ty-article-opinion\/.premium\/0000018e-e1c5-d4da-a18f-ede7f9270000\" rel=\"nofollow noopener\" target=\"_blank\">afirmaron<\/a>, era \u201cuna verg\u00fcenza moral y una violaci\u00f3n de todos los principios \u00e9ticos\u201d a los que deben comprometerse los m\u00e9dicos.<\/p>\n<p>Sin embargo, tras un par de horas de larga conversaci\u00f3n en su tranquila casa de las afueras de Tel Aviv, empezamos a conciliar los datos que ten\u00edamos sobre Sde Teiman con el relato de Donchin sobre su experiencia trabajando en el centro m\u00e9dico. \u00c9l compar\u00f3 la situaci\u00f3n en Israel inmediatamente despu\u00e9s del 7 de octubre con \u201cun suceso con m\u00faltiples v\u00edctimas\u201d, y explic\u00f3 que, en tales condiciones, \u201cla \u00e9tica m\u00e9dica es diferente\u201d. En el caos de las primeras semanas tras los ataques, nos dijo, \u201cnadie sab\u00eda lo que estaba haciendo. Los hospitales estaban abarrotados de pacientes y el sistema estaba desbordado\u201d.<\/p>\n<p>Donchin dijo que incluso algunos soldados israel\u00edes heridos en el ataque de Ham\u00e1s no pudieron recibir toda la atenci\u00f3n que necesitaban. Tras el 7 de octubre, nos dijo: \u201cTodo el sistema sanitario [israel\u00ed] estaba completamente desorganizado. Durante el primer mes, no se pod\u00eda hablar de Estado en absoluto\u201d.<\/p>\n<p>            <a href=\"https:\/\/images.theconversation.com\/files\/690022\/original\/file-20250909-56-elyydz.jpg?ixlib=rb-4.1.0&amp;q=45&amp;auto=format&amp;w=1000&amp;fit=clip\" rel=\"nofollow noopener\" target=\"_blank\"><img decoding=\"async\" alt=\"Un manifestante brit\u00e1nico con un cartel en el que se pide la liberaci\u00f3n de los \u00abrehenes\u00bb de Sde Teiman.\" class=\"lazyload\" src=\"https:\/\/www.europesays.com\/es\/wp-content\/uploads\/2025\/09\/file-20250909-56-elyydz.jpg\"  \/><\/a><\/p>\n<p>              Un manifestante brit\u00e1nico pide la liberaci\u00f3n de las personas detenidas en Sde Teiman, enero de 2025.<br \/>\n              <a class=\"source\" href=\"https:\/\/www.alamy.com\/london-england-uk-18th-jan-2025-a-protester-holds-a-sign-calling-for-the-release-of-palestinian-hostages-from-sde-teiman-camp-as-thousands-of-people-gather-in-whitehall-in-support-of-palestine-ahead-of-the-purported-ceasefire-between-israel-and-hamas-credit-image-vuk-valciczuma-press-wire-editorial-usage-only!-not-for-commercial-usage!-image641358544.html?imageid=9736B5B7-DDB6-49F6-8363-A69CF2F26CF9&amp;pn=1&amp;searchId=42515971329e42c1926d88b64d4e06d5&amp;searchtype=0\" rel=\"nofollow noopener\" target=\"_blank\">Zuma\/Alamy<\/a><\/p>\n<p>En medio de este caos, Donchin nos dijo: \u201cHicimos todo lo que pudimos\u201d. Explic\u00f3 que, cuando no se suministraba la nutrici\u00f3n que necesitaban los pacientes, el personal la compraba por su cuenta. Cuando alguien necesitaba ser atendido por un especialista, recurr\u00edan a sus redes personales para traer a colegas con la experiencia necesaria, ya fuera para que acudieran al centro o, cuando eso no era posible, para que dieran consejos a trav\u00e9s de una videollamada.<\/p>\n<p>Sin embargo, aunque estas medidas de emergencia pueden haber sido eficaces, \u201cno deber\u00edan haber sido la soluci\u00f3n\u201d. En \u00faltima instancia, dijo Donchin, estas \u201cconcesiones e improvisaciones\u201d significaban que los m\u00e9dicos estaban operando bajo \u201cuna bandera negra de ilegalidad\u201d.<\/p>\n<p>Seg\u00fan el experto en \u00e9tica m\u00e9dica que asesor\u00f3 a los m\u00e9dicos que trabajaban en Sde Teiman: \u201cEn este primer mes, tratar a quienes acababan de participar en la masacre plante\u00f3 retos particulares\u201d, porque algunos eran muy peligrosos y agresivos. \u201cLos hospitales generales no est\u00e1n preparados para tratar a pacientes que suponen tal riesgo para el personal\u201d.<\/p>\n<p>Sin embargo, tambi\u00e9n afirm\u00f3 que \u201cIsrael contaba con planes de contingencia detallados para tal escenario, que inclu\u00edan la preparaci\u00f3n de una sala dedicada a los combatientes enemigos en uno de los principales hospitales. Pero nunca se llevaron a cabo\u201d.<\/p>\n<p>\u2018Deber\u00edan dejar que se pudriese\u2019<\/p>\n<p>Muchos de los casi 200 militantes de Ham\u00e1s que participaron en los ataques del 7 de octubre y fueron capturados en Israel resultaron heridos en los combates. Al principio fueron trasladados a hospitales generales, pero la noticia se difundi\u00f3 r\u00e1pidamente, lo que provoc\u00f3 <a href=\"https:\/\/www.inn.co.il\/news\/634667\" rel=\"nofollow noopener\" target=\"_blank\">numerosas respuestas de turbas<\/a> que asaltaban <a href=\"https:\/\/www.mako.co.il\/news-israel\/2024_q2\/Article-621507cecc7ce81026.htm\" rel=\"nofollow noopener\" target=\"_blank\">las salas de los hospitales<\/a> y <a href=\"https:\/\/www.haaretz.com\/israel-news\/%202023-10-17\/ty-article\/.premium\/israeli-hospital-refuses-to-treat-hamas-terrorist-sources-cite-national-feelings\/0000018b-3e79-d2b8-a7db-fe7f7c320000\" rel=\"nofollow noopener\" target=\"_blank\">atacaban al personal<\/a> y a pacientes que sospechaban que eran palestinos.<\/p>\n<p>Para proteger la seguridad tanto de los pacientes como del personal, los hospitales israel\u00edes comenzaron a negarse a admitir a estos pacientes. Pero algunos miembros del personal m\u00e9dico tambi\u00e9n expresaron \u201c<a href=\"https:\/\/www.nbcnews.com\/news\/world\/israeli-doctors-confront-heated-question-hamas-attack-treat-terrorist-rcna120047\" rel=\"nofollow noopener\" target=\"_blank\">dificultades<\/a>\u201d para tratar a aquellos que sospechaban que hab\u00edan cometido las atrocidades del 7 de octubre.<\/p>\n<p>El 11 de octubre de 2023, Moshe Arbel, ministro de Sanidad de Israel en aquel momento, respald\u00f3 oficialmente esta reticencia mediante la promulgaci\u00f3n de una ordenanza <a href=\"https:\/\/www.ynetnews.com\/article\/r1ft24411t\" rel=\"nofollow noopener\" target=\"_blank\">en la que se establec\u00eda<\/a> que los hospitales generales no deb\u00edan tratar a \u201cterroristas de Gaza\u201d. Esta directriz tambi\u00e9n permiti\u00f3 a los hospitales israel\u00edes <a href=\"https:\/\/www.phr.org.il\/wp-content\/uploads\/2024\/02\/5845_Imprisoned_Paper_Eng.pdf\" rel=\"nofollow noopener\" target=\"_blank\">denegar la atenci\u00f3n m\u00e9dica<\/a> a cualquier palestino procedente de cualquier centro penitenciario.<\/p>\n<p>El personal que trabajaba en algunos de estos hospitales nos cont\u00f3 despu\u00e9s que hab\u00eda o\u00eddo con frecuencia a sus compa\u00f1eros hacer declaraciones como \u201cGaza deber\u00eda ser borrada del mapa\u201d o \u201cen mi opini\u00f3n, todos los beb\u00e9s de Gaza son terroristas y pueden morir\u201d, a veces en reuniones formales del personal y delante de compa\u00f1eros palestinos.<\/p>\n<p>Tambi\u00e9n escuchamos historias de personal m\u00e9dico que mostraba un desprecio expl\u00edcito por las lesiones y el bienestar de aquellos que sospechaban que formaban parte de la <a href=\"https:\/\/www.cnbctv18.com\/world\/israel-hamas-war-who-are-nukhba-force-military-unit-palestine-army-gaza-idf%20-18042121.htm\" rel=\"nofollow noopener\" target=\"_blank\">fuerza Nukhba<\/a> y, en algunos casos, de los detenidos palestinos de Gaza en general.<\/p>\n<p>Por ejemplo, Nathan nos cont\u00f3 que llam\u00f3 a un especialista de alto nivel cuando necesitaba asesoramiento urgente sobre el tratamiento de uno de los detenidos en Sde Teiman, solo para que le dijeran: \u201cEn mi opini\u00f3n, hay que dejar que se pudra\u201d. Y seg\u00fan Ben: \u201cEl 8 de octubre, fui testigo de c\u00f3mo un m\u00e9dico insertaba un tubo en los pulmones de un paciente de la fuerza Nukhba sin anestesiarlo. Probablemente hubo otros casos similares\u201d.<\/p>\n<p>\u201cParad\u00f3jicamente\u201d, nos dijo Ben, \u201clos m\u00e9dicos del centro m\u00e9dico de Sde Teiman ten\u00edan un compromiso y una comprensi\u00f3n mucho m\u00e1s profundos de su responsabilidad de atender a estos pacientes\u201d. Seg\u00fan \u00e9l, era en los hospitales generales donde hab\u00eda encontrado m\u00e1s \u201cviolencia verbal, menos atenci\u00f3n\u201d y algunos casos de maltrato f\u00edsico.<\/p>\n<p>Seg\u00fan quienes trabajaban en Sde Teiman, al tratarse de un centro improvisado, con falta de equipamiento y personal, si un paciente necesitaba un tratamiento urgente que no se pod\u00eda proporcionar in situ, a veces se le trasladaba a uno de los hospitales generales de Israel. Nathan describi\u00f3 c\u00f3mo pasaba largas horas al tel\u00e9fono cada vez, llamando a diferentes centros hospitalarios hasta que encontraba uno dispuesto a admitir al paciente. Pero era precisamente la existencia del centro m\u00e9dico de Sde Teiman lo que permit\u00eda a muchos hospitales eludir sus responsabilidades, ya que, aparentemente, estos pacientes ya estaban recibiendo tratamiento.<\/p>\n<p>Y cuando se realizaba una intervenci\u00f3n hospitalaria, los pacientes eran r\u00e1pidamente enviados de vuelta al centro m\u00e9dico de Sde Teiman, tal y como se describe en esta <a href=\"https:\/\/www.haaretz.com\/israel-news\/2024-04-04\/%20ty-article\/.premium\/doctor-at-idf-field-hospital-for-detained-gazans-we-are-all-complicit-in-breaking-law\/0000018e-a59c-dfed-ad9f-afdfb5ce0000\" rel=\"nofollow noopener\" target=\"_blank\">carta filtrada<\/a> dirigida al Ministerio de Salud de Israel por un m\u00e9dico que trabajaba en el centro:<\/p>\n<blockquote>\n<p>\u201cLos pacientes que han sido sometidos a operaciones importantes, como cirug\u00edas abdominales para resecciones intestinales, son trasladados, tras aproximadamente una hora de observaci\u00f3n postoperatoria, al centro m\u00e9dico de Sde Teiman, que cuenta con un solo m\u00e9dico durante la mayor parte del d\u00eda, acompa\u00f1ado de un equipo de enfermer\u00eda, algunos de los cuales solo tienen formaci\u00f3n m\u00e9dica\u201d.<\/p>\n<\/blockquote>\n<p>Finalmente, el personal del centro m\u00e9dico de Sde Teiman consigui\u00f3 que algunos pacientes fueran liberados de las esposas que les ataban a la cama por las cuatro extremidades y que pudieran llevar batas de hospital en lugar de pa\u00f1ales. Pero, independientemente de sus esfuerzos por proporcionar una mejor atenci\u00f3n, y a pesar de sus importantes luchas y \u00e9xitos parciales, tratarlos all\u00ed era, en opini\u00f3n de muchos observadores y de algunos de los propios m\u00e9dicos, convertirse en c\u00f3mplices de violaciones del derecho internacional y de Israel.<\/p>\n<p>La carta an\u00f3nima enviada al Ministerio de Salud de Israel afirmaba que las condiciones del centro a menudo provocaban \u201ccomplicaciones y, en ocasiones, incluso la muerte del paciente\u201d:<\/p>\n<blockquote>\n<p>\u201cEsto nos convierte a todos \u2013a los equipos m\u00e9dicos y a los responsables de los ministerios de Sanidad y Defensa\u2013 en c\u00f3mplices de la violaci\u00f3n de la legislaci\u00f3n israel\u00ed y, lo que es peor para m\u00ed como m\u00e9dico, de la violaci\u00f3n de mi compromiso b\u00e1sico con los pacientes, est\u00e9n donde est\u00e9n, tal y como jur\u00e9 cuando me licenci\u00e9 hace 20 a\u00f1os\u201d.<\/p>\n<\/blockquote>\n<p>El dilema de los m\u00e9dicos<\/p>\n<p>Ben solo visit\u00f3 el centro m\u00e9dico de Sde Teiman una vez, pero el remordimiento le acompa\u00f1a desde entonces. \u201cDeber\u00eda haber dado media vuelta en cuanto vi que ten\u00edan a los pacientes desnudos y esposados a sus camas\u201d, nos cont\u00f3. \u201cTratar a los pacientes all\u00ed no solo era una violaci\u00f3n de nuestros <a href=\"https:\/\/iris.who.int\/bitstream\/handle\/10665\/128603\/9789289050593-eng.pdf\" rel=\"nofollow noopener\" target=\"_blank\">c\u00f3digos \u00e9ticos<\/a> como m\u00e9dicos, sino que era participar en cr\u00edmenes de guerra, si no en cr\u00edmenes contra la humanidad. Eso era algo que no estaba dispuesto a considerar\u201d.<\/p>\n<p>Continu\u00f3 diciendo: \u201cPrestar servicio all\u00ed mitig\u00f3 eficazmente la crisis que se hubiese producido si ning\u00fan m\u00e9dico hubiera aceptado hacerlo. El personal m\u00e9dico permiti\u00f3 que las instalaciones de Sde Teiman siguieran funcionando, y la existencia de dichas instalaciones permiti\u00f3 a los hospitales negarse a tratar a esos pacientes\u201d.<\/p>\n<p>Aunque el campo de detenci\u00f3n de Sde Teiman alberg\u00f3 a cientos de detenidos durante largos periodos, su centro m\u00e9dico no pod\u00eda tratar a m\u00e1s de 15 pacientes a la vez. Por lo general, solo se atend\u00eda a quienes ten\u00edan lesiones graves, a menudo cuando su estado ya se hab\u00eda deteriorado. Seg\u00fan nuestros entrevistados, esto significaba que las lesiones se infectaban con frecuencia, lo que provocaba amputaciones de extremidades que se podr\u00edan haber evitado f\u00e1cilmente.<\/p>\n<p>En el campo de detenci\u00f3n principal, las enfermedades no tratadas causaban complicaciones, debilidad y, <a href=\"http:\/\/www.phr.org.il\/wp-content\/uploads\/2024\/03\/Death-in-Israeli-Prisons-28.03.24-Ver.pdf\" rel=\"nofollow noopener\" target=\"_blank\">en algunos casos, la muerte<\/a>. Los <a href=\"https:\/\/www.haaretz.com\/israel-news\/2024-06-03\/ty-article\/.premium\/idf-conducts-criminal-investigation-into-48-deaths-of-gazans-in-the-war-mostly-detainees\/0000018f-dd46-db0d-a98f-dd4f27950000\" rel=\"nofollow noopener\" target=\"_blank\">datos p\u00fablicos m\u00e1s recientes<\/a> muestran que, entre octubre de 2023 y julio de 2024, al menos 36 detenidos fallecieron dentro de Sde Teiman. En menor medida, la retirada de la atenci\u00f3n m\u00e9dica tambi\u00e9n se ha convertido en la <a href=\"https:\/\/www.btselem.org\/publications\/202408_welcome_to_hell\" rel=\"nofollow noopener\" target=\"_blank\">norma<\/a> en otras <a href=\"https:\/\/www.phr.org.il\/wp-content\/uploads\/2024\/03\/Death-in-Israeli-Prisons-28.03.24-Ver.pdf\" rel=\"nofollow noopener\" target=\"_blank\">prisiones y centros de detenci\u00f3n<\/a> donde se encuentran recluidos palestinos. Seg\u00fan los datos m\u00e1s recientes (a\u00fan sin publicar) que hemos recibido de <a href=\"https:\/\/www.phr.org.il\/en\/about\/\" rel=\"nofollow noopener\" target=\"_blank\">M\u00e9dicos por los Derechos Humanos (Israel)<\/a>, entre octubre de 2023 y julio de 2025, 52 palestinos han fallecido en instalaciones militares y 41 en prisiones israel\u00edes.<\/p>\n<p>            <a href=\"https:\/\/images.theconversation.com\/files\/690021\/original\/file-20250909-56-ra2997.jpg?ixlib=rb-4.1.0&amp;q=45&amp;auto=format&amp;w=1000&amp;fit=clip\" rel=\"nofollow noopener\" target=\"_blank\"><img decoding=\"async\" alt=\"Un oficial del ej\u00e9rcito habla con activistas israel\u00edes durante una protesta.\" class=\"lazyload\" src=\"https:\/\/www.europesays.com\/es\/wp-content\/uploads\/2025\/09\/file-20250909-56-ra2997.jpg\"  \/><\/a><\/p>\n<p>              Un oficial del ej\u00e9rcito habla con activistas israel\u00edes que protestan por la detenci\u00f3n de nueve reservistas militares acusados de abusar sexualmente de un detenido en Sde Teiman.<br \/>\n              <a class=\"source\" href=\"https:\/\/www.alamy.com\/israel-29th-july-2024-an-idf-officer-speaks-with-right-wing-activists-as-they-try-to-brake-into-the-beit-lid-base-israeli-right-wing-activists-demonstrated-with-masked-idf-reservists-from-the-100-force-and-broke-into-beit-lid-military-police-base-following-the-detention-of-9-military-reservists-from-the-unit-today-who-were-suspected-of-sexual-abuse-of-a-detainee-following-the-october-7-attack-in-israel-at-the-sde-teiman-compound-beit-lid-israel-july-30th-2024-matan-golansipa-usa-credit-sipa-usaalamy-live-news-image615214740.html?imageid=B70CC807-8049-4935-AAFE-AFA258DDD4F4&amp;pn=1&amp;searchId=7ed9841e39f6028dbd7f0b21186ba55f&amp;searchtype=0\" rel=\"nofollow noopener\" target=\"_blank\">Sipa USA\/Alamy<\/a><\/p>\n<p>Negar atenci\u00f3n m\u00e9dica a una persona encarcelada puede constituir en s\u00ed mismo un acto de tortura. Aunque com\u00fanmente al escuchar la palabra tortura podemos pensar en huesos rotos, u\u00f1as arrancadas o descargas el\u00e9ctricas, esta puede adoptar muchas otras formas. Cuando alguien est\u00e1 enfermo o herido, negarle el tratamiento que necesita e impedirle recibir cualquier tipo de alivio para el dolor puede ser una forma de causarle un dolor insoportable y un sufrimiento innecesario.<\/p>\n<p>Para Donchin, negarse a tratar a los pacientes habr\u00eda significado convertirse en c\u00f3mplice de este delito. \u201cPara m\u00ed, la alternativa \u2013no proporcionar ning\u00fan tipo de atenci\u00f3n, no mostrar compasi\u00f3n\u2013 era imposible\u201d, afirm\u00f3, y a\u00f1adi\u00f3 que una cosa es pensar en estas cuestiones en teor\u00eda y otra muy distinta es ver a una persona sufriendo delante de ti.<\/p>\n<p>Por el contrario, para Ben, lo \u00fanico correcto era negarse a trabajar en las instalaciones m\u00e9dicas temporales de Sde Teiman, sobre todo cuando hab\u00eda hospitales de \u00faltima generaci\u00f3n a poca distancia en coche. \u201cTratar a los pacientes all\u00ed no los salva, ya que los deja fuera del sistema sanitario que podr\u00eda haberles proporcionado el tratamiento vital que tanto necesitaban\u201d, nos dijo.<\/p>\n<p>Pero, al concluir nuestra conversaci\u00f3n, a\u00f1adi\u00f3: \u201cNo hay respuestas correctas aqu\u00ed. Es una gran tragedia, se mire como se mire\u201d.<\/p>\n<p>El centro m\u00e9dico de Sde Teiman cerr\u00f3 finalmente en octubre de 2024, cuando, tras una petici\u00f3n al Tribunal Superior de Justicia de Israel por parte de varias organizaciones de derechos humanos, entre ellas Pcati y M\u00e9dicos por los Derechos Humanos, se redujo significativamente la poblaci\u00f3n del principal campo de detenci\u00f3n.<\/p>\n<p>Cuando Nathan se sent\u00f3 a hablar con nosotros, el centro m\u00e9dico llevaba cerrado varios meses. Pero el hombre con el que nos reunimos segu\u00eda completamente abatido, visiblemente destrozado. No dejaba de preguntarse si hab\u00eda hecho lo suficiente, o si deber\u00eda o podr\u00eda haber hecho m\u00e1s. Fue entonces cuando lleg\u00f3 a la conclusi\u00f3n: \u201cQuiz\u00e1s podr\u00edamos haber hecho algo con respecto al campo en s\u00ed\u201d.<\/p>\n<p>Aunque nunca pis\u00f3 el campo principal, nos dijo que pod\u00eda o\u00edr muy claramente los gritos y los ladridos de los perros. \u201cQuiz\u00e1s podr\u00edamos haber hecho m\u00e1s con respecto al campo en s\u00ed\u201d.<\/p>\n<p>Mientras que Ben y Donchin parec\u00edan encontrar cierto consuelo en su convicci\u00f3n de que hab\u00edan hecho lo correcto (a pesar de llegar a conclusiones opuestas), Nathan no compart\u00eda esa certeza. Por un lado, ten\u00eda claro que se hab\u00eda convertido en c\u00f3mplice de los cr\u00edmenes. Las condiciones de las instalaciones m\u00e9dicas ni siquiera cumpl\u00edan con lo que \u00e9l denominaba la \u201cley m\u00ednima\u201d que Israel hab\u00eda <a href=\"https:\/\/stoptorture.org.il\/wp-content\/uploads\/2024\/09\/Incarceration-of-Unlawful-Combatants-Law_July-2024.pdf\" rel=\"nofollow noopener\" target=\"_blank\">adaptado<\/a> para tratar a estas personas, por no hablar del derecho internacional de los derechos humanos y todos los c\u00f3digos \u00e9ticos m\u00e9dicos.<\/p>\n<p>Sin embargo, al mismo tiempo, Nathan sent\u00eda que no pod\u00eda abandonar a estos pacientes. Cuando nos reunimos con \u00e9l, todav\u00eda estaba dividido por lo que hab\u00eda hecho, todav\u00eda se preguntaba si hab\u00eda tomado las decisiones correctas.<\/p>\n<p>Un legado de tortura<\/p>\n<p>El uso de la tortura por parte de Israel no comenz\u00f3 en octubre de 2023. En el transcurso de <a href=\"https:\/\/gtr.ukri.org\/projects?ref=ES%2FV012622%2F1\" rel=\"nofollow noopener\" target=\"_blank\">nuestra investigaci\u00f3n<\/a>, hemos analizado m\u00e1s de 1\u00a0500 de los <a href=\"https:\/\/www.omct.org\/en\/network-members\/public-committee-against-torture-in-israel-pcati\" rel=\"nofollow noopener\" target=\"_blank\">casos de tortura registrados por Pcati<\/a> en los 25 a\u00f1os anteriores a los ataques. Todos ellos han sido <a href=\"https:\/\/stoptorture.org.il\/wp-content\/uploads\/2021\/06\/Documenting-Torture-Handbook.FINAL_.pdf\" rel=\"nofollow noopener\" target=\"_blank\">analizados minuciosamente<\/a> por cumplir la definici\u00f3n establecida por la <a href=\"https:\/\/legal.un.org\/avl\/ha\/catcidtp\/catcidtp.html\" rel=\"nofollow noopener\" target=\"_blank\">Convenci\u00f3n de las Naciones Unidas contra la Tortura<\/a>. <\/p>\n<p>Comparando nuestros hallazgos con los testimonios que han surgido en los \u00faltimos dos a\u00f1os, podemos afirmar con certeza que el uso de la tortura por parte de las fuerzas de seguridad israel\u00edes ha aumentado tanto en escala como en gravedad desde entonces, aunque esto ha sido negado por el <a href=\"https:\/\/www.bbc.co.uk\/news\/articles\/cqldpyn5ng6o\" rel=\"nofollow noopener\" target=\"_blank\">gobierno<\/a> y el <a href=\"https:\/\/www.bbc.co.uk\/news\/articles\/cn7vje365rno\" rel=\"nofollow noopener\" target=\"_blank\">ej\u00e9rcito<\/a>.<\/p>\n<p>Seg\u00fan <a href=\"https:\/\/www.ohchr.org\/en\/press-releases\/2024\/07\/un-report-palestinian-detainees-held-arbitrarily-and-secretly-subjected\" rel=\"nofollow noopener\" target=\"_blank\">numerosos<\/a> <a href=\"https:\/\/www.hrw.org\/news\/2024\/07\/23\/israel-detainees-face-inhumane-treatment\" rel=\"nofollow noopener\" target=\"_blank\">informes<\/a> <a href=\"https:\/\/www.amnesty.org.uk\/press-releases\/israel-palestinians-gaza-held-secret-detention-describe-torture-new-testimonies\" rel=\"nofollow noopener\" target=\"_blank\">verificados<\/a>, muchos de los detenidos en Sde Teiman fueron sometidos a <a href=\"https:\/\/www.unrwa.org\/sites\/default\/files\/content\/resources\/summary_on_detention_and_alleged_ill-treatmentupdated.pdf\" rel=\"nofollow noopener\" target=\"_blank\">violencia sexual<\/a>, desde desnudos forzados y humillaciones hasta <a href=\"https:\/\/www.bbc.co.uk\/news\/articles\/cqldpyn5ng6o\" rel=\"nofollow noopener\" target=\"_blank\">violaciones<\/a>; esposas constantes que provocaron lesiones y, en algunos casos, la <a href=\"https:\/\/www.haaretz.com\/israel-news\/2024-04-04\/ty-article\/.premium\/doctor-at-idf-field-hospital-for-detained-gazans-we-are-all-complicit-in-breaking-law\/0000018e-a59c-dfed-ad9f-afdfb5ce0000\" rel=\"nofollow noopener\" target=\"_blank\">amputaci\u00f3n<\/a> de extremidades; y palizas con porras, barras de metal y culatas de armas y botas, a veces hasta que los detenidos perd\u00edan el conocimiento.<\/p>\n<p>Se <a href=\"https:\/\/www.btselem.org\/publications\/202408_welcome_to_hell\" rel=\"nofollow noopener\" target=\"_blank\">denunciaron<\/a> pr\u00e1cticas similares en casi todas las prisiones y centros de detenci\u00f3n israel\u00edes donde se recluy\u00f3 a palestinos tras los atentados del 7 de octubre.<\/p>\n<p>Los relatos de los m\u00e9dicos que trabajan en Sde Teiman no deben distraer la atenci\u00f3n de la gravedad de esta historia m\u00e1s amplia de <a href=\"https:\/\/www.bbc.co.uk\/news\/articles\/cn7vje365rno\" rel=\"nofollow noopener\" target=\"_blank\">abusos y torturas<\/a>. Pero los dilemas a los que se enfrentaron los m\u00e9dicos y el impacto que esto ha tenido en sus vidas muestran las complejidades, si no imposibilidades, a las que se enfrentan los israel\u00edes que intentan resistirse a las <a href=\"https:\/\/www.theguardian.com\/world\/ng-interactive\/2025\/aug\/21\/revealed-israeli-militarys-own-data-indicates-civilian-death-rate-of-83-in-gaza-war\" rel=\"nofollow noopener\" target=\"_blank\">atrocidades que Israel ha estado cometiendo en Gaza<\/a> (y <a href=\"https:\/\/www.aljazeera.com\/news\/2025\/8\/27\/child-arrested-at-least-80-injured-during-israeli-raid-on-nablus\" rel=\"nofollow noopener\" target=\"_blank\">Cisjordania<\/a>) tras los ataques del 7 de octubre.<\/p>\n<p>            <img decoding=\"async\" alt=\"Un trabajador palestino de un hospital inspecciona los da\u00f1os causados por un bombardeo en un almac\u00e9n.\" class=\"lazyload\" src=\"https:\/\/www.europesays.com\/es\/wp-content\/uploads\/2025\/09\/file-20250909-56-aip9hc.jpg\"  \/><\/p>\n<p>              Un trabajador palestino de un hospital inspecciona los da\u00f1os causados por un bombardeo en un almac\u00e9n farmac\u00e9utico en Khan Yunis, al sur de Gaza, en mayo de 2025.<br \/>\n              <a class=\"source\" href=\"https:\/\/www.shutterstock.com\/image-photo\/palestinian-medical-personnel-hospital-workers-inspect-2630595797\" rel=\"nofollow noopener\" target=\"_blank\">Anas Mohammed\/Shutterstock<\/a><\/p>\n<p>En su <a href=\"https:\/\/www.phr.org.il\/en\/genocide-in-gaza-eng\/\" rel=\"nofollow noopener\" target=\"_blank\">informe de julio de 2025<\/a>, M\u00e9dicos por los Derechos Humanos Israel afirm\u00f3 que \u201clos ataques generalizados contra el sistema sanitario de Gaza\u201d equivalen a un desmantelamiento de \u201clas condiciones de vida existentes con efectos en el futuro\u201d y, por lo tanto, deben considerarse una violaci\u00f3n de la <a href=\"https:\/\/ihl-databases.icrc.org\/en\/ihl-treaties\/genocide-conv-1948\" rel=\"nofollow noopener\" target=\"_blank\">Convenci\u00f3n sobre el Genocidio de 1948<\/a>.<\/p>\n<p>Los m\u00e9dicos con los que nos reunimos, junto con el resto del personal sanitario del centro de Sde Teiman, intentaron contrarrestar la deshumanizaci\u00f3n y el abandono de la vida que permiten que se produzcan genocidios. <a href=\"https:\/\/www.theguardian.com\/world\/article\/2024\/may\/23\/whistleblowers-allege-widespread-abuses-at-israeli-detention-camp-sde-teiman\" rel=\"nofollow noopener\" target=\"_blank\">De diferentes maneras<\/a>, intentaron <a href=\"https:\/\/www.haaretz.com\/opinion\/%202024-04-21\/ty-article-opinion\/.premium\/we-fight-to-save-our-gazan-patients-even-as-they-lay-handcuffed-and-blindfolded\/0000018e-ecbf-dd51-a79e-febf6a550000\" rel=\"nofollow noopener\" target=\"_blank\">detener la atrocidad<\/a> que se desarrollaba ante sus ojos y <a href=\"https:\/\/edition.cnn.com\/2024\/04\/06\/middleeast\/doctor-israel-hospital-conditions-intl\" rel=\"nofollow noopener\" target=\"_blank\">remediar las condiciones<\/a> que la hac\u00edan posible. Sin embargo, en su opini\u00f3n, segu\u00edan siendo c\u00f3mplices de los mismos delitos que intentaban prevenir. <\/p>\n<p>Por mucho que su historia sea una historia de dilemas imposibles, tambi\u00e9n es una historia de personas que, al menos, hicieron lo que pudieron para contrarrestar esta complicidad casi inevitable. No solo insistiendo en la humanidad de quienes ten\u00edan delante, y por lo tanto tambi\u00e9n en la suya propia, sino tambi\u00e9n <a href=\"https:\/\/www.nytimes.com\/2024\/06\/06\/world\/middleeast\/israel-gaza-detention-base.html\" rel=\"nofollow noopener\" target=\"_blank\">neg\u00e1ndose<\/a> a permanecer en silencio.<\/p>\n<p>Respuesta a este art\u00edculo<\/p>\n<p>The Conversation se puso en contacto con la <a href=\"https:\/\/www.ima.org.il\/ENG\/\" rel=\"nofollow noopener\" target=\"_blank\">Asociaci\u00f3n M\u00e9dica Israel\u00ed<\/a> (IMA, por sus siglas en ingl\u00e9s) durante la edici\u00f3n de este art\u00edculo. Su respuesta, que se refleja en el art\u00edculo final, inclu\u00eda los siguientes comentarios:<\/p>\n<blockquote>\n<p>\u201cSeg\u00fan las directrices del Ministerio de Salud israel\u00ed, todos los pacientes del centro m\u00e9dico de Sde Teiman fueron tratados de acuerdo con los est\u00e1ndares m\u00e9dicos convencionales israel\u00edes, lo que significa que el nivel de atenci\u00f3n all\u00ed era superior al que habr\u00edan recibido en Gaza\u201d.<\/p>\n<p>\u201cEs cierto que el uso indiscriminado de medidas de inmovilizaci\u00f3n viola la \u00e9tica m\u00e9dica israel\u00ed. El comit\u00e9 de \u00e9tica de la IMA ha abordado esta cuesti\u00f3n en m\u00e1s de una ocasi\u00f3n, incluso con una <a href=\"https:\/\/www.ima.org.il\/ENG\/ViewContent.aspx?%20CategoryId=21373\" rel=\"nofollow noopener\" target=\"_blank\">declaraci\u00f3n en septiembre de 2023<\/a> y una <a href=\"https:\/\/www.ima.org.il\/ENG\/ViewContent.aspx?CategoryId=21275\" rel=\"nofollow noopener\" target=\"_blank\">carta al Ministerio de Salud israel\u00ed en febrero de 2025<\/a>\u201d.<\/p>\n<p>\u201cLa IMA se ha pronunciado continuamente sobre cuestiones humanitarias a lo largo de esta guerra y seguir\u00e1 haci\u00e9ndolo. El 5 de agosto de 2025, reafirmamos nuestra <a href=\"https:\/\/ima-contentfiles.s3.amazonaws.com\/EthicPositionStandAugust2025.pdf\" rel=\"nofollow noopener\" target=\"_blank\">pol\u00edtica de toda la vida<\/a> sobre la garant\u00eda de la atenci\u00f3n m\u00e9dica durante los conflictos armados\u201d.<\/p>\n<p>\u201cLa destrucci\u00f3n de la asistencia sanitaria en Gaza es tr\u00e1gica, pero no se han producido \u2018asesinatos en masa, detenciones, torturas y abusos contra el personal m\u00e9dico\u2019 <a href=\"https:\/\/www.phr.org.il\/en\/genocide-in-gaza-eng\/\" rel=\"nofollow noopener\" target=\"_blank\">como se afirma en el informe de M\u00e9dicos por los Derechos Humanos Israel<\/a>, de julio de 2025. Ha habido algunos miembros del personal m\u00e9dico sospechosos de terrorismo o terroristas probados. La IMA ha dejado muy claro que <a href=\"https:\/\/www.ima.org.il\/ENG\/ViewContent.aspx?CategoryId=20228\" rel=\"nofollow noopener\" target=\"_blank\">todos los pacientes deben ser tratados por igual<\/a>\u201d.<\/p>\n<\/blockquote>\n<p>The Conversation tambi\u00e9n intent\u00f3 recabar la opini\u00f3n del ej\u00e9rcito israel\u00ed sobre las conclusiones de este art\u00edculo, pero no obtuvo respuesta. Cuando la BBC se puso en contacto con \u00e9l anteriormente para preguntarle sobre <a href=\"https:\/\/www.bbc.co.uk\/news\/articles\/cn7vje365rno\" rel=\"nofollow noopener\" target=\"_blank\">las denuncias de abusos y torturas en el centro m\u00e9dico de Sde Teiman<\/a>, afirm\u00f3 que \u201crechaza por completo las acusaciones de abusos sistem\u00e1ticos a los detenidos\u201d.<\/p>\n<p>El Gobierno de Israel as\u00ed mismo ha <a href=\"https:\/\/www.bbc.co.uk\/news\/articles\/cqldpyn5ng6o\" rel=\"nofollow noopener\" target=\"_blank\">rechazado las acusaciones de malos tratos y torturas generalizados<\/a> a los detenidos en el centro de detenci\u00f3n de Sde Teiman, insistiendo en que est\u00e1 \u201cplenamente comprometido con las normas jur\u00eddicas internacionales\u201d.<\/p>\n","protected":false},"excerpt":{"rendered":"Al final de nuestra conversaci\u00f3n, Nathan (seud\u00f3nimo) repet\u00eda, casi para s\u00ed mismo: \u201cQuiz\u00e1s deber\u00edamos haber hecho m\u00e1s. Quiz\u00e1s&hellip;\n","protected":false},"author":2,"featured_media":130679,"comment_status":"","ping_status":"","sticky":false,"template":"","format":"standard","meta":{"footnotes":""},"categories":[42],"tags":[17,18,13,14,11,61,62,63,64,19,20,9,10,15,16,12,21,22,65,66,67],"class_list":{"0":"post-130678","1":"post","2":"type-post","3":"status-publish","4":"format-standard","5":"has-post-thumbnail","7":"category-internacional","8":"tag-breaking-news","9":"tag-breakingnews","10":"tag-featured-news","11":"tag-featurednews","12":"tag-headlines","13":"tag-internacional","14":"tag-international","15":"tag-international-news","16":"tag-internationalnews","17":"tag-latest-news","18":"tag-latestnews","19":"tag-news","20":"tag-noticias","21":"tag-noticias-destacadas","22":"tag-noticiasdestacadas","23":"tag-titulares","24":"tag-ultimas-noticias","25":"tag-ultimasnoticias","26":"tag-world","27":"tag-world-news","28":"tag-worldnews"},"share_on_mastodon":{"url":"","error":""},"_links":{"self":[{"href":"https:\/\/www.europesays.com\/es\/wp-json\/wp\/v2\/posts\/130678","targetHints":{"allow":["GET"]}}],"collection":[{"href":"https:\/\/www.europesays.com\/es\/wp-json\/wp\/v2\/posts"}],"about":[{"href":"https:\/\/www.europesays.com\/es\/wp-json\/wp\/v2\/types\/post"}],"author":[{"embeddable":true,"href":"https:\/\/www.europesays.com\/es\/wp-json\/wp\/v2\/users\/2"}],"replies":[{"embeddable":true,"href":"https:\/\/www.europesays.com\/es\/wp-json\/wp\/v2\/comments?post=130678"}],"version-history":[{"count":0,"href":"https:\/\/www.europesays.com\/es\/wp-json\/wp\/v2\/posts\/130678\/revisions"}],"wp:featuredmedia":[{"embeddable":true,"href":"https:\/\/www.europesays.com\/es\/wp-json\/wp\/v2\/media\/130679"}],"wp:attachment":[{"href":"https:\/\/www.europesays.com\/es\/wp-json\/wp\/v2\/media?parent=130678"}],"wp:term":[{"taxonomy":"category","embeddable":true,"href":"https:\/\/www.europesays.com\/es\/wp-json\/wp\/v2\/categories?post=130678"},{"taxonomy":"post_tag","embeddable":true,"href":"https:\/\/www.europesays.com\/es\/wp-json\/wp\/v2\/tags?post=130678"}],"curies":[{"name":"wp","href":"https:\/\/api.w.org\/{rel}","templated":true}]}}