{"id":130684,"date":"2025-09-22T00:44:12","date_gmt":"2025-09-22T00:44:12","guid":{"rendered":"https:\/\/www.europesays.com\/es\/130684\/"},"modified":"2025-09-22T00:44:12","modified_gmt":"2025-09-22T00:44:12","slug":"30-27-el-melilla-balonmano-virgen-de-la-victoria-se-queda-corto-en-antequera-tras-un-partido-competitivo","status":"publish","type":"post","link":"https:\/\/www.europesays.com\/es\/130684\/","title":{"rendered":"30-27. El Melilla Balonmano Virgen de la Victoria se queda corto en Antequera tras un partido competitivo"},"content":{"rendered":"<p><strong>El Melilla Balonmano Virgen de la Victoria cay\u00f3 derrotado este domingo en la cancha del D\u00f3lmenes Antequera por 30-27, frenando as\u00ed la buena racha iniciada en la primera jornada ante el BM. Bola\u00f1os. El encuentro se disput\u00f3 en el Pabell\u00f3n Fernando Arg\u00fcelles, con ambos equipos buscando consolidar sensaciones tras la primera jornada.<\/strong><\/p>\n<p>Desde el pitido inicial, los melillenses demostraron intensidad y control en ataque. Francisco Morettin abri\u00f3 el marcador a los 39 segundos, y el conjunto visitante mantuvo la iniciativa durante gran parte del primer tiempo, apoy\u00e1ndose en la eficacia de H\u00e9ctor Chicano Mart\u00ednez, m\u00e1ximo goleador con 11 tantos, y en la capacidad de creaci\u00f3n de juego de sus compa\u00f1eros.<\/p>\n<p>A pesar de algunas exclusiones y lanzamientos fallidos, el Virgen de la Victoria logr\u00f3 llegar al descanso con ventaja m\u00ednima (13-14), mostrando fortaleza defensiva y equilibrio en las transiciones.<\/p>\n<p>En la segunda mitad, el conjunto andaluz ajust\u00f3 su ataque y logr\u00f3 adelantarse en el marcador gracias a r\u00e1pidas transiciones y aciertos desde posiciones centrales y laterales. Sin embargo, Melilla no baj\u00f3 los brazos, peleando cada bal\u00f3n y buscando reducir distancias hasta el final, dejando claro su car\u00e1cter competitivo incluso en la adversidad.<\/p>\n<p>El marcador final reflej\u00f3 un 30-27, aunque el equipo de Oriol Ferr\u00e9 dejando buenas sensaciones en cuanto a intensidad, disciplina t\u00e1ctica y efectividad en ataque, pese a no conseguir los puntos.<\/p>\n<p id=\"pvc_stats_10326529\" class=\"pvc_stats total_only  pvc_load_by_ajax_update\" data-element-id=\"10326529\" style=\"\"> <img loading=\"lazy\" class=\"lazy\" decoding=\"async\" width=\"16\" height=\"16\" alt=\"Loading\" src=\"https:\/\/www.europesays.com\/es\/wp-content\/uploads\/2025\/09\/ajax-loader-2x.gif\" border=\"0\"\/><\/p>\n<p> p:last-of-type {<br \/>\n\tdisplay: inline;<br \/>\n}<\/p>\n<p>.aioseo-author-bio-compact-right .aioseo-author-bio-compact-main .author-bio-link {<br \/>\n\tdisplay: inline-flex;<br \/>\n}<\/p>\n<p>.aioseo-author-bio-compact-right .aioseo-author-bio-compact-main .author-bio-link a {<br \/>\n\tdisplay: flex;<br \/>\n\talign-items: center;<br \/>\n}<\/p>\n<p>.aioseo-author-bio-compact-right .aioseo-author-bio-compact-main .author-bio-link a svg {<br \/>\n\tfill: black;<br \/>\n}<\/p>\n<p>.aioseo-author-bio-compact-right .aioseo-author-bio-compact-footer .author-expertises {<br \/>\n\tdisplay: flex;<br \/>\n\tflex-wrap: wrap;<br \/>\n\tgap: 10px;<br \/>\n}<\/p>\n<p>.aioseo-author-bio-compact-right .aioseo-author-bio-compact-footer .author-expertises .author-expertise {<br \/>\n\tpadding: 4px 8px;<\/p>\n<p>\tfont-size: 14px;<\/p>\n<p>\tborder-radius: 4px;<br \/>\n\tbackground-color: #DCDDE1;<br \/>\n\tcolor: inherit;<br \/>\n}<\/p>\n<p>.aioseo-author-bio-compact-right .aioseo-author-bio-compact-footer .author-socials {<br \/>\n\tmargin-top: 12px;<\/p>\n<p>\tdisplay: flex;<br \/>\n\tgap: 6px;<br \/>\n}<\/p>\n<p>.aioseo-author-bio-compact-right .aioseo-author-bio-compact-footer .author-socials .aioseo-social-icon-tumblrUrl {<br \/>\n\tmargin-left: -2px;<br \/>\n}<\/p>\n<p>.aioseo-author-bio-compact-site-editor-disclaimer {<br \/>\n\tcolor: black;<br \/>\n\tmargin-bottom: 12px;<br \/>\n\tfont-style: italic;<br \/>\n}<\/p>\n<p>@media screen and (max-width: 430px ) {<br \/>\n\t.aioseo-author-bio-compact {<br \/>\n\t\tflex-direction: column;<br \/>\n\t\tgap: 20px;<br \/>\n\t}<\/p>\n<p>\t.aioseo-author-bio-compact-left .aioseo-author-bio-compact-image {<br \/>\n\t\tdisplay: block;<br \/>\n\t\tmargin: 0 auto;<br \/>\n\t\twidth: 160px;<br \/>\n\t\theight: 160px;<br \/>\n\t}<\/p>\n<p>\t.aioseo-author-bio-compact-right {<br \/>\n\t\ttext-align: center;<br \/>\n\t}<\/p>\n<p>\t.aioseo-author-bio-compact-right .aioseo-author-bio-compact-header {<br \/>\n\t\tjustify-content: center;<br \/>\n\t}<\/p>\n<p>\t.aioseo-author-bio-compact-right .aioseo-author-bio-compact-footer .author-socials {<br \/>\n\t\tjustify-content: center;<br \/>\n\t}<br \/>\n}<br \/>\n]]><\/p>\n<p>\t\t\t<img decoding=\"async\" class=\"aioseo-author-bio-compact-image lazy\" src=\"https:\/\/www.europesays.com\/es\/wp-content\/uploads\/2025\/09\/1758501852_544_12617fd1044ec1cdf84c9fcc894e40ee529e9240cb60f6449ec8152bfef3fe40\" alt=\"avatar de autor\"\/><\/p>\n","protected":false},"excerpt":{"rendered":"El Melilla Balonmano Virgen de la Victoria cay\u00f3 derrotado este domingo en la cancha del D\u00f3lmenes Antequera por&hellip;\n","protected":false},"author":2,"featured_media":130685,"comment_status":"","ping_status":"","sticky":false,"template":"","format":"standard","meta":{"footnotes":""},"categories":[278],"tags":[376,168,25,24,375,23,167],"class_list":{"0":"post-130684","1":"post","2":"type-post","3":"status-publish","4":"format-standard","5":"has-post-thumbnail","7":"category-balonmano","8":"tag-balonmano","9":"tag-deportes","10":"tag-es","11":"tag-espana","12":"tag-handball","13":"tag-spain","14":"tag-sports"},"share_on_mastodon":{"url":"","error":""},"_links":{"self":[{"href":"https:\/\/www.europesays.com\/es\/wp-json\/wp\/v2\/posts\/130684","targetHints":{"allow":["GET"]}}],"collection":[{"href":"https:\/\/www.europesays.com\/es\/wp-json\/wp\/v2\/posts"}],"about":[{"href":"https:\/\/www.europesays.com\/es\/wp-json\/wp\/v2\/types\/post"}],"author":[{"embeddable":true,"href":"https:\/\/www.europesays.com\/es\/wp-json\/wp\/v2\/users\/2"}],"replies":[{"embeddable":true,"href":"https:\/\/www.europesays.com\/es\/wp-json\/wp\/v2\/comments?post=130684"}],"version-history":[{"count":0,"href":"https:\/\/www.europesays.com\/es\/wp-json\/wp\/v2\/posts\/130684\/revisions"}],"wp:featuredmedia":[{"embeddable":true,"href":"https:\/\/www.europesays.com\/es\/wp-json\/wp\/v2\/media\/130685"}],"wp:attachment":[{"href":"https:\/\/www.europesays.com\/es\/wp-json\/wp\/v2\/media?parent=130684"}],"wp:term":[{"taxonomy":"category","embeddable":true,"href":"https:\/\/www.europesays.com\/es\/wp-json\/wp\/v2\/categories?post=130684"},{"taxonomy":"post_tag","embeddable":true,"href":"https:\/\/www.europesays.com\/es\/wp-json\/wp\/v2\/tags?post=130684"}],"curies":[{"name":"wp","href":"https:\/\/api.w.org\/{rel}","templated":true}]}}