{"id":130688,"date":"2025-09-22T00:48:14","date_gmt":"2025-09-22T00:48:14","guid":{"rendered":"https:\/\/www.europesays.com\/es\/130688\/"},"modified":"2025-09-22T00:48:14","modified_gmt":"2025-09-22T00:48:14","slug":"carlos-alcaraz-laver-cup","status":"publish","type":"post","link":"https:\/\/www.europesays.com\/es\/130688\/","title":{"rendered":"Carlos Alcaraz | Laver Cup"},"content":{"rendered":"<p class=\"ft-text\"><a class=\"ft-link ft-link--decoration\" href=\"https:\/\/www.laopiniondemurcia.es\/tags\/carlos-alcaraz\/\" rel=\"nofollow noopener\" target=\"_blank\">Carlos Alcaraz<\/a> busc\u00f3 la pasada madrugada ante Taylor Fritz en la Laver Cup <a class=\"ft-link ft-link--decoration\" href=\"https:\/\/www.laopiniondemurcia.es\/deportes\/2025\/09\/20\/alcaraz-estrena-victoria-dobles-laver-cuo-ventaja-europa-121772802.html\" target=\"_blank\" rel=\"nofollow noopener\">su decimocuarto triunfo consecutivo individual sobre pista dura<\/a>, con lo que superar\u00eda los trece seguidos <strong>que logr\u00f3 este 2025 en tierra batida y los once en hierba en la que est\u00e1 siendo su mejor temporada<\/strong>. Ayer se cumplieron cinco meses de la derrota en Barcelona, tras la que gan\u00f3 37 de 38 partidos y seis t\u00edtulos.<\/p>\n<p class=\"ft-text\"><strong>El joven tenista murciano, a sus 22 a\u00f1os y n\u00famero 1 del mundo,<\/strong> se estren\u00f3 tambi\u00e9n en la madrugada del venciendo en dobles en la ciudad estadounidense de San Francisco en la octava Laver Cup, que enfrenta al equipo de Europa y al del resto del mundo.<\/p>\n<p><img decoding=\"async\" src=\"https:\/\/www.europesays.com\/es\/wp-content\/uploads\/2025\/09\/71d17e0d-79f2-438c-949b-18d21aa4f77d_alta-libre-aspect-ratio_default_0.jpg\" width=\"1200\" height=\"800\" alt=\"Carlos Alcaraz, en el partido de dobles de la Laver Cup\" class=\"ft-helper-img-rd\" loading=\"lazy\" hasdataaida=\"true\"\/><\/p>\n<p class=\"ft-helper-fontColor-quaternary ft-helper-fontSize-body-S ft-helper-spacer-t-xxs\">Carlos Alcaraz, en el partido de dobles de la Laver Cup  \/ Efe\/ JOHN G. MABANGLO<\/p>\n<p class=\"ft-text\">Alcaraz acredita cuatro partidos vencidos y uno perdido en este torneo en el que debut\u00f3 el pasado a\u00f1o en Berl\u00edn (2-0 en individuales y 2-1 en dobles hasta la fecha).<\/p>\n<p class=\"ft-text\"><strong>En 2025 suma 11.540 puntos por los frente a los 10.780 del segundo, el italiano Jannik Sinner, cuando lo comenz\u00f3 4.820 por debajo del transalpino.<\/strong><\/p>\n<p class=\"ft-text\">Lleva un balance de 61-6 en triunfos y derrotas y siete t\u00edtulos: ATP 500 de R\u00f3terdam y Queen\u2019s, Masters 1.000 de Montecarlo, Roma y Cincinnati, Roland Garros y Abierto de Estados Unidos.<\/p>\n<p class=\"ft-text\"><strong>Desde el 20 de abril pasado, solo perdi\u00f3 un encuentro, la final de Wimbledon (6-4, 4-6, 4-6 y 4-6 ante el Sinner),<\/strong> con lo que en los \u00faltimos cinco meses lleva 37 partidos ganados de los 38 \u00faltimos individuales disputados.<\/p>\n<p class=\"ft-text\">Ese rev\u00e9s lleg\u00f3 despu\u00e9s de 24 victorias seguidas, su mejor racha como profesional, y desde su derrota frente al dan\u00e9s Holger Rune en la final del ATP 500 de Barcelona (6-7 (6) y 2-6 en un encuentro que termin\u00f3 lesionado en el muslo derecho), enlaz\u00f3 13 triunfos en tierra batida, 11 en hierba y las 13 que lleva sobre hormig\u00f3n, <strong>todas ellas en Estados Unidos, donde pretender seguir en la ola sobre la que ahora surfea en California. <\/strong><\/p>\n<p>Victoria en dobles con Mensik<\/p>\n<p class=\"ft-text\">En el partido de dobles con el que debut\u00f3 en la Laver Cup formando pareja con el checo Jakub Mensik, derrot\u00f3 al d\u00fao formado por los estadounidenses Taylor Fritz y Alex Michelsen, un resultado que dej\u00f3 a Europa con una ventaja de 3-1 tras la primera jornada.<\/p>\n<p class=\"ft-text\"><strong>Alcaraz y Mensik derrotaron a Fritz y Michelsen por 7-6 (7) y 6-4 en 1 hora y 43 minutos.<\/strong> Fue un duelo en el que la pareja hispanocheca se atrincher\u00f3 al saque, sin conceder ni una sola oportunidad de \u2018break\u2019 a los estadounidenses.<\/p>\n<p class=\"ft-text\">Al resto dispusieron de pocas opciones, con Fritz y Michelsen tambi\u00e9n muy s\u00f3lidos, pero aprovecharon la que tuvieron: con 5-4 arriba y restando 30-40, se llevaron el partido.<\/p>\n<p class=\"ft-text\">El murciano <strong>estren\u00f3 en este partido su condici\u00f3n de nuevo n\u00famero uno del mundo,<\/strong> al que lleg\u00f3 hace dos semanas tras la conquista del Abierto de Estados Unidos en Nueva York.<\/p>\n<p><img decoding=\"async\" src=\"https:\/\/www.europesays.com\/es\/wp-content\/uploads\/2025\/09\/4c60b0aa-133a-4bdc-9419-87acd6326cdf_alta-libre-aspect-ratio_default_0.jpg\" width=\"1200\" height=\"800\" alt=\"Team Europe captain Yannick Noah, foreground left, celebrates with Carlos Alcaraz, of Spain, after Alcaraz and teammate Jakub Mensik, of the Czech Republic, defeated Team World during a doubles match on the first day of the Laver Cup tennis tournament in San Francisco, Friday, Sept. 19, 2025. (AP Photo\/Jeff Chiu)\" class=\"ft-helper-img-rd\" loading=\"lazy\" hasdataaida=\"true\"\/><\/p>\n<p class=\"ft-helper-fontColor-quaternary ft-helper-fontSize-body-S ft-helper-spacer-t-xxs\">Team Europe captain Yannick Noah, foreground left, celebrates with Carlos Alcaraz, of Spain, after Alcaraz and teammate Jakub Mensik, of the Czech Republic, defeated Team World during a doubles match on the first day of the Laver Cup tennis tournament in San Francisco, Friday, Sept. 19, 2025. (AP Photo\/Jeff Chiu)  \/ Jeff Chiu \/ AP<\/p>\n<p class=\"ft-text\">El partido de dobles fue el \u00faltimo de los cuatro disputados en la primera jornada de la Laver Cup, <strong>torneo inspirado en la Ryder Cup de golf e impulsado por Roger Federer, que enfrenta a Europa y al resto del mundo.<\/strong><\/p>\n<p class=\"ft-text\">El noruego Casper Ruud abri\u00f3 el torneo con una victoria sobre el estadounidense Reilly Opelka por 6-4 y 7-6 (4), mientras que el propio Mensik ampli\u00f3 la ventaja para Europa en su duelo de \u2018singles\u2019 con Michelsen, al que derrot\u00f3 por 6-1, 6-7 y 10-8.<\/p>\n<p class=\"ft-text\"><strong>El brasile\u00f1o Joao Fonseca dio a los hombres capitaneados por Andre Agassi su \u00fanica alegr\u00eda de la jornada venciendo al italiano Flavio Cobolli <\/strong>por 6-4 y 6-3. El primer equipo en alcanzar 13 puntos se lleva el t\u00edtulo.<\/p>\n","protected":false},"excerpt":{"rendered":"Carlos Alcaraz busc\u00f3 la pasada madrugada ante Taylor Fritz en la Laver Cup su decimocuarto triunfo consecutivo individual&hellip;\n","protected":false},"author":2,"featured_media":130689,"comment_status":"","ping_status":"","sticky":false,"template":"","format":"standard","meta":{"footnotes":""},"categories":[274],"tags":[4736,210,415,545,5810,168,25,24,629,700,3822,1140,23,167,327,326],"class_list":{"0":"post-130688","1":"post","2":"type-post","3":"status-publish","4":"format-standard","5":"has-post-thumbnail","7":"category-tenis","8":"tag-alcaraz","9":"tag-barcelona","10":"tag-carlos","11":"tag-carlos-alcaraz","12":"tag-cinco","13":"tag-deportes","14":"tag-es","15":"tag-espana","16":"tag-estados-unidos","17":"tag-europa","18":"tag-firma","19":"tag-meses","20":"tag-spain","21":"tag-sports","22":"tag-tenis","23":"tag-tennis"},"share_on_mastodon":{"url":"","error":""},"_links":{"self":[{"href":"https:\/\/www.europesays.com\/es\/wp-json\/wp\/v2\/posts\/130688","targetHints":{"allow":["GET"]}}],"collection":[{"href":"https:\/\/www.europesays.com\/es\/wp-json\/wp\/v2\/posts"}],"about":[{"href":"https:\/\/www.europesays.com\/es\/wp-json\/wp\/v2\/types\/post"}],"author":[{"embeddable":true,"href":"https:\/\/www.europesays.com\/es\/wp-json\/wp\/v2\/users\/2"}],"replies":[{"embeddable":true,"href":"https:\/\/www.europesays.com\/es\/wp-json\/wp\/v2\/comments?post=130688"}],"version-history":[{"count":0,"href":"https:\/\/www.europesays.com\/es\/wp-json\/wp\/v2\/posts\/130688\/revisions"}],"wp:featuredmedia":[{"embeddable":true,"href":"https:\/\/www.europesays.com\/es\/wp-json\/wp\/v2\/media\/130689"}],"wp:attachment":[{"href":"https:\/\/www.europesays.com\/es\/wp-json\/wp\/v2\/media?parent=130688"}],"wp:term":[{"taxonomy":"category","embeddable":true,"href":"https:\/\/www.europesays.com\/es\/wp-json\/wp\/v2\/categories?post=130688"},{"taxonomy":"post_tag","embeddable":true,"href":"https:\/\/www.europesays.com\/es\/wp-json\/wp\/v2\/tags?post=130688"}],"curies":[{"name":"wp","href":"https:\/\/api.w.org\/{rel}","templated":true}]}}