{"id":130692,"date":"2025-09-22T00:51:08","date_gmt":"2025-09-22T00:51:08","guid":{"rendered":"https:\/\/www.europesays.com\/es\/130692\/"},"modified":"2025-09-22T00:51:08","modified_gmt":"2025-09-22T00:51:08","slug":"version-solida-de-lobe-huesca-en-su-festival-de-anotacion-ante-bisbal-98-80","status":"publish","type":"post","link":"https:\/\/www.europesays.com\/es\/130692\/","title":{"rendered":"Versi\u00f3n s\u00f3lida de Lobe Huesca en su festival de anotaci\u00f3n ante Bisbal (98-80)"},"content":{"rendered":"<p>Ficha t\u00e9cnica:<\/p>\n<p><strong>Lobe Huesca La Magia:<\/strong> Corraliza 15, Pablo G\u00e1llego, Bieshaar 12, Figueroa 28 y Badmus 6 -quinteto inicial-, Thiam 8, Wells 10, Lacruz, Terreros 6, L\u00f3pez-San Vicente 5 y Guillem V\u00e1zquez 8.<\/p>\n<p><strong>Sol Giron\u00e8s Bisbal B\u00e0squet:<\/strong> Valera 6, Mikhailov 20, Carrasco 1, Okeke 10 y Torrent 3 -quinteto inicial-, Sala 2, Renane 14, Sabater 2, \u00c1lvarez 5, Golson 12, Cledjo 4 y\u00a0Vila 1.<\/p>\n<p><strong>\u00c1rbitros: <\/strong>Abraham Hormigo Caselles y Lucas Arias Exp\u00f3sito.<\/p>\n<p><strong>Parciales: <\/strong>30-18, 20-23, 28-20, 20-20.<\/p>\n<p><strong>Incidencias:<\/strong> segunda jornada de Copa Espa\u00f1a. No funcion\u00f3 el videomarcador del Palacio.<\/p>\n<p><strong>Lobe Huesca La Magia <\/strong>ha sentado las bases de su victoria en un gran primer cuarto y desde entonces ya no ha dado pie a la sorpresa. Los chicos de Rafa Sanz, mermados por las numerosas bajas, han mostrado una <strong>gran versi\u00f3n ante Sol Giron\u00e8s Bisbal B\u00e1squet<\/strong>, ante el que se ha dado un fest\u00edn. El aro ha sido una piscina ol\u00edmpica para los pe\u00f1istas, liderados por un <strong>H\u00e9ctor Figueroa espectacular<\/strong>. Tambi\u00e9n los chavales de la cantera han aportado su granito de arena, y es que en este equipo todos suman.<\/p>\n<p>Sal\u00eda entonado Lobe Huesca liderado\u00a0por un estelar <strong>Figueroa <\/strong>anotando los 11 primeros puntos de su equipo. Le daba igual la l\u00ednea de tres, que la penetraci\u00f3n o los tiros libres. Lo enchufaba todo el madrile\u00f1o. Con 13-7 en el marcador al Sol Giron\u00e8s s\u00f3lo le quedaba pedir tiempo muerto.<\/p>\n<p>Debutaba <strong>Jaden Wells<\/strong>\u00a0-este chico dar\u00e1 que hablar- apenas unas horas despu\u00e9s de haber aterrizado en Huesca y lo cierto es que no dio muestras de no conocer a sus compa\u00f1eros, pues en la primera bola que tocaba ya asist\u00eda. Aparec\u00eda el chaval<strong> Iker Terreros<\/strong> para robar en campo rival y anotar \u00e9l mismo, en toda una demostraci\u00f3n de fe y calidad.<\/p>\n<p>Lobe Huesca, combinando muy bien de un lado a otro,\u00a0segu\u00eda por delante en el marcador y con una ventaja considerable:\u00a023-13. Tambi\u00e9n ha tenido sus minutos\u00a0<strong>Lacruz<\/strong>. Buenos minutos del joven, sin arrugarse ante los \u00abmayores\u00bb. Se cegaba Sol Giron\u00e8s en ataque en los minutos finales con varias bandejas que no entraban, algo que ha permitido llegar al segundo cuarto con 12 arriba.<\/p>\n<p>El segundo periodo ha sido m\u00e1s igualado en todos los sentidos. <strong>Rafa Sanz, mosqueado en la banda por varias acciones de sus chicos<\/strong>, ten\u00eda que tener muy en cuenta la rotaci\u00f3n por las numerosas bajas. <strong>Aparec\u00edan de nuevo los destellos de calidad de Wells<\/strong>, quien anotaba un triplazo desde muy lejos. Este chico aguarda mucha calidad. Lobe Huesca alcanzaba los 50 puntos mientras su rival le segu\u00eda la estela y que estaba en partido para darle caza ante cualquier despiste.<\/p>\n<p>Comenzaba con buen pie la segunda parte el equipo pe\u00f1ista, con un\u00a0Bieshaar haci\u00e9ndose gigante -todav\u00eda m\u00e1s- desde la l\u00ednea de tres. <strong>Buen trabajo de todos los jugadores, teniendo personalidad en el lanzamiento de tres y siendo valientes <\/strong>a la hora de tomar decisiones arriesgadas.<\/p>\n<p><strong>Figueroa <\/strong>segu\u00eda con su estelar actuaci\u00f3n para superar los 20 puntos en su casillero. Espectacular el nivel del madrile\u00f1o al que le segu\u00eda <strong>Thiam <\/strong>con dos canastas consecutivas. El entrenador visitante ten\u00eda que parar el partido ante semejante torrente ofensivo.\u00a0<strong>Corraliza <\/strong>se sumaba a la fiesta dejando claro que puede ser un hombre importante para Rafa Sanz. Lobe Huesca terminaba el tercer cuarto con una ventaja verdaderamente interesante para afrontar el final del partido: 78-61.<\/p>\n<p>El Pe\u00f1as ha seguido con una buena versi\u00f3n anotadora y el partido ya no ha tenido mucha historia en el \u00faltimo cuarto, aunque cometiendo alg\u00fan error en campo propio. <strong>Renane <\/strong>encontraba un rayito de luz para los catalanes desde la l\u00ednea de tres, pero no hab\u00eda mucho que hacer. Los verdes han ido gastando los segundos mientras el cron\u00f3metro corr\u00eda a su favor. <strong>Segunda victoria para seguir so\u00f1ando.<\/strong><\/p>\n","protected":false},"excerpt":{"rendered":"Ficha t\u00e9cnica: Lobe Huesca La Magia: Corraliza 15, Pablo G\u00e1llego, Bieshaar 12, Figueroa 28 y Badmus 6 -quinteto&hellip;\n","protected":false},"author":2,"featured_media":130693,"comment_status":"","ping_status":"","sticky":false,"template":"","format":"standard","meta":{"footnotes":""},"categories":[269],"tags":[299,298,168,25,24,23,167],"class_list":{"0":"post-130692","1":"post","2":"type-post","3":"status-publish","4":"format-standard","5":"has-post-thumbnail","7":"category-baloncesto","8":"tag-baloncesto","9":"tag-basketball","10":"tag-deportes","11":"tag-es","12":"tag-espana","13":"tag-spain","14":"tag-sports"},"share_on_mastodon":{"url":"","error":""},"_links":{"self":[{"href":"https:\/\/www.europesays.com\/es\/wp-json\/wp\/v2\/posts\/130692","targetHints":{"allow":["GET"]}}],"collection":[{"href":"https:\/\/www.europesays.com\/es\/wp-json\/wp\/v2\/posts"}],"about":[{"href":"https:\/\/www.europesays.com\/es\/wp-json\/wp\/v2\/types\/post"}],"author":[{"embeddable":true,"href":"https:\/\/www.europesays.com\/es\/wp-json\/wp\/v2\/users\/2"}],"replies":[{"embeddable":true,"href":"https:\/\/www.europesays.com\/es\/wp-json\/wp\/v2\/comments?post=130692"}],"version-history":[{"count":0,"href":"https:\/\/www.europesays.com\/es\/wp-json\/wp\/v2\/posts\/130692\/revisions"}],"wp:featuredmedia":[{"embeddable":true,"href":"https:\/\/www.europesays.com\/es\/wp-json\/wp\/v2\/media\/130693"}],"wp:attachment":[{"href":"https:\/\/www.europesays.com\/es\/wp-json\/wp\/v2\/media?parent=130692"}],"wp:term":[{"taxonomy":"category","embeddable":true,"href":"https:\/\/www.europesays.com\/es\/wp-json\/wp\/v2\/categories?post=130692"},{"taxonomy":"post_tag","embeddable":true,"href":"https:\/\/www.europesays.com\/es\/wp-json\/wp\/v2\/tags?post=130692"}],"curies":[{"name":"wp","href":"https:\/\/api.w.org\/{rel}","templated":true}]}}