{"id":130694,"date":"2025-09-22T00:52:15","date_gmt":"2025-09-22T00:52:15","guid":{"rendered":"https:\/\/www.europesays.com\/es\/130694\/"},"modified":"2025-09-22T00:52:15","modified_gmt":"2025-09-22T00:52:15","slug":"atletico-de-madrid-koke-el-futbol-nos-lo-tiene-que-devolver-porque-estamos-trabajando-bien","status":"publish","type":"post","link":"https:\/\/www.europesays.com\/es\/130694\/","title":{"rendered":"Atl\u00e9tico de Madrid | Koke: \u00abEl f\u00fatbol nos lo tiene que devolver porque estamos trabajando bien\u00bb"},"content":{"rendered":"<p data-gtm-element-container=\"modulo-texto-link\" class=\"paragraph\"><strong>Koke Resurrecci\u00f3n<\/strong>, capit\u00e1n del <strong>Atl\u00e9tico de Madrid<\/strong>, se lament\u00f3 de c\u00f3mo se dio el partido de su equipo ante el <strong>Real Mallorca. <\/strong>Choque en el que, por oportunidades, el equipo rojiblanco pudo hab\u00e9rselo llevado holgadamente.<\/p>\n<p>        Lee tambi\u00e9n<\/p>\n<p>    Javier G. G\u00f3mara<\/p>\n<p>             <img loading=\"lazy\" decoding=\"async\" data-full-src=\"https:\/\/www.mundodeportivo.com\/uploads\/2025\/09\/21\/68d00edbe1c50.jpeg\" alt=\"Horizontal\" width=\"334\" height=\"164\" src=\"https:\/\/www.europesays.com\/es\/wp-content\/uploads\/2025\/09\/68d00edbe1c50.r_d.2071-1059.jpeg\" class=\"lazy\"\/><\/p>\n<p data-gtm-element-container=\"modulo-texto-link\" class=\"paragraph\">\u201cPartido que hemos dominado de principio a fin. Han tenido la ocasi\u00f3n del gol. Bajo mi punto de vista hemos hecho un gran partido, pero el bal\u00f3n no ha querido entrar. El punto no nos sabe a mucho\u201d, coment\u00f3 el jugador vallecano en palabras a <strong>Movistar<\/strong>.<\/p>\n<p data-gtm-element-container=\"modulo-texto-link\" class=\"paragraph\">El canterano remarc\u00f3 que su equipo hizo todo lo posible. \u00abNos ha faltado tener acierto de cara a puerta. Hemos tenido ocasiones, un penalti. Nos han metido un golazo, hemos hecho, hemos llegado hasta tres cuartos bien, hemos encerrado al <strong>Mallorca<\/strong> de principio a fin, hemos llegado por fuera\u2026 Al final nos vamos con un empate que no nos sirve de much \u00ab.<\/p>\n<p>        Lee tambi\u00e9n<\/p>\n<p>    Javier G. G\u00f3mara<\/p>\n<p>             <img loading=\"lazy\" decoding=\"async\" data-full-src=\"https:\/\/www.mundodeportivo.com\/uploads\/2025\/09\/21\/68d0232b9fca2.jpeg\" alt=\"Horizontal\" width=\"334\" height=\"164\" src=\"https:\/\/www.europesays.com\/es\/wp-content\/uploads\/2025\/09\/68d0232b9fca2.r_d.2033-1514.jpeg\" class=\"lazy\"\/><\/p>\n<p data-gtm-element-container=\"modulo-texto-link\" class=\"paragraph\">La realidad es que el <strong>Atl\u00e9tico <\/strong>s\u00f3lo suma una victoria en cinco partidos, seis puntos de 15 posibles, una cantidad que ya le ha alejado de las posiciones de pelea por el t\u00edtulo. \u201cHemos perdido un mont\u00f3n de puntos, pero hasta mayo queda mucho. El f\u00fatbol nos lo tiene que dar porque estamos trabajando muy bien\u201d, finaliz\u00f3 diciendo <strong>Koke<\/strong>.<\/p>\n","protected":false},"excerpt":{"rendered":"Koke Resurrecci\u00f3n, capit\u00e1n del Atl\u00e9tico de Madrid, se lament\u00f3 de c\u00f3mo se dio el partido de su equipo&hellip;\n","protected":false},"author":2,"featured_media":130695,"comment_status":"","ping_status":"","sticky":false,"template":"","format":"standard","meta":{"footnotes":""},"categories":[268],"tags":[168,25,24,280,282,281,23,167],"class_list":{"0":"post-130694","1":"post","2":"type-post","3":"status-publish","4":"format-standard","5":"has-post-thumbnail","7":"category-futbol","8":"tag-deportes","9":"tag-es","10":"tag-espana","11":"tag-football","12":"tag-futbol","13":"tag-soccer","14":"tag-spain","15":"tag-sports"},"share_on_mastodon":{"url":"","error":""},"_links":{"self":[{"href":"https:\/\/www.europesays.com\/es\/wp-json\/wp\/v2\/posts\/130694","targetHints":{"allow":["GET"]}}],"collection":[{"href":"https:\/\/www.europesays.com\/es\/wp-json\/wp\/v2\/posts"}],"about":[{"href":"https:\/\/www.europesays.com\/es\/wp-json\/wp\/v2\/types\/post"}],"author":[{"embeddable":true,"href":"https:\/\/www.europesays.com\/es\/wp-json\/wp\/v2\/users\/2"}],"replies":[{"embeddable":true,"href":"https:\/\/www.europesays.com\/es\/wp-json\/wp\/v2\/comments?post=130694"}],"version-history":[{"count":0,"href":"https:\/\/www.europesays.com\/es\/wp-json\/wp\/v2\/posts\/130694\/revisions"}],"wp:featuredmedia":[{"embeddable":true,"href":"https:\/\/www.europesays.com\/es\/wp-json\/wp\/v2\/media\/130695"}],"wp:attachment":[{"href":"https:\/\/www.europesays.com\/es\/wp-json\/wp\/v2\/media?parent=130694"}],"wp:term":[{"taxonomy":"category","embeddable":true,"href":"https:\/\/www.europesays.com\/es\/wp-json\/wp\/v2\/categories?post=130694"},{"taxonomy":"post_tag","embeddable":true,"href":"https:\/\/www.europesays.com\/es\/wp-json\/wp\/v2\/tags?post=130694"}],"curies":[{"name":"wp","href":"https:\/\/api.w.org\/{rel}","templated":true}]}}