{"id":130702,"date":"2025-09-22T00:58:08","date_gmt":"2025-09-22T00:58:08","guid":{"rendered":"https:\/\/www.europesays.com\/es\/130702\/"},"modified":"2025-09-22T00:58:08","modified_gmt":"2025-09-22T00:58:08","slug":"critica-de-couture-el-drama-fallido-de-angelina-jolie","status":"publish","type":"post","link":"https:\/\/www.europesays.com\/es\/130702\/","title":{"rendered":"Cr\u00edtica de &#8216;Couture&#8217;, el drama fallido de Angelina Jolie"},"content":{"rendered":"<p data-journey-content=\"true\" data-node-id=\"3\" class=\"css-6wxqfj emevuu60\">Hay ciertos elementos en el pr\u00f3logo a tres (o cuatro) voces de &#8216;Couture&#8217; que pueden hacernos creer que estamos ante una propuesta interesante. Pese al bacheado inicio con una  impostada  Angelina Jolie que hizo recelar a los asistentes del primer pase de la pel\u00edcula en el <a href=\"https:\/\/www.fotogramas.es\/festival-de-san-sebastian\/\" data-vars-ga-outbound-link=\"https:\/\/www.fotogramas.es\/festival-de-san-sebastian\/\" data-vars-ga-ux-element=\"Hyperlink\" data-vars-ga-call-to-action=\"Festival de San Sebasti\u00e1n\" data-node-id=\"3.1\" class=\"body-link css-d2so5l emevuu60\" rel=\"nofollow noopener\" target=\"_blank\">Festival de San Sebasti\u00e1n<\/a>, los relatos presentados sobre una modelo reci\u00e9n llegada al mundillo, una maquilladora con esp\u00edritu de escritora y una joven sastra son, aunque algo manidas, promesas de un patr\u00f3n interesante. Sin embargo, la directora y guionista Alice Winocour no tarda en demostrar qu\u00e9 tramas le han interesado m\u00e1s conforme daba forma al film, dejando de lado algunas, olvidando por completo otras, y convirtiendo finalmente su pel\u00edcula sobre las bambalinas en el mundo de la alta costura en el m\u00e1s plano relato de una mujer que es diagnosticada con c\u00e1ncer de mama.<\/p>\n<p><img draggable=\"true\" alt=\"couture\" title=\"Couture\" loading=\"lazy\" width=\"3840\" height=\"2160\" decoding=\"async\" data-nimg=\"1\" style=\"color:transparent;width:100%;height:auto;\"   src=\"https:\/\/www.europesays.com\/es\/wp-content\/uploads\/2025\/09\/heuutxlvmmk9krvoomq5cmcrymw-68cff6b60caa8.jpg\" class=\"css-0 e1g79fud0\"\/><\/p>\n<p>Path\u00e9 Films<\/p>\n<p data-journey-content=\"true\" data-node-id=\"8\" class=\"css-6wxqfj emevuu60\">Incluso cuando ya damos por perdidas las historias protagonizadas por Anyier Anei y Ella Rumpf -mucho m\u00e1s interesantes que la central-, <strong data-node-id=\"8.1\">el metraje se estanca en nuevas resoluciones m\u00e9dicas y malas noticias para el personaje de Jolie<\/strong> que, lejos de evolucionar de manera alguna, contin\u00faa dej\u00e1ndose llevar por la corriente hasta que la pel\u00edcula, llegado el momento, acaba. Una pena habernos quedado sin saber si esa modelo de Sud\u00e1n del Sur necesitaba el dinero que pide prestado para algo concreto, si la lesi\u00f3n de su pie significaba algo o si entrar\u00eda de alg\u00fan modo en la vida de la maquilladora, que esperamos consiga ser publicada tras un supuesto \u00fanico intento frustrado. Por desgracia, <strong data-node-id=\"8.3\">este vistazo a una gigantesca armer\u00eda de Ch\u00e9jov termina impidiendo que nadie dispare sus resortes argumentales<\/strong> y prefiere regalarnos la relaci\u00f3n con menos qu\u00edmica del experto en encuentros t\u00f3rridos Louis Garrel. Que no se diga que &#8216;Couture&#8217; no consigue cosas dif\u00edciles.<\/p>\n<p>Para completistas de Angelina Jolie, que los habr\u00e1<\/p>\n<p data-journey-content=\"true\" data-node-id=\"12\" class=\"body-tip css-1n723qz emevuu60\"><strong data-node-id=\"12.0\">Lo mejor:<\/strong> La pel\u00edcula que se intuye tras los personajes de la modelo y la maquilladora.<\/p>\n<p>No te pierdas esto<a data-theme-key=\"base-link\" href=\"#\" class=\"e1fx7w0v4 css-ottsob e1c1bym14\">Reg\u00edstrate para recibir contenido personalizado<img src=\"https:\/\/www.fotogramas.es\/_assets\/design-tokens\/fre\/static\/icons\/arrow-right-regular.e879c19.svg\" alt=\"\" width=\"100%\" height=\"auto\" decoding=\"async\" loading=\"lazy\" class=\"css-13htjwu e1fx7w0v1\"\/><\/a><\/p>\n<p data-journey-content=\"true\" data-node-id=\"16\" class=\"body-tip css-1n723qz emevuu60\"><strong data-node-id=\"16.0\">Lo peor:<\/strong> que solo se intuya. <\/p>\n<p><img draggable=\"true\" alt=\"couture\" title=\"Couture\" loading=\"lazy\" width=\"3840\" height=\"2160\" decoding=\"async\" data-nimg=\"1\" style=\"color:transparent;width:100%;height:auto;\"   src=\"https:\/\/www.europesays.com\/es\/wp-content\/uploads\/2025\/09\/5spamhzeqhqevxtbhzzc6vwllc2-68cff6b53f0ba.jpg\" class=\"css-0 e1g79fud0\"\/><\/p>\n<p>Path\u00e9 Films<\/p>\n<p>Ficha t\u00e9cnica<\/p>\n<p data-journey-content=\"true\" data-node-id=\"20\" class=\"css-6wxqfj emevuu60\"><strong data-node-id=\"20.0\">Direcci\u00f3n:<\/strong> Alice Winocour <strong data-node-id=\"20.2\">Reparto:<\/strong> Angelina Jolie, Louis Garrel, Ella Rumpf, Anyier Anei, Garance Marillier <strong data-node-id=\"20.4\">Pa\u00eds:<\/strong> Francia <strong data-node-id=\"20.6\">A\u00f1o:<\/strong> 2025 <strong data-node-id=\"20.8\">G\u00e9nero:<\/strong> Drama <strong data-node-id=\"20.10\">Guion:<\/strong> Alice Winocour <strong data-node-id=\"20.12\">Duraci\u00f3n:<\/strong> 106 min.<\/p>\n<p data-journey-content=\"true\" data-node-id=\"22\" class=\"css-6wxqfj emevuu60\"><strong data-node-id=\"22.0\">Sinopsis:<\/strong> En plena vor\u00e1gine de la Semana de la Moda de Par\u00eds, se entrecruzan los caminos de tres mujeres, que lidian con las tragedias del mundo y los interrogantes de sus vidas. A Maxime, una directora de cine estadounidense en la cuarentena, le diagnostican c\u00e1ncer; Ada, una joven modelo de Sud\u00e1n del Sur, escapa de un futuro marcado para terminar en un entorno fr\u00edvolo, y Ang\u00e8le, maquilladora francesa que trabaja entre bambalinas en los desfiles, sue\u00f1a con cambiar de vida.<\/p>\n<p><img src=\"https:\/\/www.europesays.com\/es\/wp-content\/uploads\/2025\/09\/1758502688_866_7541bb6a-16f2-4527-9c94-b4ff6ee098ce_1646215165.file\" alt=\"Headshot of Ricardo Rosado\" title=\"Headshot of Ricardo Rosado\" width=\"100%\" height=\"100%\" decoding=\"async\" loading=\"lazy\" class=\"css-o0wq4v ev8dhu53\"\/><\/p>\n<p><a href=\"https:\/\/www.linkedin.com\/in\/ricardo-rosado-benito-609a5a40\/\" rel=\"nofollow noopener\" target=\"_blank\">Ricardo Rosado<\/a> es cr\u00edtico de cine, periodista cultural, experto en comedia norteamericana, pel\u00edculas de terror de cualquier tipo y todo lo que ocurra entre g\u00e9neros y formatos. Criado entre pel\u00edculas de Steven Spielberg, y malcriado desde que se top\u00f3 con David Lynch, lleva una d\u00e9cada escribiendo sobre el arte que consume.<\/p>\n<p>En FOTOGRAMAS le leer\u00e1s comentando los \u00faltimos estrenos en salas, fomentando la paz entre fans de Marvel y DC, repasando todas las novedades de Star Wars o sumergido en las profundidades de los cat\u00e1logos de Netflix, HBO Max, Prime Video y Filmin. Tambi\u00e9n le gusta hacer galer\u00edas y rankings de pel\u00edculas y series, pero nadie se f\u00eda demasiado de su criterio.<\/p>\n<p>Tras estudiar Comunicaci\u00f3n Audiovisual en la Universidad Complutense de Madrid, cre\u00f3 <a href=\"http:\/\/www.comboduoplus.com\/\" rel=\"nofollow noopener\" target=\"_blank\">un blog de rese\u00f1as cinematogr\u00e1ficas<\/a> con la esperanza de acudir gratis a festivales de cine y pases de prensa. Ahora, tras siete a\u00f1os escribiendo en FOTOGRAMAS sobre los \u00faltimos estrenos en salas, las series del momento y cualquier contenido disponible en los diferentes canales de streaming, sigue pensando que mereci\u00f3 la pena.<\/p>\n<p>Frontman de dos vergonzantes proyectos musicales, director de diversos videoclips de bandas de heavy metal madrile\u00f1as y autor de no pocos cortometrajes escondidos en la red de redes, es el editor y uno de los orgullosos contertulios del podcast cultural &#8216;<a href=\"https:\/\/www.ivoox.com\/podcast-de-al-lado-pumares_sq_f1627488_1.html\" rel=\"nofollow noopener\" target=\"_blank\">Los de al lado de Pumares<\/a>&#8216;, espacio que le ha permitido participar como colaborador en otros formatos de radio como &#8216;Estamos de cine&#8217; (Castilla-La Mancha Media) y <a href=\"https:\/\/cadenaser.com\/audio\/1627348931165\/\" rel=\"nofollow noopener\" target=\"_blank\">&#8216;El faro&#8217; (Cadena SER)<\/a>, adem\u00e1s de haberle convertido en una de las voces principales de los v\u00eddeos de FOTOGRAMAS. \u00a0<\/p>\n","protected":false},"excerpt":{"rendered":"Hay ciertos elementos en el pr\u00f3logo a tres (o cuatro) voces de &#8216;Couture&#8217; que pueden hacernos creer que&hellip;\n","protected":false},"author":2,"featured_media":130703,"comment_status":"","ping_status":"","sticky":false,"template":"","format":"standard","meta":{"footnotes":""},"categories":[169],"tags":[177,1180,146,147,25,24,176,175,23],"class_list":{"0":"post-130702","1":"post","2":"type-post","3":"status-publish","4":"format-standard","5":"has-post-thumbnail","7":"category-cine","8":"tag-cine","9":"tag-editorial","10":"tag-entertainment","11":"tag-entretenimiento","12":"tag-es","13":"tag-espana","14":"tag-film","15":"tag-movies","16":"tag-spain"},"share_on_mastodon":{"url":"","error":""},"_links":{"self":[{"href":"https:\/\/www.europesays.com\/es\/wp-json\/wp\/v2\/posts\/130702","targetHints":{"allow":["GET"]}}],"collection":[{"href":"https:\/\/www.europesays.com\/es\/wp-json\/wp\/v2\/posts"}],"about":[{"href":"https:\/\/www.europesays.com\/es\/wp-json\/wp\/v2\/types\/post"}],"author":[{"embeddable":true,"href":"https:\/\/www.europesays.com\/es\/wp-json\/wp\/v2\/users\/2"}],"replies":[{"embeddable":true,"href":"https:\/\/www.europesays.com\/es\/wp-json\/wp\/v2\/comments?post=130702"}],"version-history":[{"count":0,"href":"https:\/\/www.europesays.com\/es\/wp-json\/wp\/v2\/posts\/130702\/revisions"}],"wp:featuredmedia":[{"embeddable":true,"href":"https:\/\/www.europesays.com\/es\/wp-json\/wp\/v2\/media\/130703"}],"wp:attachment":[{"href":"https:\/\/www.europesays.com\/es\/wp-json\/wp\/v2\/media?parent=130702"}],"wp:term":[{"taxonomy":"category","embeddable":true,"href":"https:\/\/www.europesays.com\/es\/wp-json\/wp\/v2\/categories?post=130702"},{"taxonomy":"post_tag","embeddable":true,"href":"https:\/\/www.europesays.com\/es\/wp-json\/wp\/v2\/tags?post=130702"}],"curies":[{"name":"wp","href":"https:\/\/api.w.org\/{rel}","templated":true}]}}