{"id":130716,"date":"2025-09-22T01:06:25","date_gmt":"2025-09-22T01:06:25","guid":{"rendered":"https:\/\/www.europesays.com\/es\/130716\/"},"modified":"2025-09-22T01:06:25","modified_gmt":"2025-09-22T01:06:25","slug":"ataques-en-la-frontera-entre-ucrania-y-rusia-dejan-3-civiles-muertos","status":"publish","type":"post","link":"https:\/\/www.europesays.com\/es\/130716\/","title":{"rendered":"Ataques en la frontera entre Ucrania y Rusia dejan 3 civiles muertos"},"content":{"rendered":"\n<p>Dos civiles murieron en ataques ucranianos en la regi\u00f3n fronteriza de Belgorod en Rusia, mientras que un bombardeo ruso en el este de Ucrania dej\u00f3 un hombre muerto, dijeron autoridades el domingo.<\/p>\n<p>Vyacheslav Gladkov, el gobernador de Belgorod, escribi\u00f3 en Telegram que una mujer muri\u00f3 cuando un bombardeo alcanz\u00f3 una casa privada en la ciudad fronteriza de Shebekino, mientras que un hombre falleci\u00f3 en un ataque con drones en el pueblo de Rakitnoe.<\/p>\n<p>La regi\u00f3n de Belgorod, que limita con Ucrania, ha enfrentado frecuentes ataques transfronterizos desde que Mosc\u00fa inici\u00f3 su invasi\u00f3n a gran escala de Ucrania en febrero de 2022.<\/p>\n<p>En Ucrania, un hombre muri\u00f3 y varios edificios residenciales e infraestructura resultaron da\u00f1ados por el bombardeo ruso en Kostiantynivka, en la regi\u00f3n de Donetsk, dijo el domingo Serhii Horbunov, jefe de la administraci\u00f3n militar de la ciudad.<\/p>\n<p>La m\u00e1s reciente ronda de ataques se produjo despu\u00e9s de que Rusia iniciara el s\u00e1bado una operaci\u00f3n militar masiva con misiles y drones, dirigida a regiones de toda Ucrania, matando al menos a tres personas e hiriendo a decenas. Rusia lanz\u00f3 619 drones y misiles durante el ataque, dijo la fuerza a\u00e9rea de Ucrania.<\/p>\n<p>Tambi\u00e9n el s\u00e1bado, Estonia convoc\u00f3 a un diplom\u00e1tico ruso para protestar despu\u00e9s de que tres aviones de combate rusos entraran el viernes en su espacio a\u00e9reo sin autorizaci\u00f3n y permanecieran all\u00ed durante 12 minutos, dijo el Ministerio de Relaciones Exteriores. Esto ocurri\u00f3 poco m\u00e1s de una semana despu\u00e9s de que varios aviones de la OTAN derribaran drones rusos sobre Polonia, aumentando los temores de que la guerra en Ucrania pudiera extenderse.<\/p>\n<p>El presidente ucraniano Volodymyr Zelenskyy dijo el domingo en X que Ucrania hab\u00eda sido atacada por \u201cm\u00e1s de 1.500 drones de ataque, m\u00e1s de 1.280 bombas a\u00e9reas guiadas y 50 misiles de varios tipos\u201d durante la semana anterior.<\/p>\n<p>Zelenskyy se\u00f1al\u00f3 que se encontraron \u201cmiles de componentes extranjeros\u201d en el armamento ruso y afirm\u00f3 que Ucrania \u201ccuenta con que el 19no paquete de sanciones de la UE sea verdaderamente doloroso, y con que Estados Unidos se una a los europeos\u201d. La presidenta de la Comisi\u00f3n Europea, Ursula von der Leyen, present\u00f3 el paquete de sanciones el viernes.<\/p>\n<p>Zelenskyy espera reunirse esta semana con el presidente de Estados Unidos, Donald Trump, al margen de la Asamblea General de las Naciones Unidas, donde espera evaluar cu\u00e1n cerca est\u00e1n Ucrania y sus socios de lograr garant\u00edas de seguridad a largo plazo.<\/p>\n<p>En un di\u00e1logo con reporteros el domingo por la ma\u00f1ana, Trump abord\u00f3 muy brevemente la incursi\u00f3n rusa en el espacio a\u00e9reo estonio.<\/p>\n<p>\u201cNo nos gusta\u201d, dijo el mandatario estadounidense. Cuando se le pregunt\u00f3 si Estados Unidos apoyar\u00eda a Polonia y a otros estados b\u00e1lticos si contin\u00faan enfrentando agresiones rusas, Trump respondi\u00f3: \u201cLo har\u00e9\u201d.<\/p>\n<p>El Ministerio de Defensa de Rusia neg\u00f3 el s\u00e1bado que sus aviones violaran el espacio a\u00e9reo de Estonia.<\/p>\n<p>___<\/p>\n<p>Esta historia fue traducida del ingl\u00e9s por un editor de AP con la ayuda de una herramienta de inteligencia artificial generativa.<\/p>\n","protected":false},"excerpt":{"rendered":"Dos civiles murieron en ataques ucranianos en la regi\u00f3n fronteriza de Belgorod en Rusia, mientras que un bombardeo&hellip;\n","protected":false},"author":2,"featured_media":130717,"comment_status":"","ping_status":"","sticky":false,"template":"","format":"standard","meta":{"footnotes":""},"categories":[5],"tags":[20034,1422,29972,17,18,1053,352,25712,25,10558,24,13,14,11,366,19,20,17835,5555,9,10,15,16,6192,1614,18435,3397,23,12,7081,21,22],"class_list":{"0":"post-130716","1":"post","2":"type-post","3":"status-publish","4":"format-standard","5":"has-post-thumbnail","7":"category-titulares","8":"tag-aereo","9":"tag-ataque","10":"tag-bombardeo","11":"tag-breaking-news","12":"tag-breakingnews","13":"tag-domingo","14":"tag-donald-trump","15":"tag-dron","16":"tag-es","17":"tag-espacio","18":"tag-espana","19":"tag-featured-news","20":"tag-featurednews","21":"tag-headlines","22":"tag-hombre","23":"tag-latest-news","24":"tag-latestnews","25":"tag-misil","26":"tag-muerto","27":"tag-news","28":"tag-noticias","29":"tag-noticias-destacadas","30":"tag-noticiasdestacadas","31":"tag-region","32":"tag-rusia","33":"tag-ruso","34":"tag-sabado","35":"tag-spain","36":"tag-titulares","37":"tag-ucrania","38":"tag-ultimas-noticias","39":"tag-ultimasnoticias"},"share_on_mastodon":{"url":"","error":""},"_links":{"self":[{"href":"https:\/\/www.europesays.com\/es\/wp-json\/wp\/v2\/posts\/130716","targetHints":{"allow":["GET"]}}],"collection":[{"href":"https:\/\/www.europesays.com\/es\/wp-json\/wp\/v2\/posts"}],"about":[{"href":"https:\/\/www.europesays.com\/es\/wp-json\/wp\/v2\/types\/post"}],"author":[{"embeddable":true,"href":"https:\/\/www.europesays.com\/es\/wp-json\/wp\/v2\/users\/2"}],"replies":[{"embeddable":true,"href":"https:\/\/www.europesays.com\/es\/wp-json\/wp\/v2\/comments?post=130716"}],"version-history":[{"count":0,"href":"https:\/\/www.europesays.com\/es\/wp-json\/wp\/v2\/posts\/130716\/revisions"}],"wp:featuredmedia":[{"embeddable":true,"href":"https:\/\/www.europesays.com\/es\/wp-json\/wp\/v2\/media\/130717"}],"wp:attachment":[{"href":"https:\/\/www.europesays.com\/es\/wp-json\/wp\/v2\/media?parent=130716"}],"wp:term":[{"taxonomy":"category","embeddable":true,"href":"https:\/\/www.europesays.com\/es\/wp-json\/wp\/v2\/categories?post=130716"},{"taxonomy":"post_tag","embeddable":true,"href":"https:\/\/www.europesays.com\/es\/wp-json\/wp\/v2\/tags?post=130716"}],"curies":[{"name":"wp","href":"https:\/\/api.w.org\/{rel}","templated":true}]}}