{"id":130724,"date":"2025-09-22T01:14:08","date_gmt":"2025-09-22T01:14:08","guid":{"rendered":"https:\/\/www.europesays.com\/es\/130724\/"},"modified":"2025-09-22T01:14:08","modified_gmt":"2025-09-22T01:14:08","slug":"la-laguna-tfe-85-dreamland-gc-86","status":"publish","type":"post","link":"https:\/\/www.europesays.com\/es\/130724\/","title":{"rendered":"La Laguna Tfe 85 &#8211; Dreamland GC 86"},"content":{"rendered":"<p>El Dreamland Gran Canaria domin\u00f3 el duelo desde los primeros compases liderado por un enorme Mike Tobey que se march\u00f3 hasta los 13 puntos en un asalto inicial que acab\u00f3 con un contundente 17-31 favorable a los visitantes.<\/p>\n<p>Tuvo una buena salida del segundo cuarto el equipo de Txus Vidorreta con los puntos de Marcelinho Huertas y Kostas Kostadinov (35-42) pero el Dreamland GC defendi\u00f3 su superioridad y se march\u00f3 por delante al descanso (40-49).<\/p>\n<blockquote class=\"twitter-tweet\">\n<p lang=\"es\" dir=\"ltr\">\ud83c\udfc6 Ganadores de la I Copa Canaria \u270c\ufe0f<\/p>\n<p>\ud83d\udc4f <a href=\"https:\/\/twitter.com\/Huertas09?ref_src=twsrc%5Etfw\" rel=\"nofollow noopener\" target=\"_blank\">@Huertas09<\/a> recibe el trofeo de la mano de la leyenda Carmelo Cabrera y la administradora general de RTVC Mar\u00eda M\u00e9ndez <\/p>\n<p>\ud83e\udd1d <a href=\"https:\/\/twitter.com\/RTVCes?ref_src=twsrc%5Etfw\" rel=\"nofollow noopener\" target=\"_blank\">@RTVCes<\/a> <\/p>\n<p>\ud83d\udc9b\ud83d\udda4 <a href=\"https:\/\/twitter.com\/hashtag\/VamosCanarias?src=hash&amp;ref_src=twsrc%5Etfw\" rel=\"nofollow noopener\" target=\"_blank\">#VamosCanarias<\/a> <a href=\"https:\/\/t.co\/ebTcmJmIAJ\" rel=\"nofollow\">pic.twitter.com\/ebTcmJmIAJ<\/a><\/p>\n<p>\u2014 La Laguna Tenerife (@CB1939Canarias) <a href=\"https:\/\/twitter.com\/CB1939Canarias\/status\/1969829356395540890?ref_src=twsrc%5Etfw\" rel=\"nofollow noopener\" target=\"_blank\">September 21, 2025<\/a><\/p><\/blockquote>\n<p>El cuadro lagunero sigui\u00f3 remando y aunque la dupla Wong-Tobey mantuvo los nueve puntos de ventaja (50-59), el capit\u00e1n Huertas insisti\u00f3 y acerc\u00f3 a los suyos a tan s\u00f3lo dos puntos (58-60).<\/p>\n<p>El tira y afloja continu\u00f3 (65-71) hasta que La Laguna Tenerife termin\u00f3 de acercarse con los puntos de H\u00e9ctor Alderete, Kostadinov y Jaime Fern\u00e1ndez (71-71) e incluso, colocarse por delante por primera vez en todo el choque con dos triples de Rokas Giedraitis y Thomas Scrubb (81-75).<\/p>\n<p>Wong y Kur Kuath apuraron las opciones del cuadro grancanario (81-81) y pese al acierto de Fern\u00e1ndez desde el 4.75 (83-81) un triple de Nico Brussino revivi\u00f3 al cuadro amarillo (83-84).<\/p>\n<p>Un tap\u00f3n ilegal de Kuath pareci\u00f3 darle el triunfo a los aurinegros a falta de 3 segundos, pero el partido ten\u00eda guardado un rev\u00e9s m\u00e1s y una falta sobre Wong otorg\u00f3 el triunfo a los visitantes (85-86).<\/p>\n<p>Con esto, La Laguna Tenerife culmina su pretemporada y cierra una puesta a punto enfocada en llegar de la mejor manera posible a la Supercopa Liga Endesa de los pr\u00f3ximos 27 y 28 de septiembre.<\/p>\n<p>Por su parte, el Dreamland Gran Canaria disputar\u00e1 un test m\u00e1s antes del debut liguero que tendr\u00e1 lugar este jueves ante el Covir\u00e1n Granada.<\/p>\n<p><strong>85. La Laguna Tenerife:<\/strong> Kostadinov (12), Fern\u00e1ndez (11), Fitipaldo (3), Scrubb (3), Alderete (15) -inicial- Huertas (17), Costa (5), Sastre (-), Shermadini (2), Abromaitis (7), Giedraitis (10), Bord\u00f3n (-).<\/p>\n<p><strong>86. Dreamland Gran Canaria:<\/strong> Wong (18), Vila (3), Albicy (5), Salvo (2), Kuath (12) -inicial- Maniema (2), Samar (7), Brussino (6), Pelos (6), Tobey (20), Labeyrie (3), Panasiuk (2).<\/p>\n<p><strong>Incidencias<\/strong>: Segundo partido de la Copa Canarias disputado en el pabell\u00f3n Santiago Mart\u00edn de Tenerife.<\/p>\n<p><script async src=\"https:\/\/platform.twitter.com\/widgets.js\" charset=\"utf-8\"><\/script><\/p>\n","protected":false},"excerpt":{"rendered":"El Dreamland Gran Canaria domin\u00f3 el duelo desde los primeros compases liderado por un enorme Mike Tobey que&hellip;\n","protected":false},"author":2,"featured_media":130725,"comment_status":"","ping_status":"","sticky":false,"template":"","format":"standard","meta":{"footnotes":""},"categories":[269],"tags":[299,298,168,25,24,23,167],"class_list":{"0":"post-130724","1":"post","2":"type-post","3":"status-publish","4":"format-standard","5":"has-post-thumbnail","7":"category-baloncesto","8":"tag-baloncesto","9":"tag-basketball","10":"tag-deportes","11":"tag-es","12":"tag-espana","13":"tag-spain","14":"tag-sports"},"share_on_mastodon":{"url":"","error":""},"_links":{"self":[{"href":"https:\/\/www.europesays.com\/es\/wp-json\/wp\/v2\/posts\/130724","targetHints":{"allow":["GET"]}}],"collection":[{"href":"https:\/\/www.europesays.com\/es\/wp-json\/wp\/v2\/posts"}],"about":[{"href":"https:\/\/www.europesays.com\/es\/wp-json\/wp\/v2\/types\/post"}],"author":[{"embeddable":true,"href":"https:\/\/www.europesays.com\/es\/wp-json\/wp\/v2\/users\/2"}],"replies":[{"embeddable":true,"href":"https:\/\/www.europesays.com\/es\/wp-json\/wp\/v2\/comments?post=130724"}],"version-history":[{"count":0,"href":"https:\/\/www.europesays.com\/es\/wp-json\/wp\/v2\/posts\/130724\/revisions"}],"wp:featuredmedia":[{"embeddable":true,"href":"https:\/\/www.europesays.com\/es\/wp-json\/wp\/v2\/media\/130725"}],"wp:attachment":[{"href":"https:\/\/www.europesays.com\/es\/wp-json\/wp\/v2\/media?parent=130724"}],"wp:term":[{"taxonomy":"category","embeddable":true,"href":"https:\/\/www.europesays.com\/es\/wp-json\/wp\/v2\/categories?post=130724"},{"taxonomy":"post_tag","embeddable":true,"href":"https:\/\/www.europesays.com\/es\/wp-json\/wp\/v2\/tags?post=130724"}],"curies":[{"name":"wp","href":"https:\/\/api.w.org\/{rel}","templated":true}]}}