{"id":130726,"date":"2025-09-22T01:15:09","date_gmt":"2025-09-22T01:15:09","guid":{"rendered":"https:\/\/www.europesays.com\/es\/130726\/"},"modified":"2025-09-22T01:15:09","modified_gmt":"2025-09-22T01:15:09","slug":"asi-queda-la-clasificacion-de-la-liga-tras-la-victoria-del-barcelona","status":"publish","type":"post","link":"https:\/\/www.europesays.com\/es\/130726\/","title":{"rendered":"As\u00ed queda la clasificaci\u00f3n de la Liga tras la victoria del Barcelona"},"content":{"rendered":"<p>El <strong><a href=\"https:\/\/www.fcbarcelona.es\/es\/\" rel=\"nofollow noopener\" target=\"_blank\">FC Barcelon<\/a><a href=\"https:\/\/www.fcbarcelona.es\/es\/\" rel=\"nofollow noopener\" target=\"_blank\">a<\/a><\/strong> ha conseguido una victoria muy importante en Montjuic <a href=\"https:\/\/okdiario.com\/deportes\/ferran-torres-pone-barcelona-bailar-bajo-lluvia-15449704\" rel=\"nofollow noopener\" target=\"_blank\">ante el Getafe<\/a> para seguir a la caza del <strong>Real<\/strong> <strong>Madrid<\/strong>. A pesar de que el conjunto azul\u00f3n estaba teniendo un gran arranque de temporada, el conjunto de Hansi Flick fue una m\u00e1quina arrolladora para sumar tres puntos nuevos para mantenerse segundos en la clasificaci\u00f3n general de la liga.<\/p>\n<p>En la primera parte, el Bar\u00e7a llev\u00f3 la iniciativa del juego hasta que un gran taconazo de Dani Olmo dej\u00f3 un bal\u00f3n en dulce a <strong>Ferran<\/strong> <strong>Torres<\/strong> para empujarla a placer a abrir el marcador. Una apertura que hizo m\u00e1s dominador al equipo azulgrana. El Getafe poco a poco se iba hundiendo atr\u00e1s hasta que Pedri aprovech\u00f3 un despiste para que Raphinha se la diese al \u2018Tibur\u00f3n\u2019 y mandar el esf\u00e9rico al fondo de la reda ante la mirada de un David Soria totalmente vencido.<\/p>\n<p>Ya, en la segunda parte, Bordal\u00e1s hizo un triple cambio en busca de un gol que diese el milagro y, en los primeros minutos, merode\u00f3 la porter\u00eda de Joan Garc\u00eda con una disparo de volea que se march\u00f3 lamiendo el poste. Poco a poco, con la entrada de Rashford en velocidad, aprovech\u00f3 una cabalgada para meter un bal\u00f3n que lleg\u00f3 a un <strong>Dani<\/strong> <strong>Olmo<\/strong> que solo ten\u00eda que empujarla a la porter\u00eda.<\/p>\n<p>Con este resultado, <strong>el liderato sigue siendo para el Real Madrid<\/strong> tras un pleno de 15 puntos, dejando al Bar\u00e7a segundo con dos puntos menos y con Villarreal y Espanyol con diez. El <strong>Atl\u00e9tico<\/strong> es duod\u00e9cimo despu\u00e9s de su pinchazo en Son Moix ante el Mallorca.<\/p>\n<p>As\u00ed queda la clasificaci\u00f3n de la Liga tras el Barcelona-Getafe<\/p>\n<ol>\n<li>Real Madrid: 15 puntos<\/li>\n<li>Barcelona: 13 puntos<\/li>\n<li>\u00a0Villarreal: 10 puntos<\/li>\n<li>Espanyol: 10 puntos<\/li>\n<li>Elche: 9 puntos<\/li>\n<li>Betis: 9 puntos<\/li>\n<li>Getafe: 9 puntos<\/li>\n<li>Athletic: 9 puntos<\/li>\n<li>Sevilla: 7 puntos<\/li>\n<li>Alav\u00e9s: 7 puntos<\/li>\n<li>Valencia: 7 puntos<\/li>\n<li>Atl\u00e9tico: 6 puntos<\/li>\n<li>Osasuna: 6 puntos<\/li>\n<li>Rayo: 5 puntos<\/li>\n<li>Celta. 5 puntos<\/li>\n<li>Levante: 4 puntos<\/li>\n<li>Oviedo: 3 puntos<\/li>\n<li>Real Sociedad: 2 puntos<\/li>\n<li>Mallorca: 2 puntos<\/li>\n<li>Girona.: 1 punto<\/li>\n<\/ol>\n","protected":false},"excerpt":{"rendered":"El FC Barcelona ha conseguido una victoria muy importante en Montjuic ante el Getafe para seguir a la&hellip;\n","protected":false},"author":2,"featured_media":130727,"comment_status":"","ping_status":"","sticky":false,"template":"","format":"standard","meta":{"footnotes":""},"categories":[268],"tags":[168,25,24,280,282,281,23,167],"class_list":{"0":"post-130726","1":"post","2":"type-post","3":"status-publish","4":"format-standard","5":"has-post-thumbnail","7":"category-futbol","8":"tag-deportes","9":"tag-es","10":"tag-espana","11":"tag-football","12":"tag-futbol","13":"tag-soccer","14":"tag-spain","15":"tag-sports"},"share_on_mastodon":{"url":"","error":""},"_links":{"self":[{"href":"https:\/\/www.europesays.com\/es\/wp-json\/wp\/v2\/posts\/130726","targetHints":{"allow":["GET"]}}],"collection":[{"href":"https:\/\/www.europesays.com\/es\/wp-json\/wp\/v2\/posts"}],"about":[{"href":"https:\/\/www.europesays.com\/es\/wp-json\/wp\/v2\/types\/post"}],"author":[{"embeddable":true,"href":"https:\/\/www.europesays.com\/es\/wp-json\/wp\/v2\/users\/2"}],"replies":[{"embeddable":true,"href":"https:\/\/www.europesays.com\/es\/wp-json\/wp\/v2\/comments?post=130726"}],"version-history":[{"count":0,"href":"https:\/\/www.europesays.com\/es\/wp-json\/wp\/v2\/posts\/130726\/revisions"}],"wp:featuredmedia":[{"embeddable":true,"href":"https:\/\/www.europesays.com\/es\/wp-json\/wp\/v2\/media\/130727"}],"wp:attachment":[{"href":"https:\/\/www.europesays.com\/es\/wp-json\/wp\/v2\/media?parent=130726"}],"wp:term":[{"taxonomy":"category","embeddable":true,"href":"https:\/\/www.europesays.com\/es\/wp-json\/wp\/v2\/categories?post=130726"},{"taxonomy":"post_tag","embeddable":true,"href":"https:\/\/www.europesays.com\/es\/wp-json\/wp\/v2\/tags?post=130726"}],"curies":[{"name":"wp","href":"https:\/\/api.w.org\/{rel}","templated":true}]}}