{"id":130728,"date":"2025-09-22T01:16:06","date_gmt":"2025-09-22T01:16:06","guid":{"rendered":"https:\/\/www.europesays.com\/es\/130728\/"},"modified":"2025-09-22T01:16:06","modified_gmt":"2025-09-22T01:16:06","slug":"brad-pitt-admite-que-odia-su-actuacion-con-robert-redford-en-el-rio-de-la-vida-y-se-sincera-sobre-sus-errores","status":"publish","type":"post","link":"https:\/\/www.europesays.com\/es\/130728\/","title":{"rendered":"Brad Pitt admite que odia su actuaci\u00f3n con Robert Redford en \u201dEl r\u00edo de la vida\u00bb y se sincera sobre sus errores"},"content":{"rendered":"<p>Tr\u00e1iler de \u00abEl r\u00edo de la vida\u00bb<\/p>\n<p class=\"paragraph\"><a rel=\"noopener noreferrer nofollow\" href=\"https:\/\/www.infobae.com\/entretenimiento\/2025\/06\/28\/la-razon-por-la-que-brad-pitt-decidio-dejar-de-beber-alcohol\/\" target=\"_blank\" title=\"https:\/\/www.infobae.com\/entretenimiento\/2025\/06\/28\/la-razon-por-la-que-brad-pitt-decidio-dejar-de-beber-alcohol\/\"><b>Brad Pitt<\/b><\/a>, una de las figuras m\u00e1s reconocidas de Hollywood, ha sorprendido al p\u00fablico al expresar abiertamente su insatisfacci\u00f3n con su actuaci\u00f3n en <b>El r\u00edo de la vida<\/b>, pel\u00edcula dirigida por <a rel=\"noopener noreferrer nofollow\" href=\"https:\/\/www.infobae.com\/entretenimiento\/2025\/09\/17\/mas-alla-del-cine-17-revelaciones-sorprendentes-sobre-robert-redford-y-su-legado\/\" target=\"_blank\" title=\"https:\/\/www.infobae.com\/entretenimiento\/2025\/09\/17\/mas-alla-del-cine-17-revelaciones-sorprendentes-sobre-robert-redford-y-su-legado\/\"><b>Robert Redford<\/b><\/a> hace m\u00e1s de tres d\u00e9cadas.<\/p>\n<p class=\"paragraph\">A pesar de que la cinta se consolid\u00f3 como un \u00e9xito tanto en taquilla como en la cr\u00edtica, el propio Pitt ha calificado su interpretaci\u00f3n como <b>\u201cfloja\u201d<\/b> y ha admitido que <b>\u201clo hizo mal\u201d<\/b>, seg\u00fan recoge Espinof a partir de declaraciones realizadas por el actor en diferentes medios.<\/p>\n<p class=\"paragraph\">En varias entrevistas citadas por Espinof, Pitt ha profundizado en los motivos de su autocr\u00edtica. El actor, que en ese entonces a\u00fan no hab\u00eda alcanzado el estatus de superestrella, fue seleccionado por Redford para encarnar a <b>Paul<\/b>, uno de los dos hermanos protagonistas de la historia ambientada en Montana.<\/p>\n<p><img alt=\"El actor fue elegido por\" class=\"global-image\" decoding=\"async\" fetchpriority=\"low\" height=\"1080\" loading=\"lazy\" src=\"https:\/\/www.europesays.com\/es\/wp-content\/uploads\/2025\/09\/C7NPH3A2WREUDEVZ2L2STP6LKQ.jpg\" width=\"1920\"\/>El actor fue elegido por Robert Redford para interpretar a Paul, uno de los hermanos protagonistas, antes de alcanzar la fama<\/p>\n<p class=\"paragraph\">La pel\u00edcula narra la vida de Norman y Paul, hijos de un pastor protestante, cuya relaci\u00f3n se forja en torno al r\u00edo donde aprendieron a pescar durante su infancia. Redford, adem\u00e1s de dirigir la cinta, asumi\u00f3 el papel de narrador, aunque no apareci\u00f3 en pantalla.<\/p>\n<p class=\"paragraph\">El reto de interpretar a Paul result\u00f3 especialmente complejo para Pitt. Seg\u00fan relat\u00f3 a Entertainment Weekly, sent\u00eda <b>la presi\u00f3n de no convertirse en un simple imitador de Redford<\/b>, quien a\u00f1os atr\u00e1s habr\u00eda encarnado ese mismo papel.<\/p>\n<p class=\"paragraph\">\u201cNo quieres que te llamen imitador\u201d, afirm\u00f3 el actor, subrayando su deseo de imprimir un estilo propio al personaje. Sin embargo, Pitt reconoci\u00f3 en Los Angeles Times, citado por Espinof, que no logr\u00f3 encontrar el enfoque adecuado.<\/p>\n<p><img alt=\"La historia, basada en la\" class=\"global-image\" decoding=\"async\" fetchpriority=\"low\" height=\"2710\" loading=\"lazy\" src=\"https:\/\/www.europesays.com\/es\/wp-content\/uploads\/2025\/09\/SUAMFTRRPRBVJA7T2WZUIIW5QU.jpg\" width=\"1920\"\/>La historia, basada en la obra de Norman Maclean, explora la formaci\u00f3n personal influida por la religi\u00f3n y la naturaleza<\/p>\n<p class=\"paragraph\">En Missoula, Montana, en 1926, dos hermanos pasaron su infancia junto a sus padres en una peque\u00f1a casa de campo. Desde ni\u00f1os, ya mostraban personalidades opuestas. La distancia entre ellos aument\u00f3 cuando uno de ellos parti\u00f3 a la ciudad para estudiar, mientras el otro permaneci\u00f3 en el pueblo; <b>esa separaci\u00f3n aviv\u00f3 viejas rivalidades y sus choques se volvieron habituales<\/b>.<\/p>\n<p class=\"paragraph\">Inspirada en la obra autobiogr\u00e1fica de <b>Norman Maclean<\/b>, la historia sigue un proceso de formaci\u00f3n personal marcado por <b>la religi\u00f3n<\/b> y por un v\u00ednculo profundo con la naturaleza. El largometraje dirigido por Robert Redford destaca por una narrativa precisa y un dise\u00f1o visual cuidadoso, aunque, seg\u00fan algunos cr\u00edticos, deja sin desarrollar parte del potencial simb\u00f3lico del relato.<\/p>\n<p class=\"paragraph\">Norman (<b>Craig Sheffer<\/b>) y Paul Maclean (Brad Pitt), hijos de un pastor presbiteriano, recibieron una educaci\u00f3n estricta pero gozaron tambi\u00e9n de libertad. El primero de ellos, el mayor, se caracteriza por su car\u00e1cter reflexivo y reservado; es profesor y vive enamorado. El otro, impulsivo y extrovertido, ejerce el periodismo y lleva una vida menos ordenada. Pese a sus diferencias, <b>comparten el lazo inquebrantable del r\u00edo salvaje que recorre Montana<\/b>, donde aprendieron juntos el arte de la pesca.<\/p>\n<p class=\"paragraph\">La autocr\u00edtica de Pitt no se limita a su desempe\u00f1o individual. Aunque la pel\u00edcula recibi\u00f3 elogios y su trabajo fue valorado por parte de la cr\u00edtica, el actor considera que esos reconocimientos no estaban justificados en su caso.<\/p>\n<p><img alt=\"El actor hace autocr\u00edtica sobre\" class=\"global-image\" decoding=\"async\" fetchpriority=\"low\" height=\"1081\" loading=\"lazy\" src=\"https:\/\/www.europesays.com\/es\/wp-content\/uploads\/2025\/09\/NA3YMZ4NXNF5FGV27LH3FYPWHM.jpg\" width=\"1920\"\/>El actor hace autocr\u00edtica sobre su desempe\u00f1o individual en la cinta, a pesar de la valoraci\u00f3n positiva de la cr\u00edtica<\/p>\n<p class=\"paragraph\"><b>\u201cRobert Redford hizo una pel\u00edcula de calidad. Pero no creo que yo tuviera la suficiente habilidad. Creo que podr\u00eda haberlo hecho mejor\u201d<\/b>, confes\u00f3 Pitt, seg\u00fan Espinof. El actor atribuy\u00f3 parte de su insatisfacci\u00f3n a la presi\u00f3n inherente al papel, ya que deb\u00eda interpretar a una persona real y, en ocasiones, la familia del personaje estaba presente durante el rodaje. <\/p>\n<p class=\"paragraph\">Adem\u00e1s, manifest\u00f3 su preocupaci\u00f3n por no decepcionar a Redford, lo que increment\u00f3 la exigencia personal en el set.<\/p>\n<p class=\"paragraph\">A pesar de las dudas de Pitt, El r\u00edo de la vida se convirti\u00f3 en un fen\u00f3meno comercial. La pel\u00edcula <b>recaud\u00f3 66 millones de d\u00f3lares, una cifra notable considerando su presupuesto de 12 millones de d\u00f3lares.<\/b><\/p>\n<p><img alt=\"La pel\u00edcula dirigida por Redford\" class=\"global-image\" decoding=\"async\" fetchpriority=\"low\" height=\"2122\" loading=\"lazy\" src=\"https:\/\/www.europesays.com\/es\/wp-content\/uploads\/2025\/09\/MGKDVZMDKBG4NGNO6UWGMMBW6Y.jpg\" width=\"3000\"\/>La pel\u00edcula dirigida por Redford super\u00f3 ampliamente su presupuesto inicial de 12 millones de d\u00f3lares (Foto Evan Agostini\/Invision\/AP, archivo)<\/p>\n<p class=\"paragraph\">Adem\u00e1s, la industria cinematogr\u00e1fica reconoci\u00f3 su calidad con <b>tres nominaciones a los premios \u00d3scar<\/b>, entre ellas la de mejor fotograf\u00eda, galard\u00f3n que finalmente obtuvo. Espinof destaca que este \u00e9xito consolid\u00f3 la reputaci\u00f3n de Redford como director y contribuy\u00f3 a impulsar la carrera de Pitt, a pesar de sus reservas sobre su propio desempe\u00f1o.<\/p>\n<p class=\"paragraph\">Nueve a\u00f1os despu\u00e9s del estreno de El r\u00edo de la vida, Pitt y Redford volvieron a coincidir en la gran pantalla con <b>Spy Game<\/b>. <\/p>\n<p class=\"paragraph\">Esta nueva colaboraci\u00f3n ofreci\u00f3 a Pitt la oportunidad de reencontrarse profesionalmente con Redford y de afrontar un nuevo reto interpretativo, aunque la pel\u00edcula no alcanz\u00f3 el mismo reconocimiento que su primer trabajo conjunto, seg\u00fan recuerda Espinof.<\/p>\n","protected":false},"excerpt":{"rendered":"Tr\u00e1iler de \u00abEl r\u00edo de la vida\u00bb Brad Pitt, una de las figuras m\u00e1s reconocidas de Hollywood, ha&hellip;\n","protected":false},"author":2,"featured_media":130729,"comment_status":"","ping_status":"","sticky":false,"template":"","format":"standard","meta":{"footnotes":""},"categories":[174],"tags":[255,146,147,25,24,256,23],"class_list":{"0":"post-130728","1":"post","2":"type-post","3":"status-publish","4":"format-standard","5":"has-post-thumbnail","7":"category-famosos","8":"tag-celebrities","9":"tag-entertainment","10":"tag-entretenimiento","11":"tag-es","12":"tag-espana","13":"tag-famosos","14":"tag-spain"},"share_on_mastodon":{"url":"","error":""},"_links":{"self":[{"href":"https:\/\/www.europesays.com\/es\/wp-json\/wp\/v2\/posts\/130728","targetHints":{"allow":["GET"]}}],"collection":[{"href":"https:\/\/www.europesays.com\/es\/wp-json\/wp\/v2\/posts"}],"about":[{"href":"https:\/\/www.europesays.com\/es\/wp-json\/wp\/v2\/types\/post"}],"author":[{"embeddable":true,"href":"https:\/\/www.europesays.com\/es\/wp-json\/wp\/v2\/users\/2"}],"replies":[{"embeddable":true,"href":"https:\/\/www.europesays.com\/es\/wp-json\/wp\/v2\/comments?post=130728"}],"version-history":[{"count":0,"href":"https:\/\/www.europesays.com\/es\/wp-json\/wp\/v2\/posts\/130728\/revisions"}],"wp:featuredmedia":[{"embeddable":true,"href":"https:\/\/www.europesays.com\/es\/wp-json\/wp\/v2\/media\/130729"}],"wp:attachment":[{"href":"https:\/\/www.europesays.com\/es\/wp-json\/wp\/v2\/media?parent=130728"}],"wp:term":[{"taxonomy":"category","embeddable":true,"href":"https:\/\/www.europesays.com\/es\/wp-json\/wp\/v2\/categories?post=130728"},{"taxonomy":"post_tag","embeddable":true,"href":"https:\/\/www.europesays.com\/es\/wp-json\/wp\/v2\/tags?post=130728"}],"curies":[{"name":"wp","href":"https:\/\/api.w.org\/{rel}","templated":true}]}}