{"id":130738,"date":"2025-09-22T01:22:17","date_gmt":"2025-09-22T01:22:17","guid":{"rendered":"https:\/\/www.europesays.com\/es\/130738\/"},"modified":"2025-09-22T01:22:17","modified_gmt":"2025-09-22T01:22:17","slug":"los-exitos-de-maria-perez-y-paul-mcgrath-llevan-a-espana-a-la-quinta-plaza-del-medallero","status":"publish","type":"post","link":"https:\/\/www.europesays.com\/es\/130738\/","title":{"rendered":"Los \u00e9xitos de Mar\u00eda P\u00e9rez y Paul McGrath llevan a Espa\u00f1a a la quinta plaza del medallero"},"content":{"rendered":"<p class=\"v-mdl-ath__p v-mdl-ath__p--6\">\nDomingo, 21 de septiembre 2025, 20:09<\/p>\n<p>| Actualizado 22:11h.<\/p>\n<p class=\"v-p\">Con la quinta plaza del relevo corto femenino, Espa\u00f1a cierra un Mundial donde una vez m\u00e1s la marcha ha impulsado a la selecci\u00f3n en el medallero. Tres medallas, dos oros y una plata, que han llevado a Espa\u00f1a a la quinta plaza final, empatada con pa\u00edses como Botsuana y Nueva Zelanda, Tambi\u00e9n con dos oros han finalizado el campeonato Pa\u00edses Bajos, pero con un total de seis metales, o Portugal. <\/p>\n<p class=\"v-p\">En lo m\u00e1s alto aparece Estados Unidos, que se fue hasta las 26 medallas en los nueve d\u00edas de competici\u00f3n en Tokio, 16 de ellas de oro. El segundo pelda\u00f1o es para Kenia, con 11, y completa el podio de pa\u00edses Canad\u00e1 con 5 metales, pero tres de ellos de oro. <\/p>\n<p class=\"v-p\">De vuelta al equipo espa\u00f1ol, esas tres preseas, los dos oros de Mar\u00eda P\u00e9rez y el bronce de Paul McGrath, suponen un paso atr\u00e1s respecto a Budapest 2023, cuando Espa\u00f1a cerr\u00f3 aquel campeonato con cuatro oros, gracias a los dos dobletes en marcha de la propia Mar\u00eda P\u00e9rez y de \u00c1lvaro Mart\u00edn. Aun as\u00ed, en el c\u00f3mputo de t\u00edtulos, el de Tokio iguala los registros conseguidos en Sevilla&#8217;99 y Sttutgart&#8217;93.<\/p>\n<p class=\"v-p\">En cuanto a las plazas de finalistas, han sido 11 en total, marca que no se alcanzaba desde los 13 conseguidos en el Mundial de Par\u00eds de 2003. Enrique Llopis se qued\u00f3 una vez m\u00e1s a las puertas del podio con otra cuarta plaza en la final de los 110 metros vallas, al igual que sucedi\u00f3 en los Juegos de Par\u00eds. Attatoui, por su parte, tambi\u00e9n repiti\u00f3 el resultado del a\u00f1o anterior siendo quinto en la final de los 800 metros. El relevo femenino 4&#215;100 y Daniel Chamosa en la prueba de los 35 mil\u00f3metros marcha tambi\u00e9n concluyeron en la quinta plaza. <\/p>\n<p class=\"v-p\"><strong>Brillante marcha<\/strong><\/p>\n<p class=\"v-p\">Bajando un pelda\u00f1o en la clasificaci\u00f3n aparece el sexto lugar que consigui\u00f3 Raquel Gonz\u00e1lez en la misma distancia de marcha, mientras que s\u00e9ptimos fueron Cristina Montesinos en 35K, Ant\u00eda Chamosa en 20K y Marta Garc\u00eda en la final de 5.000 metros. Y completan los puestos de finalistas en Tokio tres octavas plazas: Diego Garc\u00eda Carrera en 20K marcha, Adri\u00e1n Ben en 1.500 metros y Lester Lescay en la final de salto de longitud. <\/p>\n<p class=\"v-p\">Una vez m\u00e1s, la especialidad de marcha ha sido la que ha tirado del atletismo espa\u00f1ol en un gran campeonato. Adem\u00e1s de las tres medallas, cinco de los once puestos de finalistas llegaron de la mano de los especialistas en los 20 y 35 kil\u00f3metros, Y esas tres preseas elevan a 24 la cuenta de metales de la marcha en un Mundial, de las 49 que ha cosechado el atletismo espa\u00f1ol. <\/p>\n<p class=\"v-p\">Ese rendimiento en la especialidad salva el balance general, donde se han notado las ausencias de dos referentes en los \u00faltimos tiempos. Es el caso de Ana Peleteiro, que no pudo estar en la competici\u00f3n tokiota, y de Jordan D\u00edaz, que s\u00ed estuvo, pero el campe\u00f3n ol\u00edmpico cay\u00f3 lesionado en su primer intento de triple en la clasificatoria. <\/p>\n<p>Comenta<\/p>\n<p>Reporta un error<\/p>\n","protected":false},"excerpt":{"rendered":"Domingo, 21 de septiembre 2025, 20:09 | Actualizado 22:11h. Con la quinta plaza del relevo corto femenino, Espa\u00f1a&hellip;\n","protected":false},"author":2,"featured_media":130739,"comment_status":"","ping_status":"","sticky":false,"template":"","format":"standard","meta":{"footnotes":""},"categories":[93],"tags":[168,25,24,9223,9160,1932,41925,41926,9359,738,1386,15384,23,167],"class_list":{"0":"post-130738","1":"post","2":"type-post","3":"status-publish","4":"format-standard","5":"has-post-thumbnail","7":"category-deportes","8":"tag-deportes","9":"tag-es","10":"tag-espana","11":"tag-exitos","12":"tag-llevan","13":"tag-maria","14":"tag-mcgrath","15":"tag-medallero","16":"tag-paul","17":"tag-perez","18":"tag-plaza","19":"tag-quinta","20":"tag-spain","21":"tag-sports"},"share_on_mastodon":{"url":"","error":""},"_links":{"self":[{"href":"https:\/\/www.europesays.com\/es\/wp-json\/wp\/v2\/posts\/130738","targetHints":{"allow":["GET"]}}],"collection":[{"href":"https:\/\/www.europesays.com\/es\/wp-json\/wp\/v2\/posts"}],"about":[{"href":"https:\/\/www.europesays.com\/es\/wp-json\/wp\/v2\/types\/post"}],"author":[{"embeddable":true,"href":"https:\/\/www.europesays.com\/es\/wp-json\/wp\/v2\/users\/2"}],"replies":[{"embeddable":true,"href":"https:\/\/www.europesays.com\/es\/wp-json\/wp\/v2\/comments?post=130738"}],"version-history":[{"count":0,"href":"https:\/\/www.europesays.com\/es\/wp-json\/wp\/v2\/posts\/130738\/revisions"}],"wp:featuredmedia":[{"embeddable":true,"href":"https:\/\/www.europesays.com\/es\/wp-json\/wp\/v2\/media\/130739"}],"wp:attachment":[{"href":"https:\/\/www.europesays.com\/es\/wp-json\/wp\/v2\/media?parent=130738"}],"wp:term":[{"taxonomy":"category","embeddable":true,"href":"https:\/\/www.europesays.com\/es\/wp-json\/wp\/v2\/categories?post=130738"},{"taxonomy":"post_tag","embeddable":true,"href":"https:\/\/www.europesays.com\/es\/wp-json\/wp\/v2\/tags?post=130738"}],"curies":[{"name":"wp","href":"https:\/\/api.w.org\/{rel}","templated":true}]}}