{"id":130740,"date":"2025-09-22T01:23:09","date_gmt":"2025-09-22T01:23:09","guid":{"rendered":"https:\/\/www.europesays.com\/es\/130740\/"},"modified":"2025-09-22T01:23:09","modified_gmt":"2025-09-22T01:23:09","slug":"en-canarias-el-72-de-las-personas-que-padecen-alzheimer-son-mujeres","status":"publish","type":"post","link":"https:\/\/www.europesays.com\/es\/130740\/","title":{"rendered":"En Canarias, el 72% de las personas que padecen alzheimer son mujeres"},"content":{"rendered":"<p class=\"article-text\">\n        \u00a0El 72,2% de los canarios que padecen alzheimer son mujeres, que tambi\u00e9n son mayor\u00eda (68,87%) en la detecci\u00f3n de otras demencias.\n    <\/p>\n<p class=\"article-text\">\n        Con motivo de la celebraci\u00f3n este domingo 21 de septiembre del D\u00eda Mundial del alzheimer, el Gobierno de Canarias informa de que la prevalencia de esta enfermedad en 2024 era de 6.482 personas frente a las 6.371 de un a\u00f1o antes.\n    <\/p>\n<p class=\"article-text\">\n        La mayor parte de las personas con alzheimer diagnosticado en Canarias tiene m\u00e1s de 65 a\u00f1os, lo que representa el 96,66 por ciento del total.\n    <\/p>\n<p class=\"article-text\">\n        En cuanto al resto de demencias, en 2023 la prevalencia se situaba en 11.993 personas.\n    <\/p>\n<p class=\"article-text\">\n        La enfermedad de Alzheimer es una demencia degenerativa primaria y es la m\u00e1s frecuente. Se caracteriza por la presencia de ovillos neurofibrilares y placas seniles que causan la sintomatolog\u00eda de la enfermedad.\n    <\/p>\n<p class=\"article-text\">\n        S\u00f3lo el 1,5 por ciento de los casos es familiar y su frecuencia aumenta exponencialmente con la edad. De hecho, su prevalencia se duplica cada cinco a\u00f1os, explica la Consejer\u00eda de Sanidad.\n    <\/p>\n<p class=\"article-text\">\n        La demencia se caracteriza por un d\u00e9ficit adquirido en diversos dominios cognitivos que generan s\u00edntomas conductuales y psicol\u00f3gicos y producen limitaciones y restricciones en el individuo que la padece.\n    <\/p>\n<p class=\"article-text\">\n        La mayor\u00eda de las demencias aparecen a partir de los 65 a\u00f1os de forma espor\u00e1dica. Se estima una prevalencia global mundial de la demencia de 7,5 por cada 1.000 personas y a\u00f1o, y en Espa\u00f1a, la prevalencia anual es de 10-15 personas por cada 1.000 personas y a\u00f1o en la poblaci\u00f3n mayor de 65 a\u00f1os.\n    <\/p>\n<p class=\"article-text\">\n        Se desconocen con exactitud las causas que provocan la p\u00e9rdida neuronal en las enfermedades neurodegenerativas. No obstante, se han identificado algunos factores gen\u00e9ticos o ambientales posiblemente implicados en el desarrollo de este tipo de enfermedades.\n    <\/p>\n<p class=\"article-text\">\n        El principal factor de riesgo en la mayor\u00eda de las enfermedades neurodegenerativas es el envejecimiento, por lo que es esperable que la prevalencia de estas enfermedades crezca en un futuro pr\u00f3ximo.\n    <\/p>\n<p class=\"article-text\">\n        Otros factores de riesgo asociados a estas patolog\u00edas son la hipertensi\u00f3n arterial, las dislipemias, la diabetes, los problemas de tiroides, la depresi\u00f3n, el tabaquismo, la anemia y la hiperhomocisteinemia.\n    <\/p>\n<p class=\"article-text\">\n        La Consejer\u00eda de Sanidad del Gobierno de Canarias se suma un a\u00f1o m\u00e1s a la conmemoraci\u00f3n del D\u00eda Mundial del Alzh\u00e9imer, una jornada que se celebra cada 21 de septiembre, en esta ocasi\u00f3n, bajo el lema \u2018Igualando derechos\u2019, propuesto por la Organizaci\u00f3n Mundial de la Salud y la Alzheimer\u2019s Disease International.\n    <\/p>\n<p class=\"article-text\">\n        Con el objetivo de intentar sensibilizar a la poblaci\u00f3n sobre esta patolog\u00eda, promover el conocimiento, la detecci\u00f3n precoz y la investigaci\u00f3n, el Servicio Canario de la Salud (SCS) ha publicado este a\u00f1o, a trav\u00e9s de la Direcci\u00f3n General de Programas Asistenciales, la Estrategia de enfermedades neurodegenerativas de Canarias 2025-2028, para su desarrollo en la red asistencial del SCS.\n    <\/p>\n<p class=\"article-text\">\n        Se trata de un documento cient\u00edfico y t\u00e9cnico elaborado por un grupo multidisciplinar de profesionales del SCS y de asociaciones de pacientes en el que se establece el marco de actuaci\u00f3n a desarrollar en la red asistencial del SCS en relaci\u00f3n a este tipo de patolog\u00edas.\n    <\/p>\n<p class=\"article-text\">\n        Para ello, se cuenta con una ficha financiera de cerca de tres millones de euros que ir\u00e1n destinados a la prevenci\u00f3n y detecci\u00f3n precoz, equipamiento de rehabilitaci\u00f3n cognitiva y formaci\u00f3n e investigaci\u00f3n.\n    <\/p>\n<p class=\"article-text\">\n        La estrategia se concibe como un instrumento de trabajo con el que se pretende mejorar la atenci\u00f3n de pacientes y familiares afectados por estas patolog\u00edas y est\u00e1 alineada con la visi\u00f3n humanizadora que se est\u00e1 potenciando en la asistencia sanitaria en Canarias y que est\u00e1 promoviendo actualmente la Direcci\u00f3n General del Paciente y Cronicidad del SCS.\u00a0\n    <\/p>\n","protected":false},"excerpt":{"rendered":"\u00a0El 72,2% de los canarios que padecen alzheimer son mujeres, que tambi\u00e9n son mayor\u00eda (68,87%) en la detecci\u00f3n&hellip;\n","protected":false},"author":2,"featured_media":130741,"comment_status":"","ping_status":"","sticky":false,"template":"","format":"standard","meta":{"footnotes":""},"categories":[92],"tags":[41927,3350,1896,25,24,165,4044,12827,3477,166,2877,23],"class_list":{"0":"post-130740","1":"post","2":"type-post","3":"status-publish","4":"format-standard","5":"has-post-thumbnail","7":"category-salud","8":"tag-41927","9":"tag-alzheimer","10":"tag-canarias","11":"tag-es","12":"tag-espana","13":"tag-health","14":"tag-mujeres","15":"tag-padecen","16":"tag-personas","17":"tag-salud","18":"tag-son","19":"tag-spain"},"share_on_mastodon":{"url":"","error":""},"_links":{"self":[{"href":"https:\/\/www.europesays.com\/es\/wp-json\/wp\/v2\/posts\/130740","targetHints":{"allow":["GET"]}}],"collection":[{"href":"https:\/\/www.europesays.com\/es\/wp-json\/wp\/v2\/posts"}],"about":[{"href":"https:\/\/www.europesays.com\/es\/wp-json\/wp\/v2\/types\/post"}],"author":[{"embeddable":true,"href":"https:\/\/www.europesays.com\/es\/wp-json\/wp\/v2\/users\/2"}],"replies":[{"embeddable":true,"href":"https:\/\/www.europesays.com\/es\/wp-json\/wp\/v2\/comments?post=130740"}],"version-history":[{"count":0,"href":"https:\/\/www.europesays.com\/es\/wp-json\/wp\/v2\/posts\/130740\/revisions"}],"wp:featuredmedia":[{"embeddable":true,"href":"https:\/\/www.europesays.com\/es\/wp-json\/wp\/v2\/media\/130741"}],"wp:attachment":[{"href":"https:\/\/www.europesays.com\/es\/wp-json\/wp\/v2\/media?parent=130740"}],"wp:term":[{"taxonomy":"category","embeddable":true,"href":"https:\/\/www.europesays.com\/es\/wp-json\/wp\/v2\/categories?post=130740"},{"taxonomy":"post_tag","embeddable":true,"href":"https:\/\/www.europesays.com\/es\/wp-json\/wp\/v2\/tags?post=130740"}],"curies":[{"name":"wp","href":"https:\/\/api.w.org\/{rel}","templated":true}]}}