{"id":130742,"date":"2025-09-22T01:24:09","date_gmt":"2025-09-22T01:24:09","guid":{"rendered":"https:\/\/www.europesays.com\/es\/130742\/"},"modified":"2025-09-22T01:24:09","modified_gmt":"2025-09-22T01:24:09","slug":"el-torero-serafin-marin-en-estado-grave-tras-sufrir-una-cornada-de-30-centimetros-en-las-ventas","status":"publish","type":"post","link":"https:\/\/www.europesays.com\/es\/130742\/","title":{"rendered":"El torero Seraf\u00edn Mar\u00edn en estado grave tras sufrir una cornada de 30 cent\u00edmetros en Las Ventas"},"content":{"rendered":"<p>El torero <strong>Seraf\u00edn Mar\u00edn<\/strong> ha sufrido este domingo una <strong>grave cornada en Las Ventas<\/strong>, en un festejo que se vio ensombrecido por este percance. Mar\u00edn fue corneado en el primero de la tarde y tuvo que ser intervenido de urgencia en la enfermer\u00eda del coso madrile\u00f1o antes de ser trasladado al hospital.<\/p>\n<p>Seg\u00fan el parte m\u00e9dico, ha sufrido una cornada en el \u00abtercio medio-inferior de cara lateral estrena del muslo derecho, con una trayectoria ascendente de <strong>30 cent\u00edmetros<\/strong> que causa destrozos en fascia lata y vasto externo, adem\u00e1s de heridas inciso contusas en regi\u00f3n frontal izquierda y occipital, de pron\u00f3stico grave\u00bb.<\/p>\n<p>El diestro fue prendido por un <strong>toro de Monteviejo<\/strong> que le arremeti\u00f3 por el est\u00f3mago en el tercer lance de recibo, para volver luego a zarandearle violentamente, por lo que tuvo que entrar a la enfermer\u00eda, dejando as\u00ed la corrida en un mano a mano entre <strong>Luis Gerpe<\/strong> y el mexicano <strong>Juan Pablo S\u00e1nchez<\/strong>. Y tanto uno como otro solventaron la papeleta con sobrada dignidad, manej\u00e1ndose con buen oficio para superar la generalizada falta de raza y de opciones de sus enemigos en una tarde en la que, adem\u00e1s, las fuertes rachas de viento complicaron a\u00fan m\u00e1s los problemas planteados para su lidia.<\/p>\n<p>Lo mejor del encierro fue su presentaci\u00f3n, en tanto que, salvo el feo quinto, todos lucieron un arm\u00f3nico y serio trap\u00edo dentro del tipo de sus encastes: los legendarios de Pablo Romero, ahora Partido de Resina, y Vega-Villar, procedencia pura de los de Monteviejo. Pero el caso es que casi todo qued\u00f3 en fachada, aun contando con que los c\u00e1rdenos resultaron manejables y tuvieron como destacado al encastado cuarto, informa Efe.<\/p>\n<p>\u00c9se fue el de menos alzada y el de mayor cuajo de los pablorromeros, pero tambi\u00e9n el \u00fanico que se emple\u00f3 de verdad, humillando con vibraci\u00f3n tras los vuelos de una muleta que Luis Gerpe no pudo manejar con el necesario mando a causa de las fuertes rachas de viento que entorpecieron su faena.<br \/>Aun as\u00ed, el diestro toledano no volvi\u00f3 la cara e intent\u00f3 siempre ligarle las tandas de muletazos, aun a riesgo de verse desbordado en ocasiones -el toro se violentaba cuando no era sometido- por esa dificultad a\u00f1adida que hizo que finalmente todo quedara en una vuelta al ruedo para el matador y una ovaci\u00f3n en el arrastre para el de Partido de Resina.<\/p>\n<p>Con los otro de su lote, otro c\u00e1rdeno que se emple\u00f3 poco aunque result\u00f3 noble y manejable, Gerpe se confi\u00f3 a medida que comprob\u00f3 esa buena condici\u00f3n y logr\u00f3 instrumentarle algunos pases de templado trazo, esos que le resultaron imposibles con el de Monteviejo que le correspond\u00eda a Mar\u00edn, cuya falta de fuerza en los ri\u00f1ones le llev\u00f3 a quedarse muy corto, siempre por debajo del torero.<\/p>\n<p>Juan Pablo S\u00e1nchez tambi\u00e9n solvent\u00f3 el compromiso con un m\u00e1s que sobrado oficio ante los tres toros que tuvo que estoquear, lo mismo con el berrando que hiri\u00f3 al primer espada, al que machete\u00f3 pronto, que con el otro de los de Monteviejo, siempre frenado y reserv\u00f3n, ante el que se desenvolvi\u00f3 con suficiencia.<\/p>\n<p>Lo mejor del torero mexicano llegar\u00eda con el tercero, el astado de Partido de Resina que le correspondi\u00f3 en el sorteo, con el que se manej\u00f3 con la suficiente precisi\u00f3n y temple para, a pesar del molesto viento, sacarle, sin una imposible ligaz\u00f3n, naturales y derechazos m\u00e1s que estimables antes de apurarlo con firmeza y valor en la distancia corta, ya con el c\u00e1rdeno afligido y vac\u00edo.<\/p>\n","protected":false},"excerpt":{"rendered":"El torero Seraf\u00edn Mar\u00edn ha sufrido este domingo una grave cornada en Las Ventas, en un festejo que&hellip;\n","protected":false},"author":2,"featured_media":130743,"comment_status":"","ping_status":"","sticky":false,"template":"","format":"standard","meta":{"footnotes":""},"categories":[91],"tags":[146,147,25,24,23],"class_list":{"0":"post-130742","1":"post","2":"type-post","3":"status-publish","4":"format-standard","5":"has-post-thumbnail","7":"category-entretenimiento","8":"tag-entertainment","9":"tag-entretenimiento","10":"tag-es","11":"tag-espana","12":"tag-spain"},"share_on_mastodon":{"url":"","error":""},"_links":{"self":[{"href":"https:\/\/www.europesays.com\/es\/wp-json\/wp\/v2\/posts\/130742","targetHints":{"allow":["GET"]}}],"collection":[{"href":"https:\/\/www.europesays.com\/es\/wp-json\/wp\/v2\/posts"}],"about":[{"href":"https:\/\/www.europesays.com\/es\/wp-json\/wp\/v2\/types\/post"}],"author":[{"embeddable":true,"href":"https:\/\/www.europesays.com\/es\/wp-json\/wp\/v2\/users\/2"}],"replies":[{"embeddable":true,"href":"https:\/\/www.europesays.com\/es\/wp-json\/wp\/v2\/comments?post=130742"}],"version-history":[{"count":0,"href":"https:\/\/www.europesays.com\/es\/wp-json\/wp\/v2\/posts\/130742\/revisions"}],"wp:featuredmedia":[{"embeddable":true,"href":"https:\/\/www.europesays.com\/es\/wp-json\/wp\/v2\/media\/130743"}],"wp:attachment":[{"href":"https:\/\/www.europesays.com\/es\/wp-json\/wp\/v2\/media?parent=130742"}],"wp:term":[{"taxonomy":"category","embeddable":true,"href":"https:\/\/www.europesays.com\/es\/wp-json\/wp\/v2\/categories?post=130742"},{"taxonomy":"post_tag","embeddable":true,"href":"https:\/\/www.europesays.com\/es\/wp-json\/wp\/v2\/tags?post=130742"}],"curies":[{"name":"wp","href":"https:\/\/api.w.org\/{rel}","templated":true}]}}