{"id":130745,"date":"2025-09-22T01:27:08","date_gmt":"2025-09-22T01:27:08","guid":{"rendered":"https:\/\/www.europesays.com\/es\/130745\/"},"modified":"2025-09-22T01:27:08","modified_gmt":"2025-09-22T01:27:08","slug":"trump-asegura-que-defendera-a-polonia-y-paises-balticos-dw-21-09-2025","status":"publish","type":"post","link":"https:\/\/www.europesays.com\/es\/130745\/","title":{"rendered":"Trump asegura que defender\u00e1 a Polonia y pa\u00edses b\u00e1lticos \u2013 DW \u2013 21\/09\/2025"},"content":{"rendered":"<p>El presidente de Estados Unidos, <a class=\"internal-link\" href=\"https:\/\/www.dw.com\/es\/trump-donald\/t-19445010\" rel=\"nofollow noopener\" target=\"_blank\">Donald Trump<\/a>, prometi\u00f3 este domingo (21.09.2025) defender a Polonia y a los pa\u00edses b\u00e1lticos en caso de una escalada por parte de Rusia, tras la reciente <a class=\"internal-link\" href=\"https:\/\/www.dw.com\/es\/aviones-rusos-de-combate-violan-el-espacio-a\u00e9reo-de-estonia\/a-74069904\" rel=\"nofollow noopener\" target=\"_blank\">violaci\u00f3n de cazas rusos del espacio a\u00e9reo de Estonia<\/a>.<\/p>\n<p>Tres aviones de combate MiG-31 rusos entraron en el espacio a\u00e9reo estonio sobre el golfo de Finlandia y permanecieron all\u00ed durante unos 12 minutos, seg\u00fan alertaron el viernes Tallin y la <a class=\"internal-link\" href=\"https:\/\/www.dw.com\/es\/otan\/t-17409693\" rel=\"nofollow noopener\" target=\"_blank\">OTAN<\/a>. Algo que es negado por Mosc\u00fa, que asegura que el vuelo de sus aviones se hizo respetando las normas de soberan\u00eda.<\/p>\n<p>\u00abNo nos gusta eso\u00bb, declar\u00f3 Trump el domingo desde la Casa Blanca, frente a la pregunta de un periodista sobre si ayudar\u00eda a defender a estos pa\u00edses de la Uni\u00f3n Europea en caso de que Rusia aumente sus hostilidades, respondi\u00f3: \u00abS\u00ed, lo har\u00eda\u00bb.<\/p>\n<p>El Ministerio de Asuntos Exteriores de Estonia anunci\u00f3 por su parte que el Consejo de Seguridad de la ONU celebrar\u00e1 el lunes una reuni\u00f3n sobre este percance. No es la primera incursi\u00f3n de aparatos rusos en territorio de pa\u00edses de la <a class=\"internal-link\" href=\"https:\/\/www.dw.com\/es\/uni\u00f3n-europea\/t-17410587\" rel=\"nofollow noopener\" target=\"_blank\">UE<\/a>. En la noche del 9 al 10 de septiembre, aviones de la OTAN <a class=\"internal-link\" href=\"https:\/\/www.dw.com\/es\/polonia-dice-que-violaci\u00f3n-rusa-de-su-espacio-a\u00e9reo-es-agresi\u00f3n\/a-73944735\" rel=\"nofollow noopener\" target=\"_blank\">derribaron drones rusos sobre Polonia<\/a>. Trump asegur\u00f3 entonces que \u00abpudo haber sido un error\u00bb.<\/p>\n<p>(mn\/afp, dpa)<\/p>\n<p>\u00a0<\/p>\n","protected":false},"excerpt":{"rendered":"El presidente de Estados Unidos, Donald Trump, prometi\u00f3 este domingo (21.09.2025) defender a Polonia y a los pa\u00edses&hellip;\n","protected":false},"author":2,"featured_media":130746,"comment_status":"","ping_status":"","sticky":false,"template":"","format":"standard","meta":{"footnotes":""},"categories":[42],"tags":[17,18,13,14,11,61,62,63,64,19,20,9,10,15,16,12,21,22,65,66,67],"class_list":{"0":"post-130745","1":"post","2":"type-post","3":"status-publish","4":"format-standard","5":"has-post-thumbnail","7":"category-internacional","8":"tag-breaking-news","9":"tag-breakingnews","10":"tag-featured-news","11":"tag-featurednews","12":"tag-headlines","13":"tag-internacional","14":"tag-international","15":"tag-international-news","16":"tag-internationalnews","17":"tag-latest-news","18":"tag-latestnews","19":"tag-news","20":"tag-noticias","21":"tag-noticias-destacadas","22":"tag-noticiasdestacadas","23":"tag-titulares","24":"tag-ultimas-noticias","25":"tag-ultimasnoticias","26":"tag-world","27":"tag-world-news","28":"tag-worldnews"},"share_on_mastodon":{"url":"","error":""},"_links":{"self":[{"href":"https:\/\/www.europesays.com\/es\/wp-json\/wp\/v2\/posts\/130745","targetHints":{"allow":["GET"]}}],"collection":[{"href":"https:\/\/www.europesays.com\/es\/wp-json\/wp\/v2\/posts"}],"about":[{"href":"https:\/\/www.europesays.com\/es\/wp-json\/wp\/v2\/types\/post"}],"author":[{"embeddable":true,"href":"https:\/\/www.europesays.com\/es\/wp-json\/wp\/v2\/users\/2"}],"replies":[{"embeddable":true,"href":"https:\/\/www.europesays.com\/es\/wp-json\/wp\/v2\/comments?post=130745"}],"version-history":[{"count":0,"href":"https:\/\/www.europesays.com\/es\/wp-json\/wp\/v2\/posts\/130745\/revisions"}],"wp:featuredmedia":[{"embeddable":true,"href":"https:\/\/www.europesays.com\/es\/wp-json\/wp\/v2\/media\/130746"}],"wp:attachment":[{"href":"https:\/\/www.europesays.com\/es\/wp-json\/wp\/v2\/media?parent=130745"}],"wp:term":[{"taxonomy":"category","embeddable":true,"href":"https:\/\/www.europesays.com\/es\/wp-json\/wp\/v2\/categories?post=130745"},{"taxonomy":"post_tag","embeddable":true,"href":"https:\/\/www.europesays.com\/es\/wp-json\/wp\/v2\/tags?post=130745"}],"curies":[{"name":"wp","href":"https:\/\/api.w.org\/{rel}","templated":true}]}}