{"id":130747,"date":"2025-09-22T01:28:08","date_gmt":"2025-09-22T01:28:08","guid":{"rendered":"https:\/\/www.europesays.com\/es\/130747\/"},"modified":"2025-09-22T01:28:08","modified_gmt":"2025-09-22T01:28:08","slug":"el-atropello-de-un-tren-a-una-vaca-que-dio-a-luz-en-el-suceso-lleva-a-la-guardia-civil-a-encontrar-el-cadaver-de-un-hombre","status":"publish","type":"post","link":"https:\/\/www.europesays.com\/es\/130747\/","title":{"rendered":"El atropello de un tren a una vaca, que dio a luz en el suceso, lleva a la Guardia Civil a encontrar el cad\u00e1ver de un hombre"},"content":{"rendered":"<p class=\"c-paragraph\">El caso de un atropello ferroviario mortal a una vaca que propicia un nacimiento de un ternero es ya de por s\u00ed noticioso, pero la curiosidad se dispara cuando este suceso deriva en el <b>hallazgo de un cad\u00e1ver humano.<\/b><\/p>\n<p class=\"c-paragraph\">Es lo que ha ocurrido esta semana en <b>Gij\u00f3n<\/b>, donde una vaca fue arrollada por un convoy a las seis de la ma\u00f1ana del pasado mi\u00e9rcoles. El animal, que muri\u00f3 en el choque, estaba en avanzado estado de gestaci\u00f3n, y en el impacto, <b>sali\u00f3 disparado la ternera que esperaba.<\/b><\/p>\n<p class=\"c-paragraph\">Tal y como recoge el diario local <a href=\"https:\/\/www.elcomercio.es\/gijon\/guardia-civil-hallo-cadaver-hombre-acudir-atropello-tren-vaca-20250919181518-nt.html\" rel=\"nofollow noreferrer noopener\" title=\"La Guardia Civil hall\u00f3 el cad\u00e1ver de un hombre al acudir al atropello de tren a una vaca en Gij\u00f3n\" target=\"_blank\">El Comercio<\/a>, al lugar del suceso acudi\u00f3 la Guardia Civil y el dispositivo desplegado encontr\u00f3 junto al sitio del atropello <b>el cad\u00e1ver<\/b>, en avanzado estado de descomposici\u00f3n, de un hombre.<\/p>\n<p class=\"c-paragraph\">Seg\u00fan El Comercio, se cree que el cuerpo llevaba unos cuatro meses abandonado en ese lugar, en la aldea gijonesa de Fontaciera y se cree que <b>el hombre muri\u00f3 por causas naturales.\u00a0<\/b><\/p>\n<p class=\"c-paragraph\">Las primeras hip\u00f3tesis apuntan a que <b>se trataba de un sintecho <\/b>que se baj\u00f3 del tren en un apeadero cercano y busc\u00f3 refugio en una nave abandonada de las inmediaciones de donde se produjo el atropello de la vaca.<\/p>\n<p class=\"c-paragraph\">La parte amable de la noticia es la supervivencia de la ternera nacida tras el atropello. Su propietario, aludiendo a las extra\u00f1as circunstancias de su nacimiento,<b> ha decidido llamarla &#8216;Milagros&#8217;.<\/b><\/p>\n","protected":false},"excerpt":{"rendered":"El caso de un atropello ferroviario mortal a una vaca que propicia un nacimiento de un ternero es&hellip;\n","protected":false},"author":2,"featured_media":130748,"comment_status":"","ping_status":"","sticky":false,"template":"","format":"standard","meta":{"footnotes":""},"categories":[8],"tags":[20386,17,18,25,24,13,14,11,19,20,9,10,15,16,23,12,15865,21,22,16743,20877,39329],"class_list":{"0":"post-130747","1":"post","2":"type-post","3":"status-publish","4":"format-standard","5":"has-post-thumbnail","7":"category-espana","8":"tag-atropello","9":"tag-breaking-news","10":"tag-breakingnews","11":"tag-es","12":"tag-espana","13":"tag-featured-news","14":"tag-featurednews","15":"tag-headlines","16":"tag-latest-news","17":"tag-latestnews","18":"tag-news","19":"tag-noticias","20":"tag-noticias-destacadas","21":"tag-noticiasdestacadas","22":"tag-spain","23":"tag-titulares","24":"tag-tren","25":"tag-ultimas-noticias","26":"tag-ultimasnoticias","27":"tag-un","28":"tag-una","29":"tag-vaca"},"share_on_mastodon":{"url":"","error":""},"_links":{"self":[{"href":"https:\/\/www.europesays.com\/es\/wp-json\/wp\/v2\/posts\/130747","targetHints":{"allow":["GET"]}}],"collection":[{"href":"https:\/\/www.europesays.com\/es\/wp-json\/wp\/v2\/posts"}],"about":[{"href":"https:\/\/www.europesays.com\/es\/wp-json\/wp\/v2\/types\/post"}],"author":[{"embeddable":true,"href":"https:\/\/www.europesays.com\/es\/wp-json\/wp\/v2\/users\/2"}],"replies":[{"embeddable":true,"href":"https:\/\/www.europesays.com\/es\/wp-json\/wp\/v2\/comments?post=130747"}],"version-history":[{"count":0,"href":"https:\/\/www.europesays.com\/es\/wp-json\/wp\/v2\/posts\/130747\/revisions"}],"wp:featuredmedia":[{"embeddable":true,"href":"https:\/\/www.europesays.com\/es\/wp-json\/wp\/v2\/media\/130748"}],"wp:attachment":[{"href":"https:\/\/www.europesays.com\/es\/wp-json\/wp\/v2\/media?parent=130747"}],"wp:term":[{"taxonomy":"category","embeddable":true,"href":"https:\/\/www.europesays.com\/es\/wp-json\/wp\/v2\/categories?post=130747"},{"taxonomy":"post_tag","embeddable":true,"href":"https:\/\/www.europesays.com\/es\/wp-json\/wp\/v2\/tags?post=130747"}],"curies":[{"name":"wp","href":"https:\/\/api.w.org\/{rel}","templated":true}]}}