{"id":130749,"date":"2025-09-22T01:29:13","date_gmt":"2025-09-22T01:29:13","guid":{"rendered":"https:\/\/www.europesays.com\/es\/130749\/"},"modified":"2025-09-22T01:29:13","modified_gmt":"2025-09-22T01:29:13","slug":"el-elche-silva-por-europa","status":"publish","type":"post","link":"https:\/\/www.europesays.com\/es\/130749\/","title":{"rendered":"El Elche \u2018Silva\u2019 por Europa"},"content":{"rendered":"<p class=\"\">El cuento de hadas del <b>Elche <\/b>sigue vivo. Cada semana, <b>Sarabia <\/b>escribe un cap\u00edtulo nuevo a su hist\u00f3rico inicio en Primera. Nueva victoria, cinco jornadas invicto y en puestos europeos. <b>El Mart\u00ednez Valero<\/b> sue\u00f1a gracias a un grupo que trata la pelota como los \u00e1ngeles y tiene dos demonios arriba: <b>Andr\u00e9 Silva y Rafa Mir. <\/b>En esta ocasi\u00f3n, fue un gol del portugu\u00e9s en el que acab\u00f3 con el Oviedo. El equipo de <b>Paunovic<\/b>, tambi\u00e9n reci\u00e9n ascendido, no termina de encontrarse c\u00f3modo en la categor\u00eda. Frente al Elche, le falt\u00f3 <b>mordiente, veneno y punter\u00eda<\/b>, sobre todo en la segunda parte, donde tuvo las ocasiones m\u00e1s claras para, al menos, <b>lograr un punto.<\/b><\/p>\n<p><a href=\"https:\/\/as.com\/resultados\/ficha\/equipo\/elche\/121\/\" rel=\"nofollow noopener\" target=\"_blank\"><img decoding=\"async\" src=\"https:\/\/www.europesays.com\/es\/wp-content\/uploads\/2025\/09\/121.png\" alt=\"El Elche \u2018Silva\u2019 por Europa\" height=\"80\" width=\"80\"  loading=\"lazy\" data-error-image=\"https:\/\/static.as.com\/dist\/resources\/images\/placeholder-team.png\"\/><\/a><\/p>\n<p class=\"\">Sarabia volvi\u00f3 a darle un giro de tuerca a su dibujo. En esta ocasi\u00f3n, <b>vari\u00f3 los carrileros<\/b> y dej\u00f3 una defensa de tres, con \u00c1lvaro N\u00fa\u00f1ez de central diestro. <b>Josan y Germ\u00e1n Valera,<\/b> dos de las novedades en el once, tuvieron las bandas para ellos. El Oviedo apost\u00f3 por <b>Rond\u00f3n <\/b>para el ataque en esa b\u00fasqueda de Paunovic hacia el gol.<\/p>\n<p><a href=\"https:\/\/as.com\/resultados\/ficha\/equipo\/oviedo\/14\/\" rel=\"nofollow noopener\" target=\"_blank\"><img decoding=\"async\" src=\"https:\/\/www.europesays.com\/es\/wp-content\/uploads\/2025\/09\/14.png\" alt=\"El Elche \u2018Silva\u2019 por Europa\" height=\"80\" width=\"80\"  loading=\"lazy\" data-error-image=\"https:\/\/static.as.com\/dist\/resources\/images\/placeholder-team.png\"\/><\/a><\/p>\n<p class=\"\">El partido arranc\u00f3 con susto para el Elche.<b> A los 39 segundos,<\/b> una cesi\u00f3n atr\u00e1s de Rafa Mir dej\u00f3 a Rond\u00f3n casi en un mano a mano con I\u00f1aki Pe\u00f1a, otra de las grandes novedades en el once de Sarabia. El punta del Oviedo intent\u00f3 recortar al meta, pero su disparo se fue desviado. El aviso alert\u00f3 al Elche, que pronto empez\u00f3 a asociarse con el talento de <b>Febas, Mendoza y Neto.<\/b> <\/p>\n<p class=\"\">Antes del minuto diez, lleg\u00f3 el primer bofet\u00f3n del partido. Un centro de Valera fue repelido por <b>Escandell<\/b>, que dej\u00f3 el bal\u00f3n muerto en el \u00e1rea de peque\u00f1a. Y eso para un depredador como <b>Andr\u00e9 Silva es carnaza. <\/b>El portugu\u00e9s solo tuvo que empujarla para hacer el 1-0. El Elche control\u00f3 el choque, sin agobios, sin sufrimiento. <b>Affengruber y Bigas<\/b> se com\u00edan el ataque del Oviedo, que solo prob\u00f3 a Pe\u00f1a con un disparo de Hassan demasiado centrado. Hasta el filo del descanso, el Elche no volvi\u00f3 a rozar el gol. De nuevo, un centro envenenado de Valera, que nadie toc\u00f3, estuvo cerca de sorprender a Escandell, quien meti\u00f3 <b>una mano milagrosa<\/b> cuando el bal\u00f3n se colaba.<\/p>\n<p class=\"\">El Elche <b>pudo sentenciar<\/b> nada m\u00e1s arrancar la segunda parte. Rafa Mir se top\u00f3 con Escandell y con el larguero. El punta no pudo ampliar su racha goleadora y dej\u00f3 en tres sus tantos consecutivos. <b>Neto y Mir tuvieron el segundo,<\/b> pero el meta del Oviedo, el que m\u00e1s paradas hace de LaLiga, estuvo firme. Luego, lleg\u00f3 el remate del \u201810\u2032 del Elche al larguero. Justo ah\u00ed, se acab\u00f3 el peligro del cuadro franjiverde.<\/p>\n<p>Noticias relacionadas<a href=\"https:\/\/as.com\/futbol\/primera\/escandell-el-antidoto-de-mir-n\/\" class=\"s_m_w\" title=\"El portero del Oviedo, el que m\u00e1s paradas hace de las cinco grandes ligas en Europa, quiere frenar al delantero del Elche, enrachado como nunca. \" data-tb-link=\"\" rel=\"nofollow noopener\" target=\"_blank\"><img decoding=\"async\" src=\"https:\/\/www.europesays.com\/es\/wp-content\/uploads\/2025\/09\/NJ3GO57UMVMMXI7L7W3Y6TE7JI.jpg\" alt=\"Escandell, el ant\u00eddoto de Mir\" class=\"\" height=\"1\" width=\"1\"   loading=\"lazy\" data-tb-thumbnail=\"\"\/><\/a><a href=\"https:\/\/as.com\/futbol\/primera\/alineacion-posible-del-elche-ante-el-oviedo-en-laliga-ea-sports-n\/\" class=\"s_m_w\" title=\"Sarabia recupera a Aguado y a Germ\u00e1n Valera, pero pierde a \u00c1lvaro Rodr\u00edguez. Pedrosa es duda. \" data-tb-link=\"\" rel=\"nofollow noopener\" target=\"_blank\"><img decoding=\"async\" src=\"https:\/\/www.europesays.com\/es\/wp-content\/uploads\/2025\/09\/CYQP3B2765D5TK3JDKU3CZ5ZQE.jpg\" alt=\"Alineaci\u00f3n posible del Elche ante el Oviedo en LaLiga EA Sports\" class=\"\" height=\"1\" width=\"1\"   loading=\"lazy\" data-tb-thumbnail=\"\"\/><\/a><\/p>\n<p class=\"\">El <b>Oviedo<\/b>, con la entrada de <b>Cazorla, Ilyas y For\u00e9s, <\/b>se sinti\u00f3 algo m\u00e1s c\u00f3modo. En un bal\u00f3n a la espalda y ante la falta de entendimiento de <b>Affengruber <\/b>con Pe\u00f1a, Rond\u00f3n volvi\u00f3 a tirarla fuera en el intento de vaselina. Ilyas avis\u00f3 con otro disparo alto, mientras que For\u00e9s y otra vez Rond\u00f3n probaron al debutante Pe\u00f1a. El <b>Oviedo <\/b>hasta celebr\u00f3 un gol de For\u00e9s, pero fue anulado por <b>fuera de juego.<\/b> Tras pasar apuros, Sarabia mat\u00f3 el partido, apret\u00f3 los dientes y dej\u00f3 una nueva victoria en el Mart\u00ednez Valero, que se ve quinto y so\u00f1ando a lo grande. <\/p>\n<p class=\"\"><b>\u00a1Tus opiniones importan!<\/b> Comenta en los art\u00edculos y suscr\u00edbete gratis a nuestra <a href=\"https:\/\/asfan.as.com\/newsletters\/\" target=\"_blank\" rel=\"nofollow noopener\" title=\"https:\/\/asfan.as.com\/newsletters\/\">newsletter<\/a> y a las alertas informativas en la <a href=\"https:\/\/as.com\/aplicacion-de-as-n\/\" target=\"_blank\" rel=\"nofollow noopener\" title=\"https:\/\/as.com\/aplicacion-de-as-n\/\">App<\/a> o el canal de <a href=\"https:\/\/www.whatsapp.com\/channel\/0029VaAasdA7j6g745nz9M10\" target=\"_blank\" rel=\"nofollow noopener\" title=\"https:\/\/www.whatsapp.com\/channel\/0029VaAasdA7j6g745nz9M10\">WhatsApp<\/a>. \u00bfBuscas licenciar contenido? Haz clic <a href=\"https:\/\/profesional.elpais.com\/soluciones-sindicacion?utm_medium=interno&amp;utm_source=crosslinking&amp;utm_campaign=sindicacion_as_pie_articulos\" target=\"_blank\" rel=\"nofollow noopener\" title=\"https:\/\/profesional.elpais.com\/soluciones-sindicacion?utm_medium=interno&amp;utm_source=crosslinking&amp;utm_campaign=sindicacion_as_pie_articulos\">aqu\u00ed<\/a><\/p>\n<p class=\"stat-tl ev-fw-tl\"><strong>Cambios<\/strong><\/p>\n<p class=\"ev-text-aux\">\n                            <strong>Santi Cazorla<\/strong> (57&#8242;, Haissem Hassan),                             <strong>Ilyas Chaira<\/strong> (57&#8242;, Josip Brekalo),                             <strong>Lucas Ahijado<\/strong> (64&#8242;, Nacho Vidal),                             <strong>\u00c1lex For\u00e9s<\/strong> (70&#8242;, Luka Ilic),                             <strong>Alberto Reina<\/strong> (70&#8242;, Kwasi Sibo),                             <strong>Grady Diangana<\/strong> (71&#8242;, Martim Neto),                             <strong>L\u00e9o P\u00e9trot<\/strong> (71&#8242;, Germ\u00e1n Valera),                             <strong>H\u00e9ctor Fort<\/strong> (77&#8242;, Josan),                             <strong>Marc Aguado<\/strong> (86&#8242;, Rodrigo Mendoza),                             <strong>Bambo Diaby<\/strong> (86&#8242;, Rafa Mir)                        <\/p>\n<p class=\"stat-tl ev-fw-tl\"><strong>Goles<\/strong><\/p>\n<p class=\"ev-text-aux\">\n                                                                                                        1-0, 8&#8242;: <strong>Andr\u00e9 Silva<\/strong>                        <\/p>\n<p class=\"stat-tl ev-fw-tl\"><strong>Tarjetas<\/strong><\/p>\n<p class=\"ev-text-aux\">\n                Arbitro: Miguel Sesma Espinosa<br \/>Arbitro VAR: Carlos del Cerro Grande, Jorge Figueroa V\u00e1zquez<br \/><strong>Bigas<\/strong> (36&#8242;,Amarilla),                                     <strong>David Affengruber<\/strong> (37&#8242;,Amarilla),                                     <strong>Leander Dendoncker<\/strong> (58&#8242;,Amarilla),                                     <strong>Rond\u00f3n<\/strong> (65&#8242;,Amarilla)                            <\/p>\n","protected":false},"excerpt":{"rendered":"El cuento de hadas del Elche sigue vivo. Cada semana, Sarabia escribe un cap\u00edtulo nuevo a su hist\u00f3rico&hellip;\n","protected":false},"author":2,"featured_media":130750,"comment_status":"","ping_status":"","sticky":false,"template":"","format":"standard","meta":{"footnotes":""},"categories":[5],"tags":[17,18,25,24,13,14,11,19,20,9,10,15,16,23,12,21,22],"class_list":{"0":"post-130749","1":"post","2":"type-post","3":"status-publish","4":"format-standard","5":"has-post-thumbnail","7":"category-titulares","8":"tag-breaking-news","9":"tag-breakingnews","10":"tag-es","11":"tag-espana","12":"tag-featured-news","13":"tag-featurednews","14":"tag-headlines","15":"tag-latest-news","16":"tag-latestnews","17":"tag-news","18":"tag-noticias","19":"tag-noticias-destacadas","20":"tag-noticiasdestacadas","21":"tag-spain","22":"tag-titulares","23":"tag-ultimas-noticias","24":"tag-ultimasnoticias"},"share_on_mastodon":{"url":"","error":""},"_links":{"self":[{"href":"https:\/\/www.europesays.com\/es\/wp-json\/wp\/v2\/posts\/130749","targetHints":{"allow":["GET"]}}],"collection":[{"href":"https:\/\/www.europesays.com\/es\/wp-json\/wp\/v2\/posts"}],"about":[{"href":"https:\/\/www.europesays.com\/es\/wp-json\/wp\/v2\/types\/post"}],"author":[{"embeddable":true,"href":"https:\/\/www.europesays.com\/es\/wp-json\/wp\/v2\/users\/2"}],"replies":[{"embeddable":true,"href":"https:\/\/www.europesays.com\/es\/wp-json\/wp\/v2\/comments?post=130749"}],"version-history":[{"count":0,"href":"https:\/\/www.europesays.com\/es\/wp-json\/wp\/v2\/posts\/130749\/revisions"}],"wp:featuredmedia":[{"embeddable":true,"href":"https:\/\/www.europesays.com\/es\/wp-json\/wp\/v2\/media\/130750"}],"wp:attachment":[{"href":"https:\/\/www.europesays.com\/es\/wp-json\/wp\/v2\/media?parent=130749"}],"wp:term":[{"taxonomy":"category","embeddable":true,"href":"https:\/\/www.europesays.com\/es\/wp-json\/wp\/v2\/categories?post=130749"},{"taxonomy":"post_tag","embeddable":true,"href":"https:\/\/www.europesays.com\/es\/wp-json\/wp\/v2\/tags?post=130749"}],"curies":[{"name":"wp","href":"https:\/\/api.w.org\/{rel}","templated":true}]}}